{"id":119,"date":"2009-12-07T21:19:39","date_gmt":"2009-12-07T19:19:39","guid":{"rendered":"https:\/\/blog.biketravel.net\/?p=119"},"modified":"2009-12-07T21:33:31","modified_gmt":"2009-12-07T19:33:31","slug":"villarrica","status":"publish","type":"post","link":"https:\/\/blog.biketravel.net\/de\/santiago-to-ushuaia-by-bike\/villarrica\/","title":{"rendered":"Villarrica"},"content":{"rendered":"<p>Am n\u00e4chsten Morgen war ich noch so ersch\u00f6pft, dass ich gleich noch einen Tag l\u00e4nger blieb&#8230;<\/p>\n<p>Dann musste ich aber weiter. Obwohl in der Zwischenzeit der Vulkan Llaima erneute Aktivit\u00e4t zeigte, entschied ich mich Richtung Villarrica zu fahren. Dies, da Meulipeuco beim Vulkan Llaima eine Sackgasse ist und ich nicht wirlich in der Stimmung bin wieder zur\u00fcck zu fahren. Zudem k\u00e4me ich mit dem Velo eh nicht wirklich zur Aktivi\u00e4t hin ;-).<\/p>\n<p>Also machte ich mich auf dem Weg nach Villarica. Zuerst war das noch einfach zu fahren auf einer asphaltieren Strasse. Aber schon bald war es vorbei damit und ich fand mich wieder auf einer Schotterpiste mit unz\u00e4hligen Schlagl\u00f6cher. Zudem begann die Strasse wieder zu steigen und es wurde immer w\u00e4rmer.\u00a0 In kleinen Schritten k\u00e4mpfte ich mich die H\u00fcgel hinauf. Immer wieder unterbrochen bei kleinen Pausen auf der Strasse. Bei einer dieser Pausen wurde ich auf einmal von zwei (Wild-)Bienen angegriffen. Die eine stach mir in den Arm und die andere verfolgte mich sogar noch weiter, als ich bereits wieder auf dem Velo weiterfuhr. Sie zwang mich das Velo hinzuschmeissen und h\u00f6rte erst mit den Angriffen auf, als ich sie tot schlug. Dann war Ruhe.<\/p>\n<p>Ich k\u00e4mpfte weiter den H\u00fcgel hinauf und f\u00fcr mich v\u00f6llig \u00fcberraschend ging es auf einmal wieder hinunter. Ich dachte erst, dass ich mich verfahren habe. Aber als auf einmal der Vulkan Villarrica auftauchte wusste ich, dass ich doch auf dem richtigen Weg war. War ich froh! Denn langsam aber sicher ging mir das Wasser aus und ich hatte nur noch eine Flasche Flusswasser, das ich mit Micropur Forte (hoffentlich) entkeimt hatte. Ich kam dann auch nicht mehr darum herum von diesem Wasser zu trinken und bis jetzt haben sich noch keine Nebenwirkungen gezeigt ;-).<\/p>\n<p>Gut eine Stunde sp\u00e4ter erreichte ich dann mein Ziel Villarrica und der gleichnamige Vulkan zeigte sich dort in seiner vollen Pracht.<\/p>\n<p><img data-recalc-dims=\"1\" loading=\"lazy\" decoding=\"async\" data-attachment-id=\"120\" data-permalink=\"https:\/\/blog.biketravel.net\/de\/santiago-to-ushuaia-by-bike\/villarrica\/attachment\/villarrica\/\" data-orig-file=\"https:\/\/i0.wp.com\/blog.biketravel.net\/wp-content\/uploads\/2009\/12\/villarrica.jpg?fit=604%2C453&amp;ssl=1\" data-orig-size=\"604,453\" data-comments-opened=\"1\" data-image-meta=\"{&quot;aperture&quot;:&quot;0&quot;,&quot;credit&quot;:&quot;&quot;,&quot;camera&quot;:&quot;&quot;,&quot;caption&quot;:&quot;&quot;,&quot;created_timestamp&quot;:&quot;0&quot;,&quot;copyright&quot;:&quot;&quot;,&quot;focal_length&quot;:&quot;0&quot;,&quot;iso&quot;:&quot;0&quot;,&quot;shutter_speed&quot;:&quot;0&quot;,&quot;title&quot;:&quot;&quot;,&quot;orientation&quot;:&quot;0&quot;}\" data-image-title=\"Villarrica\" data-image-description=\"\" data-image-caption=\"\" data-large-file=\"https:\/\/i0.wp.com\/blog.biketravel.net\/wp-content\/uploads\/2009\/12\/villarrica.jpg?fit=604%2C453&amp;ssl=1\" class=\"aligncenter size-full wp-image-120\" title=\"Villarrica\" src=\"https:\/\/i0.wp.com\/blog.biketravel.net\/wp-content\/uploads\/2009\/12\/villarrica.jpg?resize=472%2C354&#038;ssl=1\" alt=\"Villarrica\" width=\"472\" height=\"354\" srcset=\"https:\/\/i0.wp.com\/blog.biketravel.net\/wp-content\/uploads\/2009\/12\/villarrica.jpg?w=604&amp;ssl=1 604w, https:\/\/i0.wp.com\/blog.biketravel.net\/wp-content\/uploads\/2009\/12\/villarrica.jpg?resize=300%2C225&amp;ssl=1 300w\" sizes=\"auto, (max-width: 472px) 100vw, 472px\" \/><br \/>\nUnd dieser Vulkan ist in den n\u00e4chsten Tagen mein Ziel bevor es weitergeht Richtung S\u00fcden. Wahrscheinlich noch einmal per Bus, da der Besitzer Beat von meiner Unterkunft &#8222;La Torre Suiza&#8220; versichert hat, dass sie damals von Punta Arenas bis hierher zwei Monate brauchten. Und ich will ja eigentlich noch etwas weiter bis Ushuaia&#8230;<\/p>\n<p>Viele Gr\u00fcsse aus Villarrica,<br \/>\nStefan<\/p>\n<p>PS: Ich habe nat\u00fcrlich noch viele andere Bilder aber die sind etwas schwieriger online zu stellen. Irgendwann kommen die noch. Dieses Bild hier stammt von meinem Telefon.<\/p>\n<p>PS: PS: Und wenn Ihr den Vulkan noch live sehen wollt: <a title=\"http:\/\/www.stromboli.org\/livecam_most_active.php\" href=\"http:\/\/www.stromboli.org\/livecam_most_active.php\" target=\"_blank\">http:\/\/www.stromboli.org\/livecam_most_active.php<\/a> und dann ganz nach unten bl\u00e4ttern.<\/p>","protected":false},"excerpt":{"rendered":"<p>Am n\u00e4chsten Morgen war ich noch so ersch\u00f6pft, dass ich gleich noch einen Tag l\u00e4nger blieb&#8230; Dann musste ich aber weiter. Obwohl in der Zwischenzeit der Vulkan Llaima erneute Aktivit\u00e4t zeigte, entschied ich mich Richtung Villarrica zu fahren. Dies, da Meulipeuco beim Vulkan Llaima eine Sackgasse ist und ich nicht wirlich in der Stimmung bin [&hellip;]<\/p>\n","protected":false},"author":1346,"featured_media":0,"comment_status":"open","ping_status":"open","sticky":false,"template":"","format":"standard","meta":{"jetpack_post_was_ever_published":false,"_jetpack_newsletter_access":"","_jetpack_dont_email_post_to_subs":false,"_jetpack_newsletter_tier_id":0,"_jetpack_memberships_contains_paywalled_content":false,"_jetpack_memberships_contains_paid_content":false,"footnotes":""},"categories":[6],"tags":[],"class_list":{"0":"post-119","1":"post","2":"type-post","3":"status-publish","4":"format-standard","6":"category-santiago-to-ushuaia-by-bike","7":"czr-hentry"},"yoast_head":"<!-- This site is optimized with the Yoast SEO plugin v27.5 - https:\/\/yoast.com\/product\/yoast-seo-wordpress\/ -->\n<title>Villarrica - biketravel.net<\/title>\n<meta name=\"robots\" content=\"index, follow, max-snippet:-1, max-image-preview:large, max-video-preview:-1\" \/>\n<link rel=\"canonical\" href=\"https:\/\/blog.biketravel.net\/en\/santiago-to-ushuaia-by-bike\/villarrica\/\" \/>\n<meta name=\"twitter:label1\" content=\"Verfasst von\" \/>\n\t<meta name=\"twitter:data1\" content=\"Stefan\" \/>\n\t<meta name=\"twitter:label2\" content=\"Gesch\u00e4tzte Lesezeit\" \/>\n\t<meta name=\"twitter:data2\" content=\"3\u00a0Minuten\" \/>\n<script type=\"application\/ld+json\" class=\"yoast-schema-graph\">{\"@context\":\"https:\\\/\\\/schema.org\",\"@graph\":[{\"@type\":\"Article\",\"@id\":\"https:\\\/\\\/blog.biketravel.net\\\/en\\\/santiago-to-ushuaia-by-bike\\\/villarrica\\\/#article\",\"isPartOf\":{\"@id\":\"https:\\\/\\\/blog.biketravel.net\\\/en\\\/santiago-to-ushuaia-by-bike\\\/villarrica\\\/\"},\"author\":{\"name\":\"Stefan\",\"@id\":\"https:\\\/\\\/blog.biketravel.net\\\/de\\\/#\\\/schema\\\/person\\\/04a500e1a95d1b28af82cbf6aadf1654\"},\"headline\":\"Villarrica\",\"datePublished\":\"2009-12-07T19:19:39+00:00\",\"dateModified\":\"2009-12-07T19:33:31+00:00\",\"mainEntityOfPage\":{\"@id\":\"https:\\\/\\\/blog.biketravel.net\\\/en\\\/santiago-to-ushuaia-by-bike\\\/villarrica\\\/\"},\"wordCount\":597,\"commentCount\":3,\"image\":{\"@id\":\"https:\\\/\\\/blog.biketravel.net\\\/en\\\/santiago-to-ushuaia-by-bike\\\/villarrica\\\/#primaryimage\"},\"thumbnailUrl\":\"https:\\\/\\\/blog.biketravel.net\\\/wp-content\\\/uploads\\\/2009\\\/12\\\/villarrica.jpg\",\"articleSection\":[\"Santiago-Ushuaia per Fahrrad\"],\"inLanguage\":\"de\",\"potentialAction\":[{\"@type\":\"CommentAction\",\"name\":\"Comment\",\"target\":[\"https:\\\/\\\/blog.biketravel.net\\\/en\\\/santiago-to-ushuaia-by-bike\\\/villarrica\\\/#respond\"]}]},{\"@type\":\"WebPage\",\"@id\":\"https:\\\/\\\/blog.biketravel.net\\\/en\\\/santiago-to-ushuaia-by-bike\\\/villarrica\\\/\",\"url\":\"https:\\\/\\\/blog.biketravel.net\\\/en\\\/santiago-to-ushuaia-by-bike\\\/villarrica\\\/\",\"name\":\"Villarrica - biketravel.net\",\"isPartOf\":{\"@id\":\"https:\\\/\\\/blog.biketravel.net\\\/de\\\/#website\"},\"primaryImageOfPage\":{\"@id\":\"https:\\\/\\\/blog.biketravel.net\\\/en\\\/santiago-to-ushuaia-by-bike\\\/villarrica\\\/#primaryimage\"},\"image\":{\"@id\":\"https:\\\/\\\/blog.biketravel.net\\\/en\\\/santiago-to-ushuaia-by-bike\\\/villarrica\\\/#primaryimage\"},\"thumbnailUrl\":\"https:\\\/\\\/blog.biketravel.net\\\/wp-content\\\/uploads\\\/2009\\\/12\\\/villarrica.jpg\",\"datePublished\":\"2009-12-07T19:19:39+00:00\",\"dateModified\":\"2009-12-07T19:33:31+00:00\",\"author\":{\"@id\":\"https:\\\/\\\/blog.biketravel.net\\\/de\\\/#\\\/schema\\\/person\\\/04a500e1a95d1b28af82cbf6aadf1654\"},\"breadcrumb\":{\"@id\":\"https:\\\/\\\/blog.biketravel.net\\\/en\\\/santiago-to-ushuaia-by-bike\\\/villarrica\\\/#breadcrumb\"},\"inLanguage\":\"de\",\"potentialAction\":[{\"@type\":\"ReadAction\",\"target\":[\"https:\\\/\\\/blog.biketravel.net\\\/en\\\/santiago-to-ushuaia-by-bike\\\/villarrica\\\/\"]}]},{\"@type\":\"ImageObject\",\"inLanguage\":\"de\",\"@id\":\"https:\\\/\\\/blog.biketravel.net\\\/en\\\/santiago-to-ushuaia-by-bike\\\/villarrica\\\/#primaryimage\",\"url\":\"https:\\\/\\\/blog.biketravel.net\\\/wp-content\\\/uploads\\\/2009\\\/12\\\/villarrica.jpg\",\"contentUrl\":\"https:\\\/\\\/blog.biketravel.net\\\/wp-content\\\/uploads\\\/2009\\\/12\\\/villarrica.jpg\"},{\"@type\":\"BreadcrumbList\",\"@id\":\"https:\\\/\\\/blog.biketravel.net\\\/en\\\/santiago-to-ushuaia-by-bike\\\/villarrica\\\/#breadcrumb\",\"itemListElement\":[{\"@type\":\"ListItem\",\"position\":1,\"name\":\"Home\",\"item\":\"https:\\\/\\\/blog.biketravel.net\\\/de\\\/\"},{\"@type\":\"ListItem\",\"position\":2,\"name\":\"Villarrica\"}]},{\"@type\":\"WebSite\",\"@id\":\"https:\\\/\\\/blog.biketravel.net\\\/de\\\/#website\",\"url\":\"https:\\\/\\\/blog.biketravel.net\\\/de\\\/\",\"name\":\"Cycle the world - biketravel.net\",\"description\":\"A road full of adventures...\",\"potentialAction\":[{\"@type\":\"SearchAction\",\"target\":{\"@type\":\"EntryPoint\",\"urlTemplate\":\"https:\\\/\\\/blog.biketravel.net\\\/de\\\/?s={search_term_string}\"},\"query-input\":{\"@type\":\"PropertyValueSpecification\",\"valueRequired\":true,\"valueName\":\"search_term_string\"}}],\"inLanguage\":\"de\"},{\"@type\":\"Person\",\"@id\":\"https:\\\/\\\/blog.biketravel.net\\\/de\\\/#\\\/schema\\\/person\\\/04a500e1a95d1b28af82cbf6aadf1654\",\"name\":\"Stefan\",\"image\":{\"@type\":\"ImageObject\",\"inLanguage\":\"de\",\"@id\":\"https:\\\/\\\/secure.gravatar.com\\\/avatar\\\/ff0febd8768ebeba062b9d94931931cf09fad09f19ddd71ddaad9b8bd2166262?s=96&d=wavatar&r=g\",\"url\":\"https:\\\/\\\/secure.gravatar.com\\\/avatar\\\/ff0febd8768ebeba062b9d94931931cf09fad09f19ddd71ddaad9b8bd2166262?s=96&d=wavatar&r=g\",\"contentUrl\":\"https:\\\/\\\/secure.gravatar.com\\\/avatar\\\/ff0febd8768ebeba062b9d94931931cf09fad09f19ddd71ddaad9b8bd2166262?s=96&d=wavatar&r=g\",\"caption\":\"Stefan\"},\"description\":\"I'm a telecommunication engineer by profession and like to discover the world by bike. I think, that it is the perfect speed to move but still be in touch with the world and the people which live there. And I'm very happy, that my wife Susanna is joining me now on those adventures. If you are interested in other journeys we did so far, please also check my website www.biketravel.net. Stefan, Switzerland\",\"sameAs\":[\"http:\\\/\\\/www.biketravel.net\",\"https:\\\/\\\/x.com\\\/biketravelnet\"],\"url\":\"https:\\\/\\\/blog.biketravel.net\\\/de\\\/author\\\/admin\\\/\"}]}<\/script>\n<!-- \/ Yoast SEO plugin. -->","yoast_head_json":{"title":"Villarrica - biketravel.net","robots":{"index":"index","follow":"follow","max-snippet":"max-snippet:-1","max-image-preview":"max-image-preview:large","max-video-preview":"max-video-preview:-1"},"canonical":"https:\/\/blog.biketravel.net\/en\/santiago-to-ushuaia-by-bike\/villarrica\/","twitter_misc":{"Verfasst von":"Stefan","Gesch\u00e4tzte Lesezeit":"3\u00a0Minuten"},"schema":{"@context":"https:\/\/schema.org","@graph":[{"@type":"Article","@id":"https:\/\/blog.biketravel.net\/en\/santiago-to-ushuaia-by-bike\/villarrica\/#article","isPartOf":{"@id":"https:\/\/blog.biketravel.net\/en\/santiago-to-ushuaia-by-bike\/villarrica\/"},"author":{"name":"Stefan","@id":"https:\/\/blog.biketravel.net\/de\/#\/schema\/person\/04a500e1a95d1b28af82cbf6aadf1654"},"headline":"Villarrica","datePublished":"2009-12-07T19:19:39+00:00","dateModified":"2009-12-07T19:33:31+00:00","mainEntityOfPage":{"@id":"https:\/\/blog.biketravel.net\/en\/santiago-to-ushuaia-by-bike\/villarrica\/"},"wordCount":597,"commentCount":3,"image":{"@id":"https:\/\/blog.biketravel.net\/en\/santiago-to-ushuaia-by-bike\/villarrica\/#primaryimage"},"thumbnailUrl":"https:\/\/blog.biketravel.net\/wp-content\/uploads\/2009\/12\/villarrica.jpg","articleSection":["Santiago-Ushuaia per Fahrrad"],"inLanguage":"de","potentialAction":[{"@type":"CommentAction","name":"Comment","target":["https:\/\/blog.biketravel.net\/en\/santiago-to-ushuaia-by-bike\/villarrica\/#respond"]}]},{"@type":"WebPage","@id":"https:\/\/blog.biketravel.net\/en\/santiago-to-ushuaia-by-bike\/villarrica\/","url":"https:\/\/blog.biketravel.net\/en\/santiago-to-ushuaia-by-bike\/villarrica\/","name":"Villarrica - biketravel.net","isPartOf":{"@id":"https:\/\/blog.biketravel.net\/de\/#website"},"primaryImageOfPage":{"@id":"https:\/\/blog.biketravel.net\/en\/santiago-to-ushuaia-by-bike\/villarrica\/#primaryimage"},"image":{"@id":"https:\/\/blog.biketravel.net\/en\/santiago-to-ushuaia-by-bike\/villarrica\/#primaryimage"},"thumbnailUrl":"https:\/\/blog.biketravel.net\/wp-content\/uploads\/2009\/12\/villarrica.jpg","datePublished":"2009-12-07T19:19:39+00:00","dateModified":"2009-12-07T19:33:31+00:00","author":{"@id":"https:\/\/blog.biketravel.net\/de\/#\/schema\/person\/04a500e1a95d1b28af82cbf6aadf1654"},"breadcrumb":{"@id":"https:\/\/blog.biketravel.net\/en\/santiago-to-ushuaia-by-bike\/villarrica\/#breadcrumb"},"inLanguage":"de","potentialAction":[{"@type":"ReadAction","target":["https:\/\/blog.biketravel.net\/en\/santiago-to-ushuaia-by-bike\/villarrica\/"]}]},{"@type":"ImageObject","inLanguage":"de","@id":"https:\/\/blog.biketravel.net\/en\/santiago-to-ushuaia-by-bike\/villarrica\/#primaryimage","url":"https:\/\/blog.biketravel.net\/wp-content\/uploads\/2009\/12\/villarrica.jpg","contentUrl":"https:\/\/blog.biketravel.net\/wp-content\/uploads\/2009\/12\/villarrica.jpg"},{"@type":"BreadcrumbList","@id":"https:\/\/blog.biketravel.net\/en\/santiago-to-ushuaia-by-bike\/villarrica\/#breadcrumb","itemListElement":[{"@type":"ListItem","position":1,"name":"Home","item":"https:\/\/blog.biketravel.net\/de\/"},{"@type":"ListItem","position":2,"name":"Villarrica"}]},{"@type":"WebSite","@id":"https:\/\/blog.biketravel.net\/de\/#website","url":"https:\/\/blog.biketravel.net\/de\/","name":"Cycle the world - biketravel.net","description":"A road full of adventures...","potentialAction":[{"@type":"SearchAction","target":{"@type":"EntryPoint","urlTemplate":"https:\/\/blog.biketravel.net\/de\/?s={search_term_string}"},"query-input":{"@type":"PropertyValueSpecification","valueRequired":true,"valueName":"search_term_string"}}],"inLanguage":"de"},{"@type":"Person","@id":"https:\/\/blog.biketravel.net\/de\/#\/schema\/person\/04a500e1a95d1b28af82cbf6aadf1654","name":"Stefan","image":{"@type":"ImageObject","inLanguage":"de","@id":"https:\/\/secure.gravatar.com\/avatar\/ff0febd8768ebeba062b9d94931931cf09fad09f19ddd71ddaad9b8bd2166262?s=96&d=wavatar&r=g","url":"https:\/\/secure.gravatar.com\/avatar\/ff0febd8768ebeba062b9d94931931cf09fad09f19ddd71ddaad9b8bd2166262?s=96&d=wavatar&r=g","contentUrl":"https:\/\/secure.gravatar.com\/avatar\/ff0febd8768ebeba062b9d94931931cf09fad09f19ddd71ddaad9b8bd2166262?s=96&d=wavatar&r=g","caption":"Stefan"},"description":"I'm a telecommunication engineer by profession and like to discover the world by bike. I think, that it is the perfect speed to move but still be in touch with the world and the people which live there. And I'm very happy, that my wife Susanna is joining me now on those adventures. If you are interested in other journeys we did so far, please also check my website www.biketravel.net. Stefan, Switzerland","sameAs":["http:\/\/www.biketravel.net","https:\/\/x.com\/biketravelnet"],"url":"https:\/\/blog.biketravel.net\/de\/author\/admin\/"}]}},"jetpack_featured_media_url":"","jetpack_shortlink":"https:\/\/wp.me\/pcO9X7-1V","jetpack_sharing_enabled":true,"_links":{"self":[{"href":"https:\/\/blog.biketravel.net\/de\/wp-json\/wp\/v2\/posts\/119","targetHints":{"allow":["GET"]}}],"collection":[{"href":"https:\/\/blog.biketravel.net\/de\/wp-json\/wp\/v2\/posts"}],"about":[{"href":"https:\/\/blog.biketravel.net\/de\/wp-json\/wp\/v2\/types\/post"}],"author":[{"embeddable":true,"href":"https:\/\/blog.biketravel.net\/de\/wp-json\/wp\/v2\/users\/1346"}],"replies":[{"embeddable":true,"href":"https:\/\/blog.biketravel.net\/de\/wp-json\/wp\/v2\/comments?post=119"}],"version-history":[{"count":0,"href":"https:\/\/blog.biketravel.net\/de\/wp-json\/wp\/v2\/posts\/119\/revisions"}],"wp:attachment":[{"href":"https:\/\/blog.biketravel.net\/de\/wp-json\/wp\/v2\/media?parent=119"}],"wp:term":[{"taxonomy":"category","embeddable":true,"href":"https:\/\/blog.biketravel.net\/de\/wp-json\/wp\/v2\/categories?post=119"},{"taxonomy":"post_tag","embeddable":true,"href":"https:\/\/blog.biketravel.net\/de\/wp-json\/wp\/v2\/tags?post=119"}],"curies":[{"name":"wp","href":"https:\/\/api.w.org\/{rel}","templated":true}]}}