{"id":140,"date":"2009-12-10T02:02:20","date_gmt":"2009-12-10T00:02:20","guid":{"rendered":"https:\/\/blog.biketravel.net\/?p=140"},"modified":"2011-12-29T14:32:36","modified_gmt":"2011-12-29T13:32:36","slug":"geschafft","status":"publish","type":"post","link":"https:\/\/blog.biketravel.net\/de\/santiago-to-ushuaia-by-bike\/geschafft\/","title":{"rendered":"Geschafft! :-)"},"content":{"rendered":"<p><img data-recalc-dims=\"1\" loading=\"lazy\" decoding=\"async\" data-attachment-id=\"133\" data-permalink=\"https:\/\/blog.biketravel.net\/de\/santiago-to-ushuaia-by-bike\/geschafft\/attachment\/09122009597\/\" data-orig-file=\"https:\/\/i0.wp.com\/blog.biketravel.net\/wp-content\/uploads\/2009\/12\/09122009597.jpg?fit=2592%2C1944&amp;ssl=1\" data-orig-size=\"2592,1944\" data-comments-opened=\"1\" data-image-meta=\"{&quot;aperture&quot;:&quot;2.8&quot;,&quot;credit&quot;:&quot;&quot;,&quot;camera&quot;:&quot;N95&quot;,&quot;caption&quot;:&quot;&quot;,&quot;created_timestamp&quot;:&quot;1260388280&quot;,&quot;copyright&quot;:&quot;&quot;,&quot;focal_length&quot;:&quot;5.6&quot;,&quot;iso&quot;:&quot;250&quot;,&quot;shutter_speed&quot;:&quot;0.029&quot;,&quot;title&quot;:&quot;&quot;,&quot;orientation&quot;:&quot;1&quot;}\" data-image-title=\"09122009597\" data-image-description=\"\" data-image-caption=\"\" data-large-file=\"https:\/\/i0.wp.com\/blog.biketravel.net\/wp-content\/uploads\/2009\/12\/09122009597.jpg?fit=1024%2C768&amp;ssl=1\" class=\"aligncenter size-large wp-image-133\" title=\"09122009597\" src=\"https:\/\/i0.wp.com\/blog.biketravel.net\/wp-content\/uploads\/2009\/12\/09122009597.jpg?resize=442%2C329&#038;ssl=1\" alt=\"09122009597\" width=\"442\" height=\"329\" \/><\/p>\n<p>Heute Mittwoch hat es nun doch noch geklappt und ich durfte den Vulkan Villarrica erklimmen :-).<\/p>\n<p>Um 6.20 Uhr wurde ich zusammen mit zwei Deutschen in Villarrica abgeholt und dann ging es nach Pucon wo wir komplett f\u00fcr die Tour eingekleidet wurden. Zusammen mit 6 anderen Teilnehmern und 3 (!) Guides ging es dann mit dem Kleinbus bis fast zur Schneegrenze auf gut 1&#8217;400 m.\u00fc.M.<\/p>\n<p>Der Berg war zu diesem Zeitpunkt ziemlich verhangen und einer der Guides meinte, dass das Wetter gut werden k\u00f6nne aber auch schlecht. Wir k\u00f6nnten sagen, ob wir trotzdem heute hoch wollen oder doch lieber morgen nochmals versuchen. Ausser zwei Israelis wollten (oder auch mussten) alle heute hoch. So zottelten wir dann los. Und dies in sehr gem\u00e4chlichen Tempo. Ich bin ja auch nicht unbedingt der schnellste aufw\u00e4rts aber im Verlaufe des morgens sah ich mich doch gen\u00f6tigt zu fragen, ob wir nicht etwas schneller gehen k\u00f6nnten&#8230; Dies war aber leider nicht m\u00f6glich, da in der Zwischenzeit sich zwei f\u00fcr&#8217;s Aufgeben entschieden hatten und wir nur noch einen Guide hatten (die anderen zwei Guides gingen mit den anderen runter). So gingen wir halt weiterhin sachte den Berg hinauf&#8230;<\/p>\n<p>Nach gut 5 Stunden oder auch etwas weniger erreichten wir den Gipfel auf 2&#8217;847m. Es blies ein starker Wind. Daf\u00fcr hatte sich das Wetter in der Zwischenzeit komplett ins positive gewandt und ein wunderbares Wolkenmeer pr\u00e4sentierte sich uns (ja, der Horizont ist etwas schr\u00e4g ;-):<\/p>\n<p><img data-recalc-dims=\"1\" loading=\"lazy\" decoding=\"async\" data-attachment-id=\"136\" data-permalink=\"https:\/\/blog.biketravel.net\/de\/santiago-to-ushuaia-by-bike\/geschafft\/attachment\/09122009591\/\" data-orig-file=\"https:\/\/i0.wp.com\/blog.biketravel.net\/wp-content\/uploads\/2009\/12\/09122009591.jpg?fit=2592%2C1944&amp;ssl=1\" data-orig-size=\"2592,1944\" data-comments-opened=\"1\" data-image-meta=\"{&quot;aperture&quot;:&quot;2.8&quot;,&quot;credit&quot;:&quot;&quot;,&quot;camera&quot;:&quot;N95&quot;,&quot;caption&quot;:&quot;&quot;,&quot;created_timestamp&quot;:&quot;1260368392&quot;,&quot;copyright&quot;:&quot;&quot;,&quot;focal_length&quot;:&quot;5.6&quot;,&quot;iso&quot;:&quot;100&quot;,&quot;shutter_speed&quot;:&quot;0.001&quot;,&quot;title&quot;:&quot;&quot;,&quot;orientation&quot;:&quot;1&quot;}\" data-image-title=\"09122009591\" data-image-description=\"\" data-image-caption=\"\" data-large-file=\"https:\/\/i0.wp.com\/blog.biketravel.net\/wp-content\/uploads\/2009\/12\/09122009591.jpg?fit=1024%2C768&amp;ssl=1\" class=\"aligncenter size-large wp-image-136\" title=\"09122009591\" src=\"https:\/\/i0.wp.com\/blog.biketravel.net\/wp-content\/uploads\/2009\/12\/09122009591.jpg?resize=460%2C343&#038;ssl=1\" alt=\"09122009591\" width=\"460\" height=\"343\" srcset=\"https:\/\/i0.wp.com\/blog.biketravel.net\/wp-content\/uploads\/2009\/12\/09122009591.jpg?resize=300%2C225&amp;ssl=1 300w, https:\/\/i0.wp.com\/blog.biketravel.net\/wp-content\/uploads\/2009\/12\/09122009591.jpg?zoom=2&amp;resize=460%2C343&amp;ssl=1 920w, https:\/\/i0.wp.com\/blog.biketravel.net\/wp-content\/uploads\/2009\/12\/09122009591.jpg?zoom=3&amp;resize=460%2C343&amp;ssl=1 1380w\" sizes=\"auto, (max-width: 460px) 100vw, 460px\" \/><\/p>\n<p>Daf\u00fcr war der Krater komplett verhangen:<\/p>\n<p><img data-recalc-dims=\"1\" loading=\"lazy\" decoding=\"async\" data-attachment-id=\"135\" data-permalink=\"https:\/\/blog.biketravel.net\/de\/santiago-to-ushuaia-by-bike\/geschafft\/attachment\/09122009588\/\" data-orig-file=\"https:\/\/i0.wp.com\/blog.biketravel.net\/wp-content\/uploads\/2009\/12\/09122009588.jpg?fit=2592%2C1944&amp;ssl=1\" data-orig-size=\"2592,1944\" data-comments-opened=\"1\" data-image-meta=\"{&quot;aperture&quot;:&quot;2.8&quot;,&quot;credit&quot;:&quot;&quot;,&quot;camera&quot;:&quot;N95&quot;,&quot;caption&quot;:&quot;&quot;,&quot;created_timestamp&quot;:&quot;1260367172&quot;,&quot;copyright&quot;:&quot;&quot;,&quot;focal_length&quot;:&quot;5.6&quot;,&quot;iso&quot;:&quot;100&quot;,&quot;shutter_speed&quot;:&quot;0.001&quot;,&quot;title&quot;:&quot;&quot;,&quot;orientation&quot;:&quot;1&quot;}\" data-image-title=\"09122009588\" data-image-description=\"\" data-image-caption=\"\" data-large-file=\"https:\/\/i0.wp.com\/blog.biketravel.net\/wp-content\/uploads\/2009\/12\/09122009588.jpg?fit=1024%2C768&amp;ssl=1\" class=\"aligncenter size-large wp-image-135\" title=\"09122009588\" src=\"https:\/\/i0.wp.com\/blog.biketravel.net\/wp-content\/uploads\/2009\/12\/09122009588.jpg?resize=460%2C344&#038;ssl=1\" alt=\"09122009588\" width=\"460\" height=\"344\" srcset=\"https:\/\/i0.wp.com\/blog.biketravel.net\/wp-content\/uploads\/2009\/12\/09122009588.jpg?resize=1024%2C768&amp;ssl=1 1024w, https:\/\/i0.wp.com\/blog.biketravel.net\/wp-content\/uploads\/2009\/12\/09122009588.jpg?resize=300%2C225&amp;ssl=1 300w, https:\/\/i0.wp.com\/blog.biketravel.net\/wp-content\/uploads\/2009\/12\/09122009588.jpg?resize=768%2C576&amp;ssl=1 768w, https:\/\/i0.wp.com\/blog.biketravel.net\/wp-content\/uploads\/2009\/12\/09122009588.jpg?w=2340&amp;ssl=1 2340w\" sizes=\"auto, (max-width: 460px) 100vw, 460px\" \/><\/p>\n<p>Nachher ging es auf dem Hintern hinunter:<\/p>\n<p><img data-recalc-dims=\"1\" loading=\"lazy\" decoding=\"async\" data-attachment-id=\"137\" data-permalink=\"https:\/\/blog.biketravel.net\/de\/santiago-to-ushuaia-by-bike\/geschafft\/attachment\/09122009592\/\" data-orig-file=\"https:\/\/i0.wp.com\/blog.biketravel.net\/wp-content\/uploads\/2009\/12\/09122009592.jpg?fit=2592%2C1944&amp;ssl=1\" data-orig-size=\"2592,1944\" data-comments-opened=\"1\" data-image-meta=\"{&quot;aperture&quot;:&quot;2.8&quot;,&quot;credit&quot;:&quot;&quot;,&quot;camera&quot;:&quot;N95&quot;,&quot;caption&quot;:&quot;&quot;,&quot;created_timestamp&quot;:&quot;1260368646&quot;,&quot;copyright&quot;:&quot;&quot;,&quot;focal_length&quot;:&quot;5.6&quot;,&quot;iso&quot;:&quot;100&quot;,&quot;shutter_speed&quot;:&quot;0.001&quot;,&quot;title&quot;:&quot;&quot;,&quot;orientation&quot;:&quot;1&quot;}\" data-image-title=\"09122009592\" data-image-description=\"\" data-image-caption=\"\" data-large-file=\"https:\/\/i0.wp.com\/blog.biketravel.net\/wp-content\/uploads\/2009\/12\/09122009592.jpg?fit=1024%2C768&amp;ssl=1\" class=\"aligncenter size-large wp-image-137\" title=\"09122009592\" src=\"https:\/\/i0.wp.com\/blog.biketravel.net\/wp-content\/uploads\/2009\/12\/09122009592.jpg?resize=460%2C344&#038;ssl=1\" alt=\"09122009592\" width=\"460\" height=\"344\" srcset=\"https:\/\/i0.wp.com\/blog.biketravel.net\/wp-content\/uploads\/2009\/12\/09122009592.jpg?resize=1024%2C768&amp;ssl=1 1024w, https:\/\/i0.wp.com\/blog.biketravel.net\/wp-content\/uploads\/2009\/12\/09122009592.jpg?resize=300%2C225&amp;ssl=1 300w, https:\/\/i0.wp.com\/blog.biketravel.net\/wp-content\/uploads\/2009\/12\/09122009592.jpg?resize=768%2C576&amp;ssl=1 768w, https:\/\/i0.wp.com\/blog.biketravel.net\/wp-content\/uploads\/2009\/12\/09122009592.jpg?w=2340&amp;ssl=1 2340w\" sizes=\"auto, (max-width: 460px) 100vw, 460px\" \/><\/p>\n<p><img data-recalc-dims=\"1\" loading=\"lazy\" decoding=\"async\" data-attachment-id=\"138\" data-permalink=\"https:\/\/blog.biketravel.net\/de\/santiago-to-ushuaia-by-bike\/geschafft\/attachment\/09122009593\/\" data-orig-file=\"https:\/\/i0.wp.com\/blog.biketravel.net\/wp-content\/uploads\/2009\/12\/09122009593.jpg?fit=2592%2C1944&amp;ssl=1\" data-orig-size=\"2592,1944\" data-comments-opened=\"1\" data-image-meta=\"{&quot;aperture&quot;:&quot;2.8&quot;,&quot;credit&quot;:&quot;&quot;,&quot;camera&quot;:&quot;N95&quot;,&quot;caption&quot;:&quot;&quot;,&quot;created_timestamp&quot;:&quot;1260368676&quot;,&quot;copyright&quot;:&quot;&quot;,&quot;focal_length&quot;:&quot;5.6&quot;,&quot;iso&quot;:&quot;100&quot;,&quot;shutter_speed&quot;:&quot;0.001&quot;,&quot;title&quot;:&quot;&quot;,&quot;orientation&quot;:&quot;1&quot;}\" data-image-title=\"09122009593\" data-image-description=\"\" data-image-caption=\"\" data-large-file=\"https:\/\/i0.wp.com\/blog.biketravel.net\/wp-content\/uploads\/2009\/12\/09122009593.jpg?fit=1024%2C768&amp;ssl=1\" class=\"aligncenter size-large wp-image-138\" title=\"09122009593\" src=\"https:\/\/i0.wp.com\/blog.biketravel.net\/wp-content\/uploads\/2009\/12\/09122009593.jpg?resize=459%2C345&#038;ssl=1\" alt=\"09122009593\" width=\"459\" height=\"345\" srcset=\"https:\/\/i0.wp.com\/blog.biketravel.net\/wp-content\/uploads\/2009\/12\/09122009593.jpg?resize=1024%2C768&amp;ssl=1 1024w, https:\/\/i0.wp.com\/blog.biketravel.net\/wp-content\/uploads\/2009\/12\/09122009593.jpg?resize=300%2C225&amp;ssl=1 300w, https:\/\/i0.wp.com\/blog.biketravel.net\/wp-content\/uploads\/2009\/12\/09122009593.jpg?resize=768%2C576&amp;ssl=1 768w, https:\/\/i0.wp.com\/blog.biketravel.net\/wp-content\/uploads\/2009\/12\/09122009593.jpg?w=2340&amp;ssl=1 2340w\" sizes=\"auto, (max-width: 459px) 100vw, 459px\" \/><\/p>\n<p>Das war nat\u00fcrlich ein Riesenspass :-). Auch wenn wir nachher komplett durchn\u00e4sst waren&#8230;<\/p>\n<p>Morgen geht es mit dem Bus nach Puerto Montt und dann wahrscheinlich weiter auf die Insel Chiloe mit der Stadt Ancud. Damit sollte das Velofahren richtig beginnen.<\/p>\n<p>Mein Aufenthalt in der Seeenregion fiel etwas k\u00fcrzer aus als gedacht, aber die Zeit dr\u00e4ngt halt ein wenig.<\/p>\n<p>Viele Gr\u00fcsse aus Villarrica,<br \/>\nStefan<\/p>","protected":false},"excerpt":{"rendered":"<p>Heute Mittwoch hat es nun doch noch geklappt und ich durfte den Vulkan Villarrica erklimmen :-). Um 6.20 Uhr wurde ich zusammen mit zwei Deutschen in Villarrica abgeholt und dann ging es nach Pucon wo wir komplett f\u00fcr die Tour eingekleidet wurden. Zusammen mit 6 anderen Teilnehmern und 3 (!) Guides ging es dann mit [&hellip;]<\/p>\n","protected":false},"author":1346,"featured_media":0,"comment_status":"open","ping_status":"open","sticky":false,"template":"","format":"standard","meta":{"jetpack_post_was_ever_published":false,"_jetpack_newsletter_access":"","_jetpack_dont_email_post_to_subs":false,"_jetpack_newsletter_tier_id":0,"_jetpack_memberships_contains_paywalled_content":false,"_jetpack_memberships_contains_paid_content":false,"footnotes":""},"categories":[6],"tags":[290],"class_list":{"0":"post-140","1":"post","2":"type-post","3":"status-publish","4":"format-standard","6":"category-santiago-to-ushuaia-by-bike","7":"tag-villarrica","8":"czr-hentry"},"yoast_head":"<!-- This site is optimized with the Yoast SEO plugin v27.5 - https:\/\/yoast.com\/product\/yoast-seo-wordpress\/ -->\n<title>Geschafft! :-) - biketravel.net<\/title>\n<meta name=\"robots\" content=\"index, follow, max-snippet:-1, max-image-preview:large, max-video-preview:-1\" \/>\n<link rel=\"canonical\" href=\"https:\/\/blog.biketravel.net\/de\/santiago-to-ushuaia-by-bike\/geschafft\/\" \/>\n<meta name=\"twitter:label1\" content=\"Verfasst von\" \/>\n\t<meta name=\"twitter:data1\" content=\"Stefan\" \/>\n\t<meta name=\"twitter:label2\" content=\"Gesch\u00e4tzte Lesezeit\" \/>\n\t<meta name=\"twitter:data2\" content=\"2\u00a0Minuten\" \/>\n<script type=\"application\/ld+json\" class=\"yoast-schema-graph\">{\"@context\":\"https:\\\/\\\/schema.org\",\"@graph\":[{\"@type\":\"Article\",\"@id\":\"https:\\\/\\\/blog.biketravel.net\\\/de\\\/santiago-to-ushuaia-by-bike\\\/geschafft\\\/#article\",\"isPartOf\":{\"@id\":\"https:\\\/\\\/blog.biketravel.net\\\/de\\\/santiago-to-ushuaia-by-bike\\\/geschafft\\\/\"},\"author\":{\"name\":\"Stefan\",\"@id\":\"https:\\\/\\\/blog.biketravel.net\\\/de\\\/#\\\/schema\\\/person\\\/04a500e1a95d1b28af82cbf6aadf1654\"},\"headline\":\"Geschafft! :-)\",\"datePublished\":\"2009-12-10T00:02:20+00:00\",\"dateModified\":\"2011-12-29T13:32:36+00:00\",\"mainEntityOfPage\":{\"@id\":\"https:\\\/\\\/blog.biketravel.net\\\/de\\\/santiago-to-ushuaia-by-bike\\\/geschafft\\\/\"},\"wordCount\":400,\"commentCount\":2,\"image\":{\"@id\":\"https:\\\/\\\/blog.biketravel.net\\\/de\\\/santiago-to-ushuaia-by-bike\\\/geschafft\\\/#primaryimage\"},\"thumbnailUrl\":\"https:\\\/\\\/blog.biketravel.net\\\/wp-content\\\/uploads\\\/2009\\\/12\\\/09122009597-1024x768.jpg\",\"keywords\":[\"villarrica\"],\"articleSection\":[\"Santiago-Ushuaia per Fahrrad\"],\"inLanguage\":\"de\",\"potentialAction\":[{\"@type\":\"CommentAction\",\"name\":\"Comment\",\"target\":[\"https:\\\/\\\/blog.biketravel.net\\\/de\\\/santiago-to-ushuaia-by-bike\\\/geschafft\\\/#respond\"]}]},{\"@type\":\"WebPage\",\"@id\":\"https:\\\/\\\/blog.biketravel.net\\\/de\\\/santiago-to-ushuaia-by-bike\\\/geschafft\\\/\",\"url\":\"https:\\\/\\\/blog.biketravel.net\\\/de\\\/santiago-to-ushuaia-by-bike\\\/geschafft\\\/\",\"name\":\"Geschafft! :-) - biketravel.net\",\"isPartOf\":{\"@id\":\"https:\\\/\\\/blog.biketravel.net\\\/de\\\/#website\"},\"primaryImageOfPage\":{\"@id\":\"https:\\\/\\\/blog.biketravel.net\\\/de\\\/santiago-to-ushuaia-by-bike\\\/geschafft\\\/#primaryimage\"},\"image\":{\"@id\":\"https:\\\/\\\/blog.biketravel.net\\\/de\\\/santiago-to-ushuaia-by-bike\\\/geschafft\\\/#primaryimage\"},\"thumbnailUrl\":\"https:\\\/\\\/blog.biketravel.net\\\/wp-content\\\/uploads\\\/2009\\\/12\\\/09122009597-1024x768.jpg\",\"datePublished\":\"2009-12-10T00:02:20+00:00\",\"dateModified\":\"2011-12-29T13:32:36+00:00\",\"author\":{\"@id\":\"https:\\\/\\\/blog.biketravel.net\\\/de\\\/#\\\/schema\\\/person\\\/04a500e1a95d1b28af82cbf6aadf1654\"},\"breadcrumb\":{\"@id\":\"https:\\\/\\\/blog.biketravel.net\\\/de\\\/santiago-to-ushuaia-by-bike\\\/geschafft\\\/#breadcrumb\"},\"inLanguage\":\"de\",\"potentialAction\":[{\"@type\":\"ReadAction\",\"target\":[\"https:\\\/\\\/blog.biketravel.net\\\/de\\\/santiago-to-ushuaia-by-bike\\\/geschafft\\\/\"]}]},{\"@type\":\"ImageObject\",\"inLanguage\":\"de\",\"@id\":\"https:\\\/\\\/blog.biketravel.net\\\/de\\\/santiago-to-ushuaia-by-bike\\\/geschafft\\\/#primaryimage\",\"url\":\"https:\\\/\\\/blog.biketravel.net\\\/wp-content\\\/uploads\\\/2009\\\/12\\\/09122009597-1024x768.jpg\",\"contentUrl\":\"https:\\\/\\\/blog.biketravel.net\\\/wp-content\\\/uploads\\\/2009\\\/12\\\/09122009597-1024x768.jpg\"},{\"@type\":\"BreadcrumbList\",\"@id\":\"https:\\\/\\\/blog.biketravel.net\\\/de\\\/santiago-to-ushuaia-by-bike\\\/geschafft\\\/#breadcrumb\",\"itemListElement\":[{\"@type\":\"ListItem\",\"position\":1,\"name\":\"Home\",\"item\":\"https:\\\/\\\/blog.biketravel.net\\\/de\\\/\"},{\"@type\":\"ListItem\",\"position\":2,\"name\":\"Geschafft! :-)\"}]},{\"@type\":\"WebSite\",\"@id\":\"https:\\\/\\\/blog.biketravel.net\\\/de\\\/#website\",\"url\":\"https:\\\/\\\/blog.biketravel.net\\\/de\\\/\",\"name\":\"Cycle the world - biketravel.net\",\"description\":\"A road full of adventures...\",\"potentialAction\":[{\"@type\":\"SearchAction\",\"target\":{\"@type\":\"EntryPoint\",\"urlTemplate\":\"https:\\\/\\\/blog.biketravel.net\\\/de\\\/?s={search_term_string}\"},\"query-input\":{\"@type\":\"PropertyValueSpecification\",\"valueRequired\":true,\"valueName\":\"search_term_string\"}}],\"inLanguage\":\"de\"},{\"@type\":\"Person\",\"@id\":\"https:\\\/\\\/blog.biketravel.net\\\/de\\\/#\\\/schema\\\/person\\\/04a500e1a95d1b28af82cbf6aadf1654\",\"name\":\"Stefan\",\"image\":{\"@type\":\"ImageObject\",\"inLanguage\":\"de\",\"@id\":\"https:\\\/\\\/secure.gravatar.com\\\/avatar\\\/ff0febd8768ebeba062b9d94931931cf09fad09f19ddd71ddaad9b8bd2166262?s=96&d=wavatar&r=g\",\"url\":\"https:\\\/\\\/secure.gravatar.com\\\/avatar\\\/ff0febd8768ebeba062b9d94931931cf09fad09f19ddd71ddaad9b8bd2166262?s=96&d=wavatar&r=g\",\"contentUrl\":\"https:\\\/\\\/secure.gravatar.com\\\/avatar\\\/ff0febd8768ebeba062b9d94931931cf09fad09f19ddd71ddaad9b8bd2166262?s=96&d=wavatar&r=g\",\"caption\":\"Stefan\"},\"description\":\"I'm a telecommunication engineer by profession and like to discover the world by bike. I think, that it is the perfect speed to move but still be in touch with the world and the people which live there. And I'm very happy, that my wife Susanna is joining me now on those adventures. If you are interested in other journeys we did so far, please also check my website www.biketravel.net. Stefan, Switzerland\",\"sameAs\":[\"http:\\\/\\\/www.biketravel.net\",\"https:\\\/\\\/x.com\\\/biketravelnet\"],\"url\":\"https:\\\/\\\/blog.biketravel.net\\\/de\\\/author\\\/admin\\\/\"}]}<\/script>\n<!-- \/ Yoast SEO plugin. -->","yoast_head_json":{"title":"Geschafft! :-) - biketravel.net","robots":{"index":"index","follow":"follow","max-snippet":"max-snippet:-1","max-image-preview":"max-image-preview:large","max-video-preview":"max-video-preview:-1"},"canonical":"https:\/\/blog.biketravel.net\/de\/santiago-to-ushuaia-by-bike\/geschafft\/","twitter_misc":{"Verfasst von":"Stefan","Gesch\u00e4tzte Lesezeit":"2\u00a0Minuten"},"schema":{"@context":"https:\/\/schema.org","@graph":[{"@type":"Article","@id":"https:\/\/blog.biketravel.net\/de\/santiago-to-ushuaia-by-bike\/geschafft\/#article","isPartOf":{"@id":"https:\/\/blog.biketravel.net\/de\/santiago-to-ushuaia-by-bike\/geschafft\/"},"author":{"name":"Stefan","@id":"https:\/\/blog.biketravel.net\/de\/#\/schema\/person\/04a500e1a95d1b28af82cbf6aadf1654"},"headline":"Geschafft! :-)","datePublished":"2009-12-10T00:02:20+00:00","dateModified":"2011-12-29T13:32:36+00:00","mainEntityOfPage":{"@id":"https:\/\/blog.biketravel.net\/de\/santiago-to-ushuaia-by-bike\/geschafft\/"},"wordCount":400,"commentCount":2,"image":{"@id":"https:\/\/blog.biketravel.net\/de\/santiago-to-ushuaia-by-bike\/geschafft\/#primaryimage"},"thumbnailUrl":"https:\/\/blog.biketravel.net\/wp-content\/uploads\/2009\/12\/09122009597-1024x768.jpg","keywords":["villarrica"],"articleSection":["Santiago-Ushuaia per Fahrrad"],"inLanguage":"de","potentialAction":[{"@type":"CommentAction","name":"Comment","target":["https:\/\/blog.biketravel.net\/de\/santiago-to-ushuaia-by-bike\/geschafft\/#respond"]}]},{"@type":"WebPage","@id":"https:\/\/blog.biketravel.net\/de\/santiago-to-ushuaia-by-bike\/geschafft\/","url":"https:\/\/blog.biketravel.net\/de\/santiago-to-ushuaia-by-bike\/geschafft\/","name":"Geschafft! :-) - biketravel.net","isPartOf":{"@id":"https:\/\/blog.biketravel.net\/de\/#website"},"primaryImageOfPage":{"@id":"https:\/\/blog.biketravel.net\/de\/santiago-to-ushuaia-by-bike\/geschafft\/#primaryimage"},"image":{"@id":"https:\/\/blog.biketravel.net\/de\/santiago-to-ushuaia-by-bike\/geschafft\/#primaryimage"},"thumbnailUrl":"https:\/\/blog.biketravel.net\/wp-content\/uploads\/2009\/12\/09122009597-1024x768.jpg","datePublished":"2009-12-10T00:02:20+00:00","dateModified":"2011-12-29T13:32:36+00:00","author":{"@id":"https:\/\/blog.biketravel.net\/de\/#\/schema\/person\/04a500e1a95d1b28af82cbf6aadf1654"},"breadcrumb":{"@id":"https:\/\/blog.biketravel.net\/de\/santiago-to-ushuaia-by-bike\/geschafft\/#breadcrumb"},"inLanguage":"de","potentialAction":[{"@type":"ReadAction","target":["https:\/\/blog.biketravel.net\/de\/santiago-to-ushuaia-by-bike\/geschafft\/"]}]},{"@type":"ImageObject","inLanguage":"de","@id":"https:\/\/blog.biketravel.net\/de\/santiago-to-ushuaia-by-bike\/geschafft\/#primaryimage","url":"https:\/\/blog.biketravel.net\/wp-content\/uploads\/2009\/12\/09122009597-1024x768.jpg","contentUrl":"https:\/\/blog.biketravel.net\/wp-content\/uploads\/2009\/12\/09122009597-1024x768.jpg"},{"@type":"BreadcrumbList","@id":"https:\/\/blog.biketravel.net\/de\/santiago-to-ushuaia-by-bike\/geschafft\/#breadcrumb","itemListElement":[{"@type":"ListItem","position":1,"name":"Home","item":"https:\/\/blog.biketravel.net\/de\/"},{"@type":"ListItem","position":2,"name":"Geschafft! :-)"}]},{"@type":"WebSite","@id":"https:\/\/blog.biketravel.net\/de\/#website","url":"https:\/\/blog.biketravel.net\/de\/","name":"Cycle the world - biketravel.net","description":"A road full of adventures...","potentialAction":[{"@type":"SearchAction","target":{"@type":"EntryPoint","urlTemplate":"https:\/\/blog.biketravel.net\/de\/?s={search_term_string}"},"query-input":{"@type":"PropertyValueSpecification","valueRequired":true,"valueName":"search_term_string"}}],"inLanguage":"de"},{"@type":"Person","@id":"https:\/\/blog.biketravel.net\/de\/#\/schema\/person\/04a500e1a95d1b28af82cbf6aadf1654","name":"Stefan","image":{"@type":"ImageObject","inLanguage":"de","@id":"https:\/\/secure.gravatar.com\/avatar\/ff0febd8768ebeba062b9d94931931cf09fad09f19ddd71ddaad9b8bd2166262?s=96&d=wavatar&r=g","url":"https:\/\/secure.gravatar.com\/avatar\/ff0febd8768ebeba062b9d94931931cf09fad09f19ddd71ddaad9b8bd2166262?s=96&d=wavatar&r=g","contentUrl":"https:\/\/secure.gravatar.com\/avatar\/ff0febd8768ebeba062b9d94931931cf09fad09f19ddd71ddaad9b8bd2166262?s=96&d=wavatar&r=g","caption":"Stefan"},"description":"I'm a telecommunication engineer by profession and like to discover the world by bike. I think, that it is the perfect speed to move but still be in touch with the world and the people which live there. And I'm very happy, that my wife Susanna is joining me now on those adventures. If you are interested in other journeys we did so far, please also check my website www.biketravel.net. Stefan, Switzerland","sameAs":["http:\/\/www.biketravel.net","https:\/\/x.com\/biketravelnet"],"url":"https:\/\/blog.biketravel.net\/de\/author\/admin\/"}]}},"jetpack_featured_media_url":"","jetpack_shortlink":"https:\/\/wp.me\/pcO9X7-2g","jetpack_sharing_enabled":true,"_links":{"self":[{"href":"https:\/\/blog.biketravel.net\/de\/wp-json\/wp\/v2\/posts\/140","targetHints":{"allow":["GET"]}}],"collection":[{"href":"https:\/\/blog.biketravel.net\/de\/wp-json\/wp\/v2\/posts"}],"about":[{"href":"https:\/\/blog.biketravel.net\/de\/wp-json\/wp\/v2\/types\/post"}],"author":[{"embeddable":true,"href":"https:\/\/blog.biketravel.net\/de\/wp-json\/wp\/v2\/users\/1346"}],"replies":[{"embeddable":true,"href":"https:\/\/blog.biketravel.net\/de\/wp-json\/wp\/v2\/comments?post=140"}],"version-history":[{"count":0,"href":"https:\/\/blog.biketravel.net\/de\/wp-json\/wp\/v2\/posts\/140\/revisions"}],"wp:attachment":[{"href":"https:\/\/blog.biketravel.net\/de\/wp-json\/wp\/v2\/media?parent=140"}],"wp:term":[{"taxonomy":"category","embeddable":true,"href":"https:\/\/blog.biketravel.net\/de\/wp-json\/wp\/v2\/categories?post=140"},{"taxonomy":"post_tag","embeddable":true,"href":"https:\/\/blog.biketravel.net\/de\/wp-json\/wp\/v2\/tags?post=140"}],"curies":[{"name":"wp","href":"https:\/\/api.w.org\/{rel}","templated":true}]}}