{"id":176,"date":"2009-12-19T00:25:50","date_gmt":"2009-12-18T22:25:50","guid":{"rendered":"https:\/\/blog.biketravel.net\/?p=176"},"modified":"2009-12-19T20:26:25","modified_gmt":"2009-12-19T18:26:25","slug":"magenprobleme","status":"publish","type":"post","link":"https:\/\/blog.biketravel.net\/de\/santiago-to-ushuaia-by-bike\/magenprobleme\/","title":{"rendered":"Magenprobleme"},"content":{"rendered":"<p>Eigentlich h\u00e4tte ich ja geplant heute Freitag Abend sp\u00e4t mit der F\u00e4hre von Quellon nach Chaiten zu fahren. Daraus wird aber im Moment leider nichts. Schwere Magenprobleme halten mich davon ab. Auch weil Chaiten seit einem Vulkanausbruch im Mai 2008 ein evakuierter Ort ist und ich keine Ahnung habe, wie die Infrastruktur dort aussieht. Und mit meinem angeschlagenen Verdauungstrakt ist nicht an Velo fahren zu denken. Deshalb bleibe ich wohl bis am Montag in Quellon, nehme dann den Bus nach Puerto Montt und von dort die F\u00e4hre nach Chaiten.<br \/>\nNatasha Young\u00a0schreibt in ihrem Blog, dass <a title=\"http:\/\/natashayoung.wordpress.com\/2009\/12\/18\/travel-blog-puerto-montt-worse-than-mansfield\/\" href=\"http:\/\/natashayoung.wordpress.com\/2009\/12\/18\/travel-blog-puerto-montt-worse-than-mansfield\/\" target=\"_blank\">Puerto Montt ein furchtbarer Ort sei<\/a>. Quellon ist keineswegs besser. Anscheinend hatten sie letztes Jahr eine Arbeitslosigkeitsrate von 70% mit all ihren Folgeerscheinungen. Hauptgrund daf\u00fcr scheint der Zusammenbruch der Lachsindustrie zu sein (mehr dazu sp\u00e4ter). Freiwillig w\u00fcrde ich also nicht hier bleiben.<br \/>\nViele Gr\u00fcsse aus Quellon,<br \/>\nStefan<br \/>\nPs: Ich muss aber zugeben, dass die Sicht auf den Hafen von Quellon und die schneebedeckten Vulkane dahinter ziemlich sch\u00f6n ist:<\/p>\n<p><a href=\"https:\/\/i0.wp.com\/blog.biketravel.net\/wp-content\/uploads\/2009\/12\/18122009641-001.jpg?ssl=1\"><img data-recalc-dims=\"1\" loading=\"lazy\" decoding=\"async\" data-attachment-id=\"181\" data-permalink=\"https:\/\/blog.biketravel.net\/de\/santiago-to-ushuaia-by-bike\/magenprobleme\/attachment\/18122009641-001\/\" data-orig-file=\"https:\/\/i0.wp.com\/blog.biketravel.net\/wp-content\/uploads\/2009\/12\/18122009641-001.jpg?fit=640%2C480&amp;ssl=1\" data-orig-size=\"640,480\" data-comments-opened=\"1\" data-image-meta=\"{&quot;aperture&quot;:&quot;2.8&quot;,&quot;credit&quot;:&quot;&quot;,&quot;camera&quot;:&quot;N95&quot;,&quot;caption&quot;:&quot;&quot;,&quot;created_timestamp&quot;:&quot;1261161377&quot;,&quot;copyright&quot;:&quot;&quot;,&quot;focal_length&quot;:&quot;5.6&quot;,&quot;iso&quot;:&quot;100&quot;,&quot;shutter_speed&quot;:&quot;0.001&quot;,&quot;title&quot;:&quot;&quot;,&quot;orientation&quot;:&quot;1&quot;}\" data-image-title=\"Quellon\" data-image-description=\"\" data-image-caption=\"\" data-large-file=\"https:\/\/i0.wp.com\/blog.biketravel.net\/wp-content\/uploads\/2009\/12\/18122009641-001.jpg?fit=640%2C480&amp;ssl=1\" src=\"https:\/\/i0.wp.com\/blog.biketravel.net\/wp-content\/uploads\/2009\/12\/18122009641-001.jpg?resize=300%2C225&#038;ssl=1\" alt=\"Quellon\" title=\"Quellon\" width=\"300\" height=\"225\" class=\"aligncenter size-medium wp-image-181\" srcset=\"https:\/\/i0.wp.com\/blog.biketravel.net\/wp-content\/uploads\/2009\/12\/18122009641-001.jpg?resize=300%2C225&amp;ssl=1 300w, https:\/\/i0.wp.com\/blog.biketravel.net\/wp-content\/uploads\/2009\/12\/18122009641-001.jpg?w=640&amp;ssl=1 640w\" sizes=\"auto, (max-width: 300px) 100vw, 300px\" \/><\/a><\/p>","protected":false},"excerpt":{"rendered":"<p>Eigentlich h\u00e4tte ich ja geplant heute Freitag Abend sp\u00e4t mit der F\u00e4hre von Quellon nach Chaiten zu fahren. Daraus wird aber im Moment leider nichts. Schwere Magenprobleme halten mich davon ab. Auch weil Chaiten seit einem Vulkanausbruch im Mai 2008 ein evakuierter Ort ist und ich keine Ahnung habe, wie die Infrastruktur dort aussieht. Und [&hellip;]<\/p>\n","protected":false},"author":1346,"featured_media":0,"comment_status":"open","ping_status":"open","sticky":false,"template":"","format":"standard","meta":{"jetpack_post_was_ever_published":false,"_jetpack_newsletter_access":"","_jetpack_dont_email_post_to_subs":false,"_jetpack_newsletter_tier_id":0,"_jetpack_memberships_contains_paywalled_content":false,"_jetpack_memberships_contains_paid_content":false,"footnotes":""},"categories":[6],"tags":[],"class_list":{"0":"post-176","1":"post","2":"type-post","3":"status-publish","4":"format-standard","6":"category-santiago-to-ushuaia-by-bike","7":"czr-hentry"},"yoast_head":"<!-- This site is optimized with the Yoast SEO plugin v27.5 - https:\/\/yoast.com\/product\/yoast-seo-wordpress\/ -->\n<title>Magenprobleme - biketravel.net<\/title>\n<meta name=\"robots\" content=\"index, follow, max-snippet:-1, max-image-preview:large, max-video-preview:-1\" \/>\n<link rel=\"canonical\" href=\"https:\/\/blog.biketravel.net\/en\/santiago-to-ushuaia-by-bike\/magenprobleme\/\" \/>\n<meta name=\"twitter:label1\" content=\"Verfasst von\" \/>\n\t<meta name=\"twitter:data1\" content=\"Stefan\" \/>\n\t<meta name=\"twitter:label2\" content=\"Gesch\u00e4tzte Lesezeit\" \/>\n\t<meta name=\"twitter:data2\" content=\"2\u00a0Minuten\" \/>\n<script type=\"application\/ld+json\" class=\"yoast-schema-graph\">{\"@context\":\"https:\\\/\\\/schema.org\",\"@graph\":[{\"@type\":\"Article\",\"@id\":\"https:\\\/\\\/blog.biketravel.net\\\/en\\\/santiago-to-ushuaia-by-bike\\\/magenprobleme\\\/#article\",\"isPartOf\":{\"@id\":\"https:\\\/\\\/blog.biketravel.net\\\/en\\\/santiago-to-ushuaia-by-bike\\\/magenprobleme\\\/\"},\"author\":{\"name\":\"Stefan\",\"@id\":\"https:\\\/\\\/blog.biketravel.net\\\/de\\\/#\\\/schema\\\/person\\\/04a500e1a95d1b28af82cbf6aadf1654\"},\"headline\":\"Magenprobleme\",\"datePublished\":\"2009-12-18T22:25:50+00:00\",\"dateModified\":\"2009-12-19T18:26:25+00:00\",\"mainEntityOfPage\":{\"@id\":\"https:\\\/\\\/blog.biketravel.net\\\/en\\\/santiago-to-ushuaia-by-bike\\\/magenprobleme\\\/\"},\"wordCount\":327,\"commentCount\":0,\"image\":{\"@id\":\"https:\\\/\\\/blog.biketravel.net\\\/en\\\/santiago-to-ushuaia-by-bike\\\/magenprobleme\\\/#primaryimage\"},\"thumbnailUrl\":\"https:\\\/\\\/blog.biketravel.net\\\/wp-content\\\/uploads\\\/2009\\\/12\\\/18122009641-001-300x225.jpg\",\"articleSection\":[\"Santiago-Ushuaia per Fahrrad\"],\"inLanguage\":\"de\",\"potentialAction\":[{\"@type\":\"CommentAction\",\"name\":\"Comment\",\"target\":[\"https:\\\/\\\/blog.biketravel.net\\\/en\\\/santiago-to-ushuaia-by-bike\\\/magenprobleme\\\/#respond\"]}]},{\"@type\":\"WebPage\",\"@id\":\"https:\\\/\\\/blog.biketravel.net\\\/en\\\/santiago-to-ushuaia-by-bike\\\/magenprobleme\\\/\",\"url\":\"https:\\\/\\\/blog.biketravel.net\\\/en\\\/santiago-to-ushuaia-by-bike\\\/magenprobleme\\\/\",\"name\":\"Magenprobleme - biketravel.net\",\"isPartOf\":{\"@id\":\"https:\\\/\\\/blog.biketravel.net\\\/de\\\/#website\"},\"primaryImageOfPage\":{\"@id\":\"https:\\\/\\\/blog.biketravel.net\\\/en\\\/santiago-to-ushuaia-by-bike\\\/magenprobleme\\\/#primaryimage\"},\"image\":{\"@id\":\"https:\\\/\\\/blog.biketravel.net\\\/en\\\/santiago-to-ushuaia-by-bike\\\/magenprobleme\\\/#primaryimage\"},\"thumbnailUrl\":\"https:\\\/\\\/blog.biketravel.net\\\/wp-content\\\/uploads\\\/2009\\\/12\\\/18122009641-001-300x225.jpg\",\"datePublished\":\"2009-12-18T22:25:50+00:00\",\"dateModified\":\"2009-12-19T18:26:25+00:00\",\"author\":{\"@id\":\"https:\\\/\\\/blog.biketravel.net\\\/de\\\/#\\\/schema\\\/person\\\/04a500e1a95d1b28af82cbf6aadf1654\"},\"breadcrumb\":{\"@id\":\"https:\\\/\\\/blog.biketravel.net\\\/en\\\/santiago-to-ushuaia-by-bike\\\/magenprobleme\\\/#breadcrumb\"},\"inLanguage\":\"de\",\"potentialAction\":[{\"@type\":\"ReadAction\",\"target\":[\"https:\\\/\\\/blog.biketravel.net\\\/en\\\/santiago-to-ushuaia-by-bike\\\/magenprobleme\\\/\"]}]},{\"@type\":\"ImageObject\",\"inLanguage\":\"de\",\"@id\":\"https:\\\/\\\/blog.biketravel.net\\\/en\\\/santiago-to-ushuaia-by-bike\\\/magenprobleme\\\/#primaryimage\",\"url\":\"https:\\\/\\\/blog.biketravel.net\\\/wp-content\\\/uploads\\\/2009\\\/12\\\/18122009641-001-300x225.jpg\",\"contentUrl\":\"https:\\\/\\\/blog.biketravel.net\\\/wp-content\\\/uploads\\\/2009\\\/12\\\/18122009641-001-300x225.jpg\"},{\"@type\":\"BreadcrumbList\",\"@id\":\"https:\\\/\\\/blog.biketravel.net\\\/en\\\/santiago-to-ushuaia-by-bike\\\/magenprobleme\\\/#breadcrumb\",\"itemListElement\":[{\"@type\":\"ListItem\",\"position\":1,\"name\":\"Home\",\"item\":\"https:\\\/\\\/blog.biketravel.net\\\/de\\\/\"},{\"@type\":\"ListItem\",\"position\":2,\"name\":\"Stomach issues\"}]},{\"@type\":\"WebSite\",\"@id\":\"https:\\\/\\\/blog.biketravel.net\\\/de\\\/#website\",\"url\":\"https:\\\/\\\/blog.biketravel.net\\\/de\\\/\",\"name\":\"Cycle the world - biketravel.net\",\"description\":\"A road full of adventures...\",\"potentialAction\":[{\"@type\":\"SearchAction\",\"target\":{\"@type\":\"EntryPoint\",\"urlTemplate\":\"https:\\\/\\\/blog.biketravel.net\\\/de\\\/?s={search_term_string}\"},\"query-input\":{\"@type\":\"PropertyValueSpecification\",\"valueRequired\":true,\"valueName\":\"search_term_string\"}}],\"inLanguage\":\"de\"},{\"@type\":\"Person\",\"@id\":\"https:\\\/\\\/blog.biketravel.net\\\/de\\\/#\\\/schema\\\/person\\\/04a500e1a95d1b28af82cbf6aadf1654\",\"name\":\"Stefan\",\"image\":{\"@type\":\"ImageObject\",\"inLanguage\":\"de\",\"@id\":\"https:\\\/\\\/secure.gravatar.com\\\/avatar\\\/ff0febd8768ebeba062b9d94931931cf09fad09f19ddd71ddaad9b8bd2166262?s=96&d=wavatar&r=g\",\"url\":\"https:\\\/\\\/secure.gravatar.com\\\/avatar\\\/ff0febd8768ebeba062b9d94931931cf09fad09f19ddd71ddaad9b8bd2166262?s=96&d=wavatar&r=g\",\"contentUrl\":\"https:\\\/\\\/secure.gravatar.com\\\/avatar\\\/ff0febd8768ebeba062b9d94931931cf09fad09f19ddd71ddaad9b8bd2166262?s=96&d=wavatar&r=g\",\"caption\":\"Stefan\"},\"description\":\"I'm a telecommunication engineer by profession and like to discover the world by bike. I think, that it is the perfect speed to move but still be in touch with the world and the people which live there. And I'm very happy, that my wife Susanna is joining me now on those adventures. If you are interested in other journeys we did so far, please also check my website www.biketravel.net. Stefan, Switzerland\",\"sameAs\":[\"http:\\\/\\\/www.biketravel.net\",\"https:\\\/\\\/x.com\\\/biketravelnet\"],\"url\":\"https:\\\/\\\/blog.biketravel.net\\\/de\\\/author\\\/admin\\\/\"}]}<\/script>\n<!-- \/ Yoast SEO plugin. -->","yoast_head_json":{"title":"Magenprobleme - biketravel.net","robots":{"index":"index","follow":"follow","max-snippet":"max-snippet:-1","max-image-preview":"max-image-preview:large","max-video-preview":"max-video-preview:-1"},"canonical":"https:\/\/blog.biketravel.net\/en\/santiago-to-ushuaia-by-bike\/magenprobleme\/","twitter_misc":{"Verfasst von":"Stefan","Gesch\u00e4tzte Lesezeit":"2\u00a0Minuten"},"schema":{"@context":"https:\/\/schema.org","@graph":[{"@type":"Article","@id":"https:\/\/blog.biketravel.net\/en\/santiago-to-ushuaia-by-bike\/magenprobleme\/#article","isPartOf":{"@id":"https:\/\/blog.biketravel.net\/en\/santiago-to-ushuaia-by-bike\/magenprobleme\/"},"author":{"name":"Stefan","@id":"https:\/\/blog.biketravel.net\/de\/#\/schema\/person\/04a500e1a95d1b28af82cbf6aadf1654"},"headline":"Magenprobleme","datePublished":"2009-12-18T22:25:50+00:00","dateModified":"2009-12-19T18:26:25+00:00","mainEntityOfPage":{"@id":"https:\/\/blog.biketravel.net\/en\/santiago-to-ushuaia-by-bike\/magenprobleme\/"},"wordCount":327,"commentCount":0,"image":{"@id":"https:\/\/blog.biketravel.net\/en\/santiago-to-ushuaia-by-bike\/magenprobleme\/#primaryimage"},"thumbnailUrl":"https:\/\/blog.biketravel.net\/wp-content\/uploads\/2009\/12\/18122009641-001-300x225.jpg","articleSection":["Santiago-Ushuaia per Fahrrad"],"inLanguage":"de","potentialAction":[{"@type":"CommentAction","name":"Comment","target":["https:\/\/blog.biketravel.net\/en\/santiago-to-ushuaia-by-bike\/magenprobleme\/#respond"]}]},{"@type":"WebPage","@id":"https:\/\/blog.biketravel.net\/en\/santiago-to-ushuaia-by-bike\/magenprobleme\/","url":"https:\/\/blog.biketravel.net\/en\/santiago-to-ushuaia-by-bike\/magenprobleme\/","name":"Magenprobleme - biketravel.net","isPartOf":{"@id":"https:\/\/blog.biketravel.net\/de\/#website"},"primaryImageOfPage":{"@id":"https:\/\/blog.biketravel.net\/en\/santiago-to-ushuaia-by-bike\/magenprobleme\/#primaryimage"},"image":{"@id":"https:\/\/blog.biketravel.net\/en\/santiago-to-ushuaia-by-bike\/magenprobleme\/#primaryimage"},"thumbnailUrl":"https:\/\/blog.biketravel.net\/wp-content\/uploads\/2009\/12\/18122009641-001-300x225.jpg","datePublished":"2009-12-18T22:25:50+00:00","dateModified":"2009-12-19T18:26:25+00:00","author":{"@id":"https:\/\/blog.biketravel.net\/de\/#\/schema\/person\/04a500e1a95d1b28af82cbf6aadf1654"},"breadcrumb":{"@id":"https:\/\/blog.biketravel.net\/en\/santiago-to-ushuaia-by-bike\/magenprobleme\/#breadcrumb"},"inLanguage":"de","potentialAction":[{"@type":"ReadAction","target":["https:\/\/blog.biketravel.net\/en\/santiago-to-ushuaia-by-bike\/magenprobleme\/"]}]},{"@type":"ImageObject","inLanguage":"de","@id":"https:\/\/blog.biketravel.net\/en\/santiago-to-ushuaia-by-bike\/magenprobleme\/#primaryimage","url":"https:\/\/blog.biketravel.net\/wp-content\/uploads\/2009\/12\/18122009641-001-300x225.jpg","contentUrl":"https:\/\/blog.biketravel.net\/wp-content\/uploads\/2009\/12\/18122009641-001-300x225.jpg"},{"@type":"BreadcrumbList","@id":"https:\/\/blog.biketravel.net\/en\/santiago-to-ushuaia-by-bike\/magenprobleme\/#breadcrumb","itemListElement":[{"@type":"ListItem","position":1,"name":"Home","item":"https:\/\/blog.biketravel.net\/de\/"},{"@type":"ListItem","position":2,"name":"Stomach issues"}]},{"@type":"WebSite","@id":"https:\/\/blog.biketravel.net\/de\/#website","url":"https:\/\/blog.biketravel.net\/de\/","name":"Cycle the world - biketravel.net","description":"A road full of adventures...","potentialAction":[{"@type":"SearchAction","target":{"@type":"EntryPoint","urlTemplate":"https:\/\/blog.biketravel.net\/de\/?s={search_term_string}"},"query-input":{"@type":"PropertyValueSpecification","valueRequired":true,"valueName":"search_term_string"}}],"inLanguage":"de"},{"@type":"Person","@id":"https:\/\/blog.biketravel.net\/de\/#\/schema\/person\/04a500e1a95d1b28af82cbf6aadf1654","name":"Stefan","image":{"@type":"ImageObject","inLanguage":"de","@id":"https:\/\/secure.gravatar.com\/avatar\/ff0febd8768ebeba062b9d94931931cf09fad09f19ddd71ddaad9b8bd2166262?s=96&d=wavatar&r=g","url":"https:\/\/secure.gravatar.com\/avatar\/ff0febd8768ebeba062b9d94931931cf09fad09f19ddd71ddaad9b8bd2166262?s=96&d=wavatar&r=g","contentUrl":"https:\/\/secure.gravatar.com\/avatar\/ff0febd8768ebeba062b9d94931931cf09fad09f19ddd71ddaad9b8bd2166262?s=96&d=wavatar&r=g","caption":"Stefan"},"description":"I'm a telecommunication engineer by profession and like to discover the world by bike. I think, that it is the perfect speed to move but still be in touch with the world and the people which live there. And I'm very happy, that my wife Susanna is joining me now on those adventures. If you are interested in other journeys we did so far, please also check my website www.biketravel.net. Stefan, Switzerland","sameAs":["http:\/\/www.biketravel.net","https:\/\/x.com\/biketravelnet"],"url":"https:\/\/blog.biketravel.net\/de\/author\/admin\/"}]}},"jetpack_featured_media_url":"","jetpack_shortlink":"https:\/\/wp.me\/pcO9X7-2Q","jetpack_sharing_enabled":true,"_links":{"self":[{"href":"https:\/\/blog.biketravel.net\/de\/wp-json\/wp\/v2\/posts\/176","targetHints":{"allow":["GET"]}}],"collection":[{"href":"https:\/\/blog.biketravel.net\/de\/wp-json\/wp\/v2\/posts"}],"about":[{"href":"https:\/\/blog.biketravel.net\/de\/wp-json\/wp\/v2\/types\/post"}],"author":[{"embeddable":true,"href":"https:\/\/blog.biketravel.net\/de\/wp-json\/wp\/v2\/users\/1346"}],"replies":[{"embeddable":true,"href":"https:\/\/blog.biketravel.net\/de\/wp-json\/wp\/v2\/comments?post=176"}],"version-history":[{"count":0,"href":"https:\/\/blog.biketravel.net\/de\/wp-json\/wp\/v2\/posts\/176\/revisions"}],"wp:attachment":[{"href":"https:\/\/blog.biketravel.net\/de\/wp-json\/wp\/v2\/media?parent=176"}],"wp:term":[{"taxonomy":"category","embeddable":true,"href":"https:\/\/blog.biketravel.net\/de\/wp-json\/wp\/v2\/categories?post=176"},{"taxonomy":"post_tag","embeddable":true,"href":"https:\/\/blog.biketravel.net\/de\/wp-json\/wp\/v2\/tags?post=176"}],"curies":[{"name":"wp","href":"https:\/\/api.w.org\/{rel}","templated":true}]}}