{"id":220,"date":"2009-12-22T02:50:16","date_gmt":"2009-12-22T00:50:16","guid":{"rendered":"https:\/\/blog.biketravel.net\/2009\/12\/22\/auf-dem-weg-nach-chaiten-4\/"},"modified":"2011-12-29T14:22:40","modified_gmt":"2011-12-29T13:22:40","slug":"auf-dem-weg-nach-chaiten-4","status":"publish","type":"post","link":"https:\/\/blog.biketravel.net\/de\/santiago-to-ushuaia-by-bike\/auf-dem-weg-nach-chaiten-4\/","title":{"rendered":"Auf dem Weg nach Chaiten"},"content":{"rendered":"<p>Nun hat es doch noch geklappt. Eigentlich wollte der Busticketverk\u00e4ufer in Quellon, dass ich am Morgen zum Bus k\u00e4me, dann den Chauffeur frage, ob er mein Velo mitnehmen wolle und erst danach das Ticket kaufe. Das war mir aber zu riskant und so habe ich halt bei einem anderen Verk\u00e4ufer die Karte gekauft und bin heute morgen stinkfrech vor dem Bus gestanden. Hat dann auch wunderbar geklappt und der Bus war auch voll. W\u00e4re wohl schwierig geworden&#8230; Schon gut, wenn man das System schon ein wenig kennt :-).<br \/>\nDamit war ich also raus aus Quellon und ich war echt froh. Hatte nicht geplant so lange hier zu sein. Gestern Abend wurde mir aber auch wieder mal klar, wie privilegiert ich bin. Nicht nur, dass ich darf und speziell kann \u00fcberhaupt diese Reise machen. Nein, auch dass ich einfach so sagen kann, dass ich Quellon wieder verlasse. Die Menschen hier m\u00fcssen sich irgendwie durchs Leben schlagen und k\u00f6nnen nicht noch w\u00e4hlen, was sie den so machen m\u00f6chten als Arbeit. Und nachdem ich mit meinen Magenproblemen selbst f\u00fcr zwei Tage etwas im Delirium war, kann ich mir durchaus vorstellen, dass Alkohol hilft die Perspektivenlosigkeit hier zu ertragen. Kaum war ich jedenfalls wieder etwas bei Sinnen wollte ich nur noch eines: weg hier.<br \/>\nDies hat dann ja mit dem Bus auch geklappt. Es war schon noch speziell die ganze Strecke, die ich mit dem Velo gefahren bin, nochmals mit dem Bus zu fahren. Einfach in umgekehrter Richtung. Aber auch mit dem Bus geht es ziemlich rauf und runter&#8230;<br \/>\nKaum in Puerto Montt angekommen st\u00fcrmte ich sofort ins B\u00fcro der Gesellschaft &#8222;Naviera Austral&#8220; um noch ein Ticket f\u00fcr die F\u00e4hre von heute Abend nach Chaiten zu ergattern, da die n\u00e4chste F\u00e4hre von Mittwoch online bereits als voll angezeigt wurde (Weihnachtszeit=Reisezeit in Chile). Dies klappte dann positiverweise problemlos. Knappe zwei Stunden sp\u00e4ter erfuhr ich dann aber von einem Deutschen Paar, dass die F\u00e4hre in der Zwischenzeit voll sei. Gl\u00fcck gehabt, w\u00fcrde ich da sagen :-).<\/p>\n<p>Viele Gr\u00fcsse vom Hafen in Puerto Montt,<br \/>\nStefan<\/p>\n<p>Ps: Ich habe diesen Text mit meinem Mobiltelefon geschrieben (mein Daumen l\u00e4sst gr\u00fcssen) und per Email online gestellt. Ich entschuldige mich f\u00fcr allf\u00e4llige Rechtschreibe- und Darstellungsfehler, die nat\u00fcrlich alle nur dadurch entstanden sind :-).<br \/>\nUnd im Falle, dass ich vor dem 24ten keinen Internetzugang mehr haben werde, w\u00fcnsche ich allen schon jetzt sch\u00f6ne und besinnliche Weihnachten!<\/p>","protected":false},"excerpt":{"rendered":"<p>Nun hat es doch noch geklappt. Eigentlich wollte der Busticketverk\u00e4ufer in Quellon, dass ich am Morgen zum Bus k\u00e4me, dann den Chauffeur frage, ob er mein Velo mitnehmen wolle und erst danach das Ticket kaufe. Das war mir aber zu riskant und so habe ich halt bei einem anderen Verk\u00e4ufer die Karte gekauft und bin [&hellip;]<\/p>\n","protected":false},"author":1346,"featured_media":0,"comment_status":"open","ping_status":"open","sticky":false,"template":"","format":"standard","meta":{"jetpack_post_was_ever_published":false,"_jetpack_newsletter_access":"","_jetpack_dont_email_post_to_subs":false,"_jetpack_newsletter_tier_id":0,"_jetpack_memberships_contains_paywalled_content":false,"_jetpack_memberships_contains_paid_content":false,"footnotes":""},"categories":[6],"tags":[331],"class_list":{"0":"post-220","1":"post","2":"type-post","3":"status-publish","4":"format-standard","6":"category-santiago-to-ushuaia-by-bike","7":"tag-ferry-chaiten","8":"czr-hentry"},"yoast_head":"<!-- This site is optimized with the Yoast SEO plugin v27.5 - https:\/\/yoast.com\/product\/yoast-seo-wordpress\/ -->\n<title>Auf dem Weg nach Chaiten - biketravel.net<\/title>\n<meta name=\"robots\" content=\"index, follow, max-snippet:-1, max-image-preview:large, max-video-preview:-1\" \/>\n<link rel=\"canonical\" href=\"https:\/\/blog.biketravel.net\/en\/santiago-to-ushuaia-by-bike\/auf-dem-weg-nach-chaiten-4\/\" \/>\n<meta name=\"twitter:label1\" content=\"Verfasst von\" \/>\n\t<meta name=\"twitter:data1\" content=\"Stefan\" \/>\n\t<meta name=\"twitter:label2\" content=\"Gesch\u00e4tzte Lesezeit\" \/>\n\t<meta name=\"twitter:data2\" content=\"2\u00a0Minuten\" \/>\n<script type=\"application\/ld+json\" class=\"yoast-schema-graph\">{\"@context\":\"https:\\\/\\\/schema.org\",\"@graph\":[{\"@type\":\"Article\",\"@id\":\"https:\\\/\\\/blog.biketravel.net\\\/en\\\/santiago-to-ushuaia-by-bike\\\/auf-dem-weg-nach-chaiten-4\\\/#article\",\"isPartOf\":{\"@id\":\"https:\\\/\\\/blog.biketravel.net\\\/en\\\/santiago-to-ushuaia-by-bike\\\/auf-dem-weg-nach-chaiten-4\\\/\"},\"author\":{\"name\":\"Stefan\",\"@id\":\"https:\\\/\\\/blog.biketravel.net\\\/de\\\/#\\\/schema\\\/person\\\/04a500e1a95d1b28af82cbf6aadf1654\"},\"headline\":\"Auf dem Weg nach Chaiten\",\"datePublished\":\"2009-12-22T00:50:16+00:00\",\"dateModified\":\"2011-12-29T13:22:40+00:00\",\"mainEntityOfPage\":{\"@id\":\"https:\\\/\\\/blog.biketravel.net\\\/en\\\/santiago-to-ushuaia-by-bike\\\/auf-dem-weg-nach-chaiten-4\\\/\"},\"wordCount\":427,\"commentCount\":4,\"keywords\":[\"ferry chaiten\"],\"articleSection\":[\"Santiago-Ushuaia per Fahrrad\"],\"inLanguage\":\"de\",\"potentialAction\":[{\"@type\":\"CommentAction\",\"name\":\"Comment\",\"target\":[\"https:\\\/\\\/blog.biketravel.net\\\/en\\\/santiago-to-ushuaia-by-bike\\\/auf-dem-weg-nach-chaiten-4\\\/#respond\"]}]},{\"@type\":\"WebPage\",\"@id\":\"https:\\\/\\\/blog.biketravel.net\\\/en\\\/santiago-to-ushuaia-by-bike\\\/auf-dem-weg-nach-chaiten-4\\\/\",\"url\":\"https:\\\/\\\/blog.biketravel.net\\\/en\\\/santiago-to-ushuaia-by-bike\\\/auf-dem-weg-nach-chaiten-4\\\/\",\"name\":\"Auf dem Weg nach Chaiten - biketravel.net\",\"isPartOf\":{\"@id\":\"https:\\\/\\\/blog.biketravel.net\\\/de\\\/#website\"},\"datePublished\":\"2009-12-22T00:50:16+00:00\",\"dateModified\":\"2011-12-29T13:22:40+00:00\",\"author\":{\"@id\":\"https:\\\/\\\/blog.biketravel.net\\\/de\\\/#\\\/schema\\\/person\\\/04a500e1a95d1b28af82cbf6aadf1654\"},\"breadcrumb\":{\"@id\":\"https:\\\/\\\/blog.biketravel.net\\\/en\\\/santiago-to-ushuaia-by-bike\\\/auf-dem-weg-nach-chaiten-4\\\/#breadcrumb\"},\"inLanguage\":\"de\",\"potentialAction\":[{\"@type\":\"ReadAction\",\"target\":[\"https:\\\/\\\/blog.biketravel.net\\\/en\\\/santiago-to-ushuaia-by-bike\\\/auf-dem-weg-nach-chaiten-4\\\/\"]}]},{\"@type\":\"BreadcrumbList\",\"@id\":\"https:\\\/\\\/blog.biketravel.net\\\/en\\\/santiago-to-ushuaia-by-bike\\\/auf-dem-weg-nach-chaiten-4\\\/#breadcrumb\",\"itemListElement\":[{\"@type\":\"ListItem\",\"position\":1,\"name\":\"Home\",\"item\":\"https:\\\/\\\/blog.biketravel.net\\\/de\\\/\"},{\"@type\":\"ListItem\",\"position\":2,\"name\":\"(Deutsch) Auf dem Weg nach Chaiten\"}]},{\"@type\":\"WebSite\",\"@id\":\"https:\\\/\\\/blog.biketravel.net\\\/de\\\/#website\",\"url\":\"https:\\\/\\\/blog.biketravel.net\\\/de\\\/\",\"name\":\"Cycle the world - biketravel.net\",\"description\":\"A road full of adventures...\",\"potentialAction\":[{\"@type\":\"SearchAction\",\"target\":{\"@type\":\"EntryPoint\",\"urlTemplate\":\"https:\\\/\\\/blog.biketravel.net\\\/de\\\/?s={search_term_string}\"},\"query-input\":{\"@type\":\"PropertyValueSpecification\",\"valueRequired\":true,\"valueName\":\"search_term_string\"}}],\"inLanguage\":\"de\"},{\"@type\":\"Person\",\"@id\":\"https:\\\/\\\/blog.biketravel.net\\\/de\\\/#\\\/schema\\\/person\\\/04a500e1a95d1b28af82cbf6aadf1654\",\"name\":\"Stefan\",\"image\":{\"@type\":\"ImageObject\",\"inLanguage\":\"de\",\"@id\":\"https:\\\/\\\/secure.gravatar.com\\\/avatar\\\/ff0febd8768ebeba062b9d94931931cf09fad09f19ddd71ddaad9b8bd2166262?s=96&d=wavatar&r=g\",\"url\":\"https:\\\/\\\/secure.gravatar.com\\\/avatar\\\/ff0febd8768ebeba062b9d94931931cf09fad09f19ddd71ddaad9b8bd2166262?s=96&d=wavatar&r=g\",\"contentUrl\":\"https:\\\/\\\/secure.gravatar.com\\\/avatar\\\/ff0febd8768ebeba062b9d94931931cf09fad09f19ddd71ddaad9b8bd2166262?s=96&d=wavatar&r=g\",\"caption\":\"Stefan\"},\"description\":\"I'm a telecommunication engineer by profession and like to discover the world by bike. I think, that it is the perfect speed to move but still be in touch with the world and the people which live there. And I'm very happy, that my wife Susanna is joining me now on those adventures. If you are interested in other journeys we did so far, please also check my website www.biketravel.net. Stefan, Switzerland\",\"sameAs\":[\"http:\\\/\\\/www.biketravel.net\",\"https:\\\/\\\/x.com\\\/biketravelnet\"],\"url\":\"https:\\\/\\\/blog.biketravel.net\\\/de\\\/author\\\/admin\\\/\"}]}<\/script>\n<!-- \/ Yoast SEO plugin. -->","yoast_head_json":{"title":"Auf dem Weg nach Chaiten - biketravel.net","robots":{"index":"index","follow":"follow","max-snippet":"max-snippet:-1","max-image-preview":"max-image-preview:large","max-video-preview":"max-video-preview:-1"},"canonical":"https:\/\/blog.biketravel.net\/en\/santiago-to-ushuaia-by-bike\/auf-dem-weg-nach-chaiten-4\/","twitter_misc":{"Verfasst von":"Stefan","Gesch\u00e4tzte Lesezeit":"2\u00a0Minuten"},"schema":{"@context":"https:\/\/schema.org","@graph":[{"@type":"Article","@id":"https:\/\/blog.biketravel.net\/en\/santiago-to-ushuaia-by-bike\/auf-dem-weg-nach-chaiten-4\/#article","isPartOf":{"@id":"https:\/\/blog.biketravel.net\/en\/santiago-to-ushuaia-by-bike\/auf-dem-weg-nach-chaiten-4\/"},"author":{"name":"Stefan","@id":"https:\/\/blog.biketravel.net\/de\/#\/schema\/person\/04a500e1a95d1b28af82cbf6aadf1654"},"headline":"Auf dem Weg nach Chaiten","datePublished":"2009-12-22T00:50:16+00:00","dateModified":"2011-12-29T13:22:40+00:00","mainEntityOfPage":{"@id":"https:\/\/blog.biketravel.net\/en\/santiago-to-ushuaia-by-bike\/auf-dem-weg-nach-chaiten-4\/"},"wordCount":427,"commentCount":4,"keywords":["ferry chaiten"],"articleSection":["Santiago-Ushuaia per Fahrrad"],"inLanguage":"de","potentialAction":[{"@type":"CommentAction","name":"Comment","target":["https:\/\/blog.biketravel.net\/en\/santiago-to-ushuaia-by-bike\/auf-dem-weg-nach-chaiten-4\/#respond"]}]},{"@type":"WebPage","@id":"https:\/\/blog.biketravel.net\/en\/santiago-to-ushuaia-by-bike\/auf-dem-weg-nach-chaiten-4\/","url":"https:\/\/blog.biketravel.net\/en\/santiago-to-ushuaia-by-bike\/auf-dem-weg-nach-chaiten-4\/","name":"Auf dem Weg nach Chaiten - biketravel.net","isPartOf":{"@id":"https:\/\/blog.biketravel.net\/de\/#website"},"datePublished":"2009-12-22T00:50:16+00:00","dateModified":"2011-12-29T13:22:40+00:00","author":{"@id":"https:\/\/blog.biketravel.net\/de\/#\/schema\/person\/04a500e1a95d1b28af82cbf6aadf1654"},"breadcrumb":{"@id":"https:\/\/blog.biketravel.net\/en\/santiago-to-ushuaia-by-bike\/auf-dem-weg-nach-chaiten-4\/#breadcrumb"},"inLanguage":"de","potentialAction":[{"@type":"ReadAction","target":["https:\/\/blog.biketravel.net\/en\/santiago-to-ushuaia-by-bike\/auf-dem-weg-nach-chaiten-4\/"]}]},{"@type":"BreadcrumbList","@id":"https:\/\/blog.biketravel.net\/en\/santiago-to-ushuaia-by-bike\/auf-dem-weg-nach-chaiten-4\/#breadcrumb","itemListElement":[{"@type":"ListItem","position":1,"name":"Home","item":"https:\/\/blog.biketravel.net\/de\/"},{"@type":"ListItem","position":2,"name":"(Deutsch) Auf dem Weg nach Chaiten"}]},{"@type":"WebSite","@id":"https:\/\/blog.biketravel.net\/de\/#website","url":"https:\/\/blog.biketravel.net\/de\/","name":"Cycle the world - biketravel.net","description":"A road full of adventures...","potentialAction":[{"@type":"SearchAction","target":{"@type":"EntryPoint","urlTemplate":"https:\/\/blog.biketravel.net\/de\/?s={search_term_string}"},"query-input":{"@type":"PropertyValueSpecification","valueRequired":true,"valueName":"search_term_string"}}],"inLanguage":"de"},{"@type":"Person","@id":"https:\/\/blog.biketravel.net\/de\/#\/schema\/person\/04a500e1a95d1b28af82cbf6aadf1654","name":"Stefan","image":{"@type":"ImageObject","inLanguage":"de","@id":"https:\/\/secure.gravatar.com\/avatar\/ff0febd8768ebeba062b9d94931931cf09fad09f19ddd71ddaad9b8bd2166262?s=96&d=wavatar&r=g","url":"https:\/\/secure.gravatar.com\/avatar\/ff0febd8768ebeba062b9d94931931cf09fad09f19ddd71ddaad9b8bd2166262?s=96&d=wavatar&r=g","contentUrl":"https:\/\/secure.gravatar.com\/avatar\/ff0febd8768ebeba062b9d94931931cf09fad09f19ddd71ddaad9b8bd2166262?s=96&d=wavatar&r=g","caption":"Stefan"},"description":"I'm a telecommunication engineer by profession and like to discover the world by bike. I think, that it is the perfect speed to move but still be in touch with the world and the people which live there. And I'm very happy, that my wife Susanna is joining me now on those adventures. If you are interested in other journeys we did so far, please also check my website www.biketravel.net. Stefan, Switzerland","sameAs":["http:\/\/www.biketravel.net","https:\/\/x.com\/biketravelnet"],"url":"https:\/\/blog.biketravel.net\/de\/author\/admin\/"}]}},"jetpack_featured_media_url":"","jetpack_shortlink":"https:\/\/wp.me\/pcO9X7-3y","jetpack_sharing_enabled":true,"_links":{"self":[{"href":"https:\/\/blog.biketravel.net\/de\/wp-json\/wp\/v2\/posts\/220","targetHints":{"allow":["GET"]}}],"collection":[{"href":"https:\/\/blog.biketravel.net\/de\/wp-json\/wp\/v2\/posts"}],"about":[{"href":"https:\/\/blog.biketravel.net\/de\/wp-json\/wp\/v2\/types\/post"}],"author":[{"embeddable":true,"href":"https:\/\/blog.biketravel.net\/de\/wp-json\/wp\/v2\/users\/1346"}],"replies":[{"embeddable":true,"href":"https:\/\/blog.biketravel.net\/de\/wp-json\/wp\/v2\/comments?post=220"}],"version-history":[{"count":0,"href":"https:\/\/blog.biketravel.net\/de\/wp-json\/wp\/v2\/posts\/220\/revisions"}],"wp:attachment":[{"href":"https:\/\/blog.biketravel.net\/de\/wp-json\/wp\/v2\/media?parent=220"}],"wp:term":[{"taxonomy":"category","embeddable":true,"href":"https:\/\/blog.biketravel.net\/de\/wp-json\/wp\/v2\/categories?post=220"},{"taxonomy":"post_tag","embeddable":true,"href":"https:\/\/blog.biketravel.net\/de\/wp-json\/wp\/v2\/tags?post=220"}],"curies":[{"name":"wp","href":"https:\/\/api.w.org\/{rel}","templated":true}]}}