{"id":313,"date":"2010-01-19T23:47:28","date_gmt":"2010-01-19T21:47:28","guid":{"rendered":"https:\/\/blog.biketravel.net\/?p=313&#038;lang=de"},"modified":"2011-12-29T13:36:52","modified_gmt":"2011-12-29T12:36:52","slug":"touristenprogramm-el-chaltenel-calafate","status":"publish","type":"post","link":"https:\/\/blog.biketravel.net\/de\/santiago-to-ushuaia-by-bike\/touristenprogramm-el-chaltenel-calafate\/","title":{"rendered":"Touristenprogramm: El Chalten\/El Calafate"},"content":{"rendered":"<p>Nach der Querung nach El Chalten spiele ich nun f\u00fcr ein paar Tage &#8222;Trekking&#8220;-Tourist. Aber ich muss sagen, es f\u00e4llt mir etwas schwer. Die Natur ist zwar auch hier sehr sch\u00f6n und eindr\u00fccklich. Es hat mir aber zuviele Touristen (ich weiss, ich bin auch einer davon). An der Carretera Austral hatte es in den Ortschaften meist nur ein paar wenige Touristen und Reservationen waren nicht n\u00f6tig. Hier z\u00e4hlt man die Touristen in hunderten wenn nicht sogar tausenden und ohne Reservation gibt es nur den Zeltplatz. Dies gilt jedenfalls f\u00fcr die g\u00fcnstigeren Angebote.<\/p>\n<p><strong>El Chalten<\/strong><br \/>\nNach der Ankunft am Samstag Abend sp\u00e4t verbrachte ich auch noch den Sonntag hier. Es reichte f\u00fcr eine Kurzwanderung, wobei ich per Zufall entdeckte, dass der Cerro Torre ebenfalls hier liegt. Bis jetzt haben immer alle nur vom Fitz Roy gesprochen und ich weiss nun gar nicht, ob ich beide gesehen habe oder nur einen davon. Aber das kann mir sicher jemand von Euch sagen sobald ich die Bilder online gestellt habe :-).<\/p>\n<p><strong>El Calafate<\/strong><br \/>\n<a href=\"https:\/\/i0.wp.com\/blog.biketravel.net\/wp-content\/uploads\/2010\/01\/19012010853.jpg?ssl=1\"><img data-recalc-dims=\"1\" loading=\"lazy\" decoding=\"async\" data-attachment-id=\"321\" data-permalink=\"https:\/\/blog.biketravel.net\/de\/santiago-to-ushuaia-by-bike\/touristenprogramm-el-chaltenel-calafate\/attachment\/19012010853\/\" data-orig-file=\"https:\/\/i0.wp.com\/blog.biketravel.net\/wp-content\/uploads\/2010\/01\/19012010853.jpg?fit=2592%2C1944&amp;ssl=1\" data-orig-size=\"2592,1944\" data-comments-opened=\"1\" data-image-meta=\"{&quot;aperture&quot;:&quot;2.8&quot;,&quot;credit&quot;:&quot;&quot;,&quot;camera&quot;:&quot;N95&quot;,&quot;caption&quot;:&quot;&quot;,&quot;created_timestamp&quot;:&quot;1263908731&quot;,&quot;copyright&quot;:&quot;&quot;,&quot;focal_length&quot;:&quot;5.6&quot;,&quot;iso&quot;:&quot;100&quot;,&quot;shutter_speed&quot;:&quot;0.001&quot;,&quot;title&quot;:&quot;&quot;,&quot;orientation&quot;:&quot;1&quot;}\" data-image-title=\"Perito Moreno\" data-image-description=\"\" data-image-caption=\"\" data-large-file=\"https:\/\/i0.wp.com\/blog.biketravel.net\/wp-content\/uploads\/2010\/01\/19012010853.jpg?fit=1024%2C768&amp;ssl=1\" class=\"alignleft size-medium wp-image-321\" title=\"Perito Moreno\" src=\"https:\/\/i0.wp.com\/blog.biketravel.net\/wp-content\/uploads\/2010\/01\/19012010853.jpg?resize=300%2C225&#038;ssl=1\" alt=\"\" width=\"300\" height=\"225\" srcset=\"https:\/\/i0.wp.com\/blog.biketravel.net\/wp-content\/uploads\/2010\/01\/19012010853.jpg?resize=300%2C225&amp;ssl=1 300w, https:\/\/i0.wp.com\/blog.biketravel.net\/wp-content\/uploads\/2010\/01\/19012010853.jpg?resize=768%2C576&amp;ssl=1 768w, https:\/\/i0.wp.com\/blog.biketravel.net\/wp-content\/uploads\/2010\/01\/19012010853.jpg?resize=1024%2C768&amp;ssl=1 1024w, https:\/\/i0.wp.com\/blog.biketravel.net\/wp-content\/uploads\/2010\/01\/19012010853.jpg?w=2340&amp;ssl=1 2340w\" sizes=\"auto, (max-width: 300px) 100vw, 300px\" \/><\/a>Am Sonntag ging es dann per Bus nach El Calafate. Ich w\u00e4re die Strecke auch gerne per Velo gefahren, aber mir fehlt leider die Zeit daf\u00fcr. Man kann nicht alles haben :-(.<br \/>\nBei El Calafate ist der bekannte Gletscher Perito Moreno zu finden. Dieser stand heute Dienstag auf meinem Programm. Und ich muss sagen: sehr lohnenswert! Zwar hatte es auch hier sehr viele Leute und das Wetter spielte nur bedingt mit. Aber es war sehr eindr\u00fccklich den kalbenden Gletscher zu beobachten und dem Knirschen und Krachen zuzuh\u00f6ren.<\/p>\n<p>Am Mittwoch geht es weiter Richtung Torres del Paine. Und zwar mit dem Velo, da der Bus keine Velos mitnimmt. Und dies obwohl es gestern noch anderst get\u00f6nt hat&#8230; Aber ein bisschen velo fahren tut mir auch gut :-).<\/p>\n<p>Viele Gr\u00fcsse aus El Calafate,<br \/>\nStefan<\/p>","protected":false},"excerpt":{"rendered":"<p>Nach der Querung nach El Chalten spiele ich nun f\u00fcr ein paar Tage &#8222;Trekking&#8220;-Tourist. Aber ich muss sagen, es f\u00e4llt mir etwas schwer. Die Natur ist zwar auch hier sehr sch\u00f6n und eindr\u00fccklich. Es hat mir aber zuviele Touristen (ich weiss, ich bin auch einer davon). An der Carretera Austral hatte es in den Ortschaften [&hellip;]<\/p>\n","protected":false},"author":1346,"featured_media":0,"comment_status":"open","ping_status":"open","sticky":false,"template":"","format":"standard","meta":{"jetpack_post_was_ever_published":false,"_jetpack_newsletter_access":"","_jetpack_dont_email_post_to_subs":false,"_jetpack_newsletter_tier_id":0,"_jetpack_memberships_contains_paywalled_content":false,"_jetpack_memberships_contains_paid_content":false,"footnotes":""},"categories":[6],"tags":[312,313],"class_list":{"0":"post-313","1":"post","2":"type-post","3":"status-publish","4":"format-standard","6":"category-santiago-to-ushuaia-by-bike","7":"tag-el-chalten","8":"tag-perito-moreno","9":"czr-hentry"},"yoast_head":"<!-- This site is optimized with the Yoast SEO plugin v27.5 - https:\/\/yoast.com\/product\/yoast-seo-wordpress\/ -->\n<title>Touristenprogramm: El Chalten\/El Calafate - biketravel.net<\/title>\n<meta name=\"robots\" content=\"index, follow, max-snippet:-1, max-image-preview:large, max-video-preview:-1\" \/>\n<link rel=\"canonical\" href=\"https:\/\/blog.biketravel.net\/en\/santiago-to-ushuaia-by-bike\/touristenprogramm-el-chaltenel-calafate\/\" \/>\n<meta name=\"twitter:label1\" content=\"Verfasst von\" \/>\n\t<meta name=\"twitter:data1\" content=\"Stefan\" \/>\n\t<meta name=\"twitter:label2\" content=\"Gesch\u00e4tzte Lesezeit\" \/>\n\t<meta name=\"twitter:data2\" content=\"3\u00a0Minuten\" \/>\n<script type=\"application\/ld+json\" class=\"yoast-schema-graph\">{\"@context\":\"https:\\\/\\\/schema.org\",\"@graph\":[{\"@type\":\"Article\",\"@id\":\"https:\\\/\\\/blog.biketravel.net\\\/en\\\/santiago-to-ushuaia-by-bike\\\/touristenprogramm-el-chaltenel-calafate\\\/#article\",\"isPartOf\":{\"@id\":\"https:\\\/\\\/blog.biketravel.net\\\/en\\\/santiago-to-ushuaia-by-bike\\\/touristenprogramm-el-chaltenel-calafate\\\/\"},\"author\":{\"name\":\"Stefan\",\"@id\":\"https:\\\/\\\/blog.biketravel.net\\\/de\\\/#\\\/schema\\\/person\\\/04a500e1a95d1b28af82cbf6aadf1654\"},\"headline\":\"Touristenprogramm: El Chalten\\\/El Calafate\",\"datePublished\":\"2010-01-19T21:47:28+00:00\",\"dateModified\":\"2011-12-29T12:36:52+00:00\",\"mainEntityOfPage\":{\"@id\":\"https:\\\/\\\/blog.biketravel.net\\\/en\\\/santiago-to-ushuaia-by-bike\\\/touristenprogramm-el-chaltenel-calafate\\\/\"},\"wordCount\":666,\"commentCount\":0,\"image\":{\"@id\":\"https:\\\/\\\/blog.biketravel.net\\\/en\\\/santiago-to-ushuaia-by-bike\\\/touristenprogramm-el-chaltenel-calafate\\\/#primaryimage\"},\"thumbnailUrl\":\"https:\\\/\\\/blog.biketravel.net\\\/wp-content\\\/uploads\\\/2010\\\/01\\\/19012010853-300x225.jpg\",\"keywords\":[\"el chalten\",\"perito moreno\"],\"articleSection\":[\"Santiago-Ushuaia per Fahrrad\"],\"inLanguage\":\"de\",\"potentialAction\":[{\"@type\":\"CommentAction\",\"name\":\"Comment\",\"target\":[\"https:\\\/\\\/blog.biketravel.net\\\/en\\\/santiago-to-ushuaia-by-bike\\\/touristenprogramm-el-chaltenel-calafate\\\/#respond\"]}]},{\"@type\":\"WebPage\",\"@id\":\"https:\\\/\\\/blog.biketravel.net\\\/en\\\/santiago-to-ushuaia-by-bike\\\/touristenprogramm-el-chaltenel-calafate\\\/\",\"url\":\"https:\\\/\\\/blog.biketravel.net\\\/en\\\/santiago-to-ushuaia-by-bike\\\/touristenprogramm-el-chaltenel-calafate\\\/\",\"name\":\"Touristenprogramm: El Chalten\\\/El Calafate - biketravel.net\",\"isPartOf\":{\"@id\":\"https:\\\/\\\/blog.biketravel.net\\\/de\\\/#website\"},\"primaryImageOfPage\":{\"@id\":\"https:\\\/\\\/blog.biketravel.net\\\/en\\\/santiago-to-ushuaia-by-bike\\\/touristenprogramm-el-chaltenel-calafate\\\/#primaryimage\"},\"image\":{\"@id\":\"https:\\\/\\\/blog.biketravel.net\\\/en\\\/santiago-to-ushuaia-by-bike\\\/touristenprogramm-el-chaltenel-calafate\\\/#primaryimage\"},\"thumbnailUrl\":\"https:\\\/\\\/blog.biketravel.net\\\/wp-content\\\/uploads\\\/2010\\\/01\\\/19012010853-300x225.jpg\",\"datePublished\":\"2010-01-19T21:47:28+00:00\",\"dateModified\":\"2011-12-29T12:36:52+00:00\",\"author\":{\"@id\":\"https:\\\/\\\/blog.biketravel.net\\\/de\\\/#\\\/schema\\\/person\\\/04a500e1a95d1b28af82cbf6aadf1654\"},\"breadcrumb\":{\"@id\":\"https:\\\/\\\/blog.biketravel.net\\\/en\\\/santiago-to-ushuaia-by-bike\\\/touristenprogramm-el-chaltenel-calafate\\\/#breadcrumb\"},\"inLanguage\":\"de\",\"potentialAction\":[{\"@type\":\"ReadAction\",\"target\":[\"https:\\\/\\\/blog.biketravel.net\\\/en\\\/santiago-to-ushuaia-by-bike\\\/touristenprogramm-el-chaltenel-calafate\\\/\"]}]},{\"@type\":\"ImageObject\",\"inLanguage\":\"de\",\"@id\":\"https:\\\/\\\/blog.biketravel.net\\\/en\\\/santiago-to-ushuaia-by-bike\\\/touristenprogramm-el-chaltenel-calafate\\\/#primaryimage\",\"url\":\"https:\\\/\\\/blog.biketravel.net\\\/wp-content\\\/uploads\\\/2010\\\/01\\\/19012010853-300x225.jpg\",\"contentUrl\":\"https:\\\/\\\/blog.biketravel.net\\\/wp-content\\\/uploads\\\/2010\\\/01\\\/19012010853-300x225.jpg\"},{\"@type\":\"BreadcrumbList\",\"@id\":\"https:\\\/\\\/blog.biketravel.net\\\/en\\\/santiago-to-ushuaia-by-bike\\\/touristenprogramm-el-chaltenel-calafate\\\/#breadcrumb\",\"itemListElement\":[{\"@type\":\"ListItem\",\"position\":1,\"name\":\"Home\",\"item\":\"https:\\\/\\\/blog.biketravel.net\\\/de\\\/\"},{\"@type\":\"ListItem\",\"position\":2,\"name\":\"Being Tourist: El Chalten\\\/El Calafate\"}]},{\"@type\":\"WebSite\",\"@id\":\"https:\\\/\\\/blog.biketravel.net\\\/de\\\/#website\",\"url\":\"https:\\\/\\\/blog.biketravel.net\\\/de\\\/\",\"name\":\"Cycle the world - biketravel.net\",\"description\":\"A road full of adventures...\",\"potentialAction\":[{\"@type\":\"SearchAction\",\"target\":{\"@type\":\"EntryPoint\",\"urlTemplate\":\"https:\\\/\\\/blog.biketravel.net\\\/de\\\/?s={search_term_string}\"},\"query-input\":{\"@type\":\"PropertyValueSpecification\",\"valueRequired\":true,\"valueName\":\"search_term_string\"}}],\"inLanguage\":\"de\"},{\"@type\":\"Person\",\"@id\":\"https:\\\/\\\/blog.biketravel.net\\\/de\\\/#\\\/schema\\\/person\\\/04a500e1a95d1b28af82cbf6aadf1654\",\"name\":\"Stefan\",\"image\":{\"@type\":\"ImageObject\",\"inLanguage\":\"de\",\"@id\":\"https:\\\/\\\/secure.gravatar.com\\\/avatar\\\/ff0febd8768ebeba062b9d94931931cf09fad09f19ddd71ddaad9b8bd2166262?s=96&d=wavatar&r=g\",\"url\":\"https:\\\/\\\/secure.gravatar.com\\\/avatar\\\/ff0febd8768ebeba062b9d94931931cf09fad09f19ddd71ddaad9b8bd2166262?s=96&d=wavatar&r=g\",\"contentUrl\":\"https:\\\/\\\/secure.gravatar.com\\\/avatar\\\/ff0febd8768ebeba062b9d94931931cf09fad09f19ddd71ddaad9b8bd2166262?s=96&d=wavatar&r=g\",\"caption\":\"Stefan\"},\"description\":\"I'm a telecommunication engineer by profession and like to discover the world by bike. I think, that it is the perfect speed to move but still be in touch with the world and the people which live there. And I'm very happy, that my wife Susanna is joining me now on those adventures. If you are interested in other journeys we did so far, please also check my website www.biketravel.net. Stefan, Switzerland\",\"sameAs\":[\"http:\\\/\\\/www.biketravel.net\",\"https:\\\/\\\/x.com\\\/biketravelnet\"],\"url\":\"https:\\\/\\\/blog.biketravel.net\\\/de\\\/author\\\/admin\\\/\"}]}<\/script>\n<!-- \/ Yoast SEO plugin. -->","yoast_head_json":{"title":"Touristenprogramm: El Chalten\/El Calafate - biketravel.net","robots":{"index":"index","follow":"follow","max-snippet":"max-snippet:-1","max-image-preview":"max-image-preview:large","max-video-preview":"max-video-preview:-1"},"canonical":"https:\/\/blog.biketravel.net\/en\/santiago-to-ushuaia-by-bike\/touristenprogramm-el-chaltenel-calafate\/","twitter_misc":{"Verfasst von":"Stefan","Gesch\u00e4tzte Lesezeit":"3\u00a0Minuten"},"schema":{"@context":"https:\/\/schema.org","@graph":[{"@type":"Article","@id":"https:\/\/blog.biketravel.net\/en\/santiago-to-ushuaia-by-bike\/touristenprogramm-el-chaltenel-calafate\/#article","isPartOf":{"@id":"https:\/\/blog.biketravel.net\/en\/santiago-to-ushuaia-by-bike\/touristenprogramm-el-chaltenel-calafate\/"},"author":{"name":"Stefan","@id":"https:\/\/blog.biketravel.net\/de\/#\/schema\/person\/04a500e1a95d1b28af82cbf6aadf1654"},"headline":"Touristenprogramm: El Chalten\/El Calafate","datePublished":"2010-01-19T21:47:28+00:00","dateModified":"2011-12-29T12:36:52+00:00","mainEntityOfPage":{"@id":"https:\/\/blog.biketravel.net\/en\/santiago-to-ushuaia-by-bike\/touristenprogramm-el-chaltenel-calafate\/"},"wordCount":666,"commentCount":0,"image":{"@id":"https:\/\/blog.biketravel.net\/en\/santiago-to-ushuaia-by-bike\/touristenprogramm-el-chaltenel-calafate\/#primaryimage"},"thumbnailUrl":"https:\/\/blog.biketravel.net\/wp-content\/uploads\/2010\/01\/19012010853-300x225.jpg","keywords":["el chalten","perito moreno"],"articleSection":["Santiago-Ushuaia per Fahrrad"],"inLanguage":"de","potentialAction":[{"@type":"CommentAction","name":"Comment","target":["https:\/\/blog.biketravel.net\/en\/santiago-to-ushuaia-by-bike\/touristenprogramm-el-chaltenel-calafate\/#respond"]}]},{"@type":"WebPage","@id":"https:\/\/blog.biketravel.net\/en\/santiago-to-ushuaia-by-bike\/touristenprogramm-el-chaltenel-calafate\/","url":"https:\/\/blog.biketravel.net\/en\/santiago-to-ushuaia-by-bike\/touristenprogramm-el-chaltenel-calafate\/","name":"Touristenprogramm: El Chalten\/El Calafate - biketravel.net","isPartOf":{"@id":"https:\/\/blog.biketravel.net\/de\/#website"},"primaryImageOfPage":{"@id":"https:\/\/blog.biketravel.net\/en\/santiago-to-ushuaia-by-bike\/touristenprogramm-el-chaltenel-calafate\/#primaryimage"},"image":{"@id":"https:\/\/blog.biketravel.net\/en\/santiago-to-ushuaia-by-bike\/touristenprogramm-el-chaltenel-calafate\/#primaryimage"},"thumbnailUrl":"https:\/\/blog.biketravel.net\/wp-content\/uploads\/2010\/01\/19012010853-300x225.jpg","datePublished":"2010-01-19T21:47:28+00:00","dateModified":"2011-12-29T12:36:52+00:00","author":{"@id":"https:\/\/blog.biketravel.net\/de\/#\/schema\/person\/04a500e1a95d1b28af82cbf6aadf1654"},"breadcrumb":{"@id":"https:\/\/blog.biketravel.net\/en\/santiago-to-ushuaia-by-bike\/touristenprogramm-el-chaltenel-calafate\/#breadcrumb"},"inLanguage":"de","potentialAction":[{"@type":"ReadAction","target":["https:\/\/blog.biketravel.net\/en\/santiago-to-ushuaia-by-bike\/touristenprogramm-el-chaltenel-calafate\/"]}]},{"@type":"ImageObject","inLanguage":"de","@id":"https:\/\/blog.biketravel.net\/en\/santiago-to-ushuaia-by-bike\/touristenprogramm-el-chaltenel-calafate\/#primaryimage","url":"https:\/\/blog.biketravel.net\/wp-content\/uploads\/2010\/01\/19012010853-300x225.jpg","contentUrl":"https:\/\/blog.biketravel.net\/wp-content\/uploads\/2010\/01\/19012010853-300x225.jpg"},{"@type":"BreadcrumbList","@id":"https:\/\/blog.biketravel.net\/en\/santiago-to-ushuaia-by-bike\/touristenprogramm-el-chaltenel-calafate\/#breadcrumb","itemListElement":[{"@type":"ListItem","position":1,"name":"Home","item":"https:\/\/blog.biketravel.net\/de\/"},{"@type":"ListItem","position":2,"name":"Being Tourist: El Chalten\/El Calafate"}]},{"@type":"WebSite","@id":"https:\/\/blog.biketravel.net\/de\/#website","url":"https:\/\/blog.biketravel.net\/de\/","name":"Cycle the world - biketravel.net","description":"A road full of adventures...","potentialAction":[{"@type":"SearchAction","target":{"@type":"EntryPoint","urlTemplate":"https:\/\/blog.biketravel.net\/de\/?s={search_term_string}"},"query-input":{"@type":"PropertyValueSpecification","valueRequired":true,"valueName":"search_term_string"}}],"inLanguage":"de"},{"@type":"Person","@id":"https:\/\/blog.biketravel.net\/de\/#\/schema\/person\/04a500e1a95d1b28af82cbf6aadf1654","name":"Stefan","image":{"@type":"ImageObject","inLanguage":"de","@id":"https:\/\/secure.gravatar.com\/avatar\/ff0febd8768ebeba062b9d94931931cf09fad09f19ddd71ddaad9b8bd2166262?s=96&d=wavatar&r=g","url":"https:\/\/secure.gravatar.com\/avatar\/ff0febd8768ebeba062b9d94931931cf09fad09f19ddd71ddaad9b8bd2166262?s=96&d=wavatar&r=g","contentUrl":"https:\/\/secure.gravatar.com\/avatar\/ff0febd8768ebeba062b9d94931931cf09fad09f19ddd71ddaad9b8bd2166262?s=96&d=wavatar&r=g","caption":"Stefan"},"description":"I'm a telecommunication engineer by profession and like to discover the world by bike. I think, that it is the perfect speed to move but still be in touch with the world and the people which live there. And I'm very happy, that my wife Susanna is joining me now on those adventures. If you are interested in other journeys we did so far, please also check my website www.biketravel.net. Stefan, Switzerland","sameAs":["http:\/\/www.biketravel.net","https:\/\/x.com\/biketravelnet"],"url":"https:\/\/blog.biketravel.net\/de\/author\/admin\/"}]}},"jetpack_featured_media_url":"","jetpack_shortlink":"https:\/\/wp.me\/pcO9X7-53","jetpack_sharing_enabled":true,"_links":{"self":[{"href":"https:\/\/blog.biketravel.net\/de\/wp-json\/wp\/v2\/posts\/313","targetHints":{"allow":["GET"]}}],"collection":[{"href":"https:\/\/blog.biketravel.net\/de\/wp-json\/wp\/v2\/posts"}],"about":[{"href":"https:\/\/blog.biketravel.net\/de\/wp-json\/wp\/v2\/types\/post"}],"author":[{"embeddable":true,"href":"https:\/\/blog.biketravel.net\/de\/wp-json\/wp\/v2\/users\/1346"}],"replies":[{"embeddable":true,"href":"https:\/\/blog.biketravel.net\/de\/wp-json\/wp\/v2\/comments?post=313"}],"version-history":[{"count":0,"href":"https:\/\/blog.biketravel.net\/de\/wp-json\/wp\/v2\/posts\/313\/revisions"}],"wp:attachment":[{"href":"https:\/\/blog.biketravel.net\/de\/wp-json\/wp\/v2\/media?parent=313"}],"wp:term":[{"taxonomy":"category","embeddable":true,"href":"https:\/\/blog.biketravel.net\/de\/wp-json\/wp\/v2\/categories?post=313"},{"taxonomy":"post_tag","embeddable":true,"href":"https:\/\/blog.biketravel.net\/de\/wp-json\/wp\/v2\/tags?post=313"}],"curies":[{"name":"wp","href":"https:\/\/api.w.org\/{rel}","templated":true}]}}