{"id":418,"date":"2010-02-17T18:22:39","date_gmt":"2010-02-17T16:22:39","guid":{"rendered":"https:\/\/blog.biketravel.net\/?p=418"},"modified":"2011-12-28T19:28:18","modified_gmt":"2011-12-28T17:28:18","slug":"fazit","status":"publish","type":"post","link":"https:\/\/blog.biketravel.net\/de\/santiago-to-ushuaia-by-bike\/fazit\/","title":{"rendered":"Fazit"},"content":{"rendered":"<p>Nun bin ich schon ein paar Tage in Ushuaia und es wird langsam Zeit ein Fazit zu ziehen. Was schlussendlich bleibt sind nat\u00fcrlich die positiven Erlebnisse, die auch klar in der Mehrheit waren. Bevor ich die negativen Punkte vergesse oder verdr\u00e4nge, schreibe ich sie doch auch noch hier auf ;-).<\/p>\n<p><strong>Was ich nicht vermissen werde<\/strong><\/p>\n<ul>\n<li><strong>Verkehr<\/strong><br \/>\nW\u00e4hrend all dieser Zeit unterwegs, meist alleine, hatte ich \u00fcberhaupt keine Sicherheitsprobleme. Es wurde mir nichts gestohlen (und ich hoffe, das bleibt noch so) und ich hatte auch sonst keine gef\u00e4hrlichen Erfahrungen machen m\u00fcssen, ausser mit dem Verkehr.<br \/>\nEs gab da einige, aus meiner Sicht, gef\u00e4hrliche Momente. Viele Auto- und Lastwagen\/Busfahrer scheinen keine Ahnung zu haben, wie es so ist \u00e4usserst knapp \u00fcberholt zu werden. Oder es ist ihnen egal. Dies gilt auch f\u00fcr entgegenkommende Fahrzeuge, die andere Fahrzeuge in ihrer Richtung genau dann \u00fcberholen m\u00fcssen, wenn du sie kreuzt. Ich glaube nicht, dass sie dies tun w\u00fcrden, wenn ihnen ein Auto oder gar ein Lastwagen entgegenkommt. Aber Velofahrer werden da schlicht ignoriert. Mehr als einmal <a title=\"https:\/\/blog.biketravel.net\/2010\/01\/14\/panne-die-vierte\/\" href=\"https:\/\/blog.biketravel.net\/2010\/01\/14\/panne-die-vierte\/\" target=\"_blank\">rutschte mir da mein Herz in die Hose<\/a> und\/oder ich machte einen heftigen Schlenker von der Strasse weg&#8230;<br \/>\nAus diesen Gr\u00fcnden bin ich sehr dankbar daf\u00fcr, dass ich ohne Kollision in Ushuaia angekommen sind. Die vielen Kreuze am Strassenrand sprechen da f\u00fcr sich&#8230;<\/li>\n<li><strong>Der Regen, der Wind, das himmlische Kind&#8230;<\/strong><br \/>\nAn der <a title=\"https:\/\/blog.biketravel.net\/2009\/12\/27\/das-liebe-wetter\/?lang=de\" href=\"https:\/\/blog.biketravel.net\/2009\/12\/27\/das-liebe-wetter\/?lang=de\" target=\"_blank\">Carretera Austral war es der Regen<\/a> und in der <a title=\"https:\/\/blog.biketravel.net\/2010\/01\/23\/el-calafate-puerto-natales\/?lang=de\" href=\"https:\/\/blog.biketravel.net\/2010\/01\/23\/el-calafate-puerto-natales\/?lang=de\" target=\"_blank\">Pampa dann der Wind<\/a>, der doch ziemlich an meinen Nerven zerrte. Auf der anderen Seite bin ich mir bewusst, dass es noch viel schlimmer h\u00e4tte sein k\u00f6nnen. Dies betrifft speziel den Wind. Nach meinen eigenen Erfahrungen und speziell was ich von anderen (<a title=\"http:\/\/pedallingforperu.blogspot.com\/2010\/01\/battered-and-bruised-but-nothing-pizza.html\" href=\"http:\/\/pedallingforperu.blogspot.com\/2010\/01\/battered-and-bruised-but-nothing-pizza.html\" target=\"_blank\">Laura\/Ben<\/a>, <a title=\"http:\/\/jenzobean.blogspot.com\/2010\/01\/viento-puta.html\" href=\"http:\/\/jenzobean.blogspot.com\/2010\/01\/viento-puta.html\" target=\"_blank\">Jenny\/Jason<\/a> ), die in in n\u00f6rdlicher Richtung unterwegs waren, geh\u00f6rt habe, kann ich es definitiv nicht empfehlen die Strecken von S\u00fcden (Ushuaia) nach Norden zu befahren. Dies schlicht, da dann relativ viele Strecken Richtung Westen f\u00fchren und der Wind halt leider meist aus West weht. Da machen es diejenigen aus meiner Sicht besser, die vor der Carretera Austral im Norden starten, dann s\u00fcdw\u00e4rts bis Ushuaia fahren, wieder den Bus oder die F\u00e4hre zum Ausgangspunkt (z.B. Puerto Montt) nehmen und von dort Richtung Norden weiterfahren (<a title=\"http:\/\/utoq2010.wordpress.com\/\" href=\"http:\/\/utoq2010.wordpress.com\/\" target=\"_blank\">Karin\/Gregor<\/a>, <a title=\"http:\/\/www.pluess-haechler.ch\/\" href=\"http:\/\/www.pluess-haechler.ch\/\" target=\"_blank\">Janine\/Tom<\/a> und andere). Aber jedeR muss das f\u00fcr sich selbst entscheiden :-).<\/li>\n<\/ul>\n<p><strong>Was ich vermissen werde<\/strong><\/p>\n<ul>\n<li><strong>Die Menschen<\/strong><br \/>\nAuf meiner Reise habe ich unz\u00e4hlige sehr nette und interessante Menschen kennen lernen k\u00f6nnen. Dazu geh\u00f6ren nat\u00fcrlich all die angetroffenen VelofahrerInnen und auch die anderen Reisenden (siehe auch Links in der rechten Spalte). Es war nicht immer einfach an jedem neuen Ort wieder den Kontakt zu den Mitreisenden aufzubauen. Viele Menschen haben mir dies mit ihrer offenen und herzlichen Art aber sehr erleichtert. Danke daf\u00fcr!<br \/>\nEntscheidend waren aber die Menschen, die Einheimischen unterwegs. Sei es, wenn ich <a title=\"https:\/\/blog.biketravel.net\/2010\/01\/19\/cochrane-villa-ohiggins-teil-2\/?lang=de\" href=\"https:\/\/blog.biketravel.net\/2010\/01\/19\/cochrane-villa-ohiggins-teil-2\/?lang=de\" target=\"_blank\">einen Kaffee mit frischem Brot an einem regnerischen Tag an der Carretera Austral spendiert bekam<\/a>; <a title=\"https:\/\/blog.biketravel.net\/2010\/01\/14\/panne-die-vierte\/\" href=\"https:\/\/blog.biketravel.net\/2010\/01\/14\/panne-die-vierte\/\" target=\"_blank\">von einem Schweiz-Fan beschenkt wurde<\/a>; <a title=\"https:\/\/blog.biketravel.net\/2010\/01\/15\/geschafft-cochrane-tortel-villa-ohiggins-teil-1\/?lang=de\" href=\"https:\/\/blog.biketravel.net\/2010\/01\/15\/geschafft-cochrane-tortel-villa-ohiggins-teil-1\/?lang=de\" target=\"_blank\">eine Unterkunft inklusive befeuertem Ofen zur Verf\u00fcgen gestellt bekam<\/a>; <a title=\"https:\/\/blog.biketravel.net\/2010\/01\/23\/el-calafate-puerto-natales\/?lang=de\" href=\"https:\/\/blog.biketravel.net\/2010\/01\/23\/el-calafate-puerto-natales\/?lang=de\" target=\"_blank\">von einem Strassenarbeiter bekocht wurde<\/a>; <a title=\"https:\/\/blog.biketravel.net\/2010\/01\/23\/el-calafate-puerto-natales\/?lang=de\" href=\"https:\/\/blog.biketravel.net\/2010\/01\/23\/el-calafate-puerto-natales\/?lang=de\" target=\"_blank\">von einem jungen Paar mit seinem Auto aus der Windmissere befreit<\/a> oder <a title=\"https:\/\/blog.biketravel.net\/2010\/02\/08\/punta-arenas-rio-grande\/?lang=de\" href=\"https:\/\/blog.biketravel.net\/2010\/02\/08\/punta-arenas-rio-grande\/?lang=de\" target=\"_blank\">eben nicht nur Wasser sondern auch noch ein Mittagessen an einer Estancia offeriert bekam<\/a>. Diese und andere waren die Momente, die die Strapazen vergessen liessen und diese Reise zu einem einmaligen und positiven Erlebnis machten. Danke!<\/li>\n<li><strong>Die Landschaft<\/strong><br \/>\nIch bin bei 25C im eher trockenen Santiago gestartet, \u00fcber die eher k\u00fchle und feuchte Carretera Austral und die zum Teil extrem trockene Pampa gefahren und schlussendlich wieder im eher feuchten und meist k\u00fchlen Feuerland angekommen. Jede Region hatte ihre Eigenheiten und waren f\u00fcr sich interessant. Wobei mir die gr\u00fcnen und feuchten Regionen doch eher zusagten ;-). Schade war, dass die Tiere unterwegs h\u00e4ufig sehr viel Angst vor dem Velo hatten und schon fr\u00fch rausaus nahmen. Dies im Gegensatz zum motorisierten Verkehr, welches ihnen dann immer mal wieder zum Verh\u00e4ngnis wurde&#8230;<\/li>\n<li><strong>Das Essen<\/strong><br \/>\nNicht das Essen an und f\u00fcr sich, sondern dass ich mehrer Wochen lang essen konnte was ich wollte und mir keine Gedanken wegen Kalorien etc. machen musste. Im Gegenteil, ich hatte fast Probleme mir genug Kalorien zu zu f\u00fchren ;-). Umso schwerer ist es nun wieder zu normalen Essgewohnheiten zu wechseln&#8230;<\/li>\n<\/ul>\n<p>W\u00fcrde ich es wieder tun? Definitiv! Aber nicht alleine. Zwar hatte das Alleinereisen durchaus auch seine Vorteile und es war eine gute Erfahrung. Auf die Dauer wurde es mir aber doch zu einsam und es ist auch schwierig sich immer wieder von neuem selbst zu motivieren, wenn die Dinge mal nicht so rund laufen.<\/p>\n<p>Am 21. Februar fliege ich nun nach Santiago und am 25. weiter zur\u00fcck in die Schweiz. Je nach dem, ob es noch etwas interessantes zu schreiben gibt, werde ich noch den einen oder anderen Artikel ver\u00f6ffentlichen. Und sonst sicher noch einen allerletzten, wenn ich zur\u00fcck in der Schweiz bin.<\/p>\n<p>Vielen Dank f\u00fcrs Begleiten in den letzten Monaten und viele Gr\u00fcsse aus Ushuaia,<\/p>\n<p>Stefan<\/p>\n<p><a class=\"shutterset_\" href=\"https:\/\/i0.wp.com\/blog.biketravel.net\/wp-content\/gallery\/the-best\/30112009536.jpg?ssl=1\"><img data-recalc-dims=\"1\" decoding=\"async\" class=\"ngg-singlepic ngg-left\" src=\"https:\/\/i0.wp.com\/blog.biketravel.net\/wp-content\/gallery\/the-best\/thumbs\/thumbs_30112009536.jpg?w=1170&#038;ssl=1\" alt=\"Santiago Airport\" \/><\/a><a class=\"shutterset_\" href=\"https:\/\/i0.wp.com\/blog.biketravel.net\/wp-content\/gallery\/the-best\/imagen-009.jpg?ssl=1\"><img data-recalc-dims=\"1\" decoding=\"async\" class=\"ngg-singlepic ngg-left\" src=\"https:\/\/i0.wp.com\/blog.biketravel.net\/wp-content\/gallery\/the-best\/thumbs\/thumbs_imagen-009.jpg?w=1170&#038;ssl=1\" alt=\"Villarrica\" \/><\/a><a class=\"shutterset_\" href=\"https:\/\/i0.wp.com\/blog.biketravel.net\/wp-content\/gallery\/the-best\/imagen-015.jpg?ssl=1\"><img data-recalc-dims=\"1\" decoding=\"async\" class=\"ngg-singlepic ngg-left\" src=\"https:\/\/i0.wp.com\/blog.biketravel.net\/wp-content\/gallery\/the-best\/thumbs\/thumbs_imagen-015.jpg?w=1170&#038;ssl=1\" alt=\"Panamericana near Puerto Montt\" \/><\/a><a class=\"shutterset_\" href=\"https:\/\/i0.wp.com\/blog.biketravel.net\/wp-content\/gallery\/the-best\/imagen-001_0.jpg?ssl=1\"><img data-recalc-dims=\"1\" decoding=\"async\" class=\"ngg-singlepic ngg-left\" src=\"https:\/\/i0.wp.com\/blog.biketravel.net\/wp-content\/gallery\/the-best\/thumbs\/thumbs_imagen-001_0.jpg?w=1170&#038;ssl=1\" alt=\"Chaiten\" \/><\/a><a class=\"shutterset_\" href=\"https:\/\/i0.wp.com\/blog.biketravel.net\/wp-content\/gallery\/the-best\/imagen-020_0.jpg?ssl=1\"><img data-recalc-dims=\"1\" decoding=\"async\" class=\"ngg-singlepic ngg-left\" src=\"https:\/\/i0.wp.com\/blog.biketravel.net\/wp-content\/gallery\/the-best\/thumbs\/thumbs_imagen-020_0.jpg?w=1170&#038;ssl=1\" alt=\"Ventisquero Colgante\" \/><\/a><a class=\"shutterset_\" href=\"https:\/\/i0.wp.com\/blog.biketravel.net\/wp-content\/gallery\/the-best\/obebug-002.jpg?ssl=1\"><img data-recalc-dims=\"1\" decoding=\"async\" class=\"ngg-singlepic ngg-left\" src=\"https:\/\/i0.wp.com\/blog.biketravel.net\/wp-content\/gallery\/the-best\/thumbs\/thumbs_obebug-002.jpg?w=1170&#038;ssl=1\" alt=\"Diego, Carlos, Sonia and Ernani on the way to Cerro Castillo\" \/><\/a><a class=\"shutterset_\" href=\"https:\/\/i0.wp.com\/blog.biketravel.net\/wp-content\/gallery\/the-best\/obebug-004.jpg?ssl=1\"><img data-recalc-dims=\"1\" decoding=\"async\" class=\"ngg-singlepic ngg-left\" src=\"https:\/\/i0.wp.com\/blog.biketravel.net\/wp-content\/gallery\/the-best\/thumbs\/thumbs_obebug-004.jpg?w=1170&#038;ssl=1\" alt=\"Near Villa Cerro Castillo\" \/><\/a><a class=\"shutterset_\" href=\"https:\/\/i0.wp.com\/blog.biketravel.net\/wp-content\/gallery\/the-best\/obebug-019.jpg?ssl=1\"><img data-recalc-dims=\"1\" decoding=\"async\" class=\"ngg-singlepic ngg-left\" src=\"https:\/\/i0.wp.com\/blog.biketravel.net\/wp-content\/gallery\/the-best\/thumbs\/thumbs_obebug-019.jpg?w=1170&#038;ssl=1\" alt=\"Rio Baker and &quot;Patagonia Sin Represas!&quot;\" \/><\/a><a class=\"shutterset_\" href=\"https:\/\/i0.wp.com\/blog.biketravel.net\/wp-content\/gallery\/the-best\/obebug-026.jpg?ssl=1\"><img data-recalc-dims=\"1\" decoding=\"async\" class=\"ngg-singlepic ngg-left\" src=\"https:\/\/i0.wp.com\/blog.biketravel.net\/wp-content\/gallery\/the-best\/thumbs\/thumbs_obebug-026.jpg?w=1170&#038;ssl=1\" alt=\"Wild &quot;camping&quot; near Rio Bravo\" \/><\/a><a class=\"shutterset_\" href=\"https:\/\/i0.wp.com\/blog.biketravel.net\/wp-content\/gallery\/the-best\/obebug-002_0.jpg?ssl=1\"><img data-recalc-dims=\"1\" decoding=\"async\" class=\"ngg-singlepic ngg-left\" src=\"https:\/\/i0.wp.com\/blog.biketravel.net\/wp-content\/gallery\/the-best\/thumbs\/thumbs_obebug-002_0.jpg?w=1170&#038;ssl=1\" alt=\"View from Lago O'Higgins\" \/><\/a><a class=\"shutterset_\" href=\"https:\/\/i0.wp.com\/blog.biketravel.net\/wp-content\/gallery\/the-best\/part_-021.jpg?ssl=1\"><img data-recalc-dims=\"1\" decoding=\"async\" class=\"ngg-singlepic ngg-left\" src=\"https:\/\/i0.wp.com\/blog.biketravel.net\/wp-content\/gallery\/the-best\/thumbs\/thumbs_part_-021.jpg?w=1170&#038;ssl=1\" alt=\"Marco on the adventure trail to Laguna Desierto\" \/><\/a><a class=\"shutterset_\" href=\"https:\/\/i0.wp.com\/blog.biketravel.net\/wp-content\/gallery\/the-best\/part_-019.jpg?ssl=1\"><img data-recalc-dims=\"1\" decoding=\"async\" class=\"ngg-singlepic ngg-left\" src=\"https:\/\/i0.wp.com\/blog.biketravel.net\/wp-content\/gallery\/the-best\/thumbs\/thumbs_part_-019.jpg?w=1170&#038;ssl=1\" alt=\"Almost done! View towards Laguna Desierto\/El Chalten\/Fitz Roy, Paulo and Marco\" \/><\/a><a class=\"shutterset_\" href=\"https:\/\/i0.wp.com\/blog.biketravel.net\/wp-content\/gallery\/the-best\/obebug-012_0.jpg?ssl=1\"><img data-recalc-dims=\"1\" decoding=\"async\" class=\"ngg-singlepic ngg-left\" src=\"https:\/\/i0.wp.com\/blog.biketravel.net\/wp-content\/gallery\/the-best\/thumbs\/thumbs_obebug-012_0.jpg?w=1170&#038;ssl=1\" alt=\"Dead tree in El Chalten. Burned by a tourist\" \/><\/a><a class=\"shutterset_\" href=\"https:\/\/i0.wp.com\/blog.biketravel.net\/wp-content\/gallery\/the-best\/obebug-017_0.jpg?ssl=1\"><img data-recalc-dims=\"1\" decoding=\"async\" class=\"ngg-singlepic ngg-left\" src=\"https:\/\/i0.wp.com\/blog.biketravel.net\/wp-content\/gallery\/the-best\/thumbs\/thumbs_obebug-017_0.jpg?w=1170&#038;ssl=1\" alt=\"Perito Moreno\" \/><\/a><a class=\"shutterset_\" href=\"https:\/\/i0.wp.com\/blog.biketravel.net\/wp-content\/gallery\/the-best\/part_-029.jpg?ssl=1\"><img data-recalc-dims=\"1\" decoding=\"async\" class=\"ngg-singlepic ngg-left\" src=\"https:\/\/i0.wp.com\/blog.biketravel.net\/wp-content\/gallery\/the-best\/thumbs\/thumbs_part_-029.jpg?w=1170&#038;ssl=1\" alt=\"Jenny and Ja in El Calafate\" \/><\/a><a class=\"shutterset_\" href=\"https:\/\/i0.wp.com\/blog.biketravel.net\/wp-content\/gallery\/the-best\/obebug-024.jpg?ssl=1\"><img data-recalc-dims=\"1\" decoding=\"async\" class=\"ngg-singlepic ngg-left\" src=\"https:\/\/i0.wp.com\/blog.biketravel.net\/wp-content\/gallery\/the-best\/thumbs\/thumbs_obebug-024.jpg?w=1170&#038;ssl=1\" alt=\"Wild camping near Cerrito\" \/><\/a><a class=\"shutterset_\" href=\"https:\/\/i0.wp.com\/blog.biketravel.net\/wp-content\/gallery\/the-best\/part_-032.jpg?ssl=1\"><img data-recalc-dims=\"1\" decoding=\"async\" class=\"ngg-singlepic ngg-left\" src=\"https:\/\/i0.wp.com\/blog.biketravel.net\/wp-content\/gallery\/the-best\/thumbs\/thumbs_part_-032.jpg?w=1170&#038;ssl=1\" alt=\"Torres in Torres del Paine\" \/><\/a><a class=\"shutterset_\" href=\"https:\/\/i0.wp.com\/blog.biketravel.net\/wp-content\/gallery\/the-best\/catriona-004.jpg?ssl=1\"><img data-recalc-dims=\"1\" decoding=\"async\" class=\"ngg-singlepic ngg-left\" src=\"https:\/\/i0.wp.com\/blog.biketravel.net\/wp-content\/gallery\/the-best\/thumbs\/thumbs_catriona-004.jpg?w=1170&#038;ssl=1\" alt=\"Rio Rubio\" \/><\/a><a class=\"shutterset_\" href=\"https:\/\/i0.wp.com\/blog.biketravel.net\/wp-content\/gallery\/the-best\/catriona-010.jpg?ssl=1\"><img data-recalc-dims=\"1\" decoding=\"async\" class=\"ngg-singlepic ngg-left\" src=\"https:\/\/i0.wp.com\/blog.biketravel.net\/wp-content\/gallery\/the-best\/thumbs\/thumbs_catriona-010.jpg?w=1170&#038;ssl=1\" alt=\"Pinguins on Isla Magdalenas\" \/><\/a><a class=\"shutterset_\" href=\"https:\/\/i0.wp.com\/blog.biketravel.net\/wp-content\/gallery\/the-best\/imagen-004_1.jpg?ssl=1\"><img data-recalc-dims=\"1\" decoding=\"async\" class=\"ngg-singlepic ngg-left\" src=\"https:\/\/i0.wp.com\/blog.biketravel.net\/wp-content\/gallery\/the-best\/thumbs\/thumbs_imagen-004_1.jpg?w=1170&#038;ssl=1\" alt=\"Near Onaisis\" \/><\/a><a class=\"shutterset_\" href=\"https:\/\/i0.wp.com\/blog.biketravel.net\/wp-content\/gallery\/the-best\/imagen-006_2.jpg?ssl=1\"><img data-recalc-dims=\"1\" decoding=\"async\" class=\"ngg-singlepic ngg-left\" src=\"https:\/\/i0.wp.com\/blog.biketravel.net\/wp-content\/gallery\/the-best\/thumbs\/thumbs_imagen-006_2.jpg?w=1170&#038;ssl=1\" alt=\"Tolhuim\" \/><\/a><a class=\"shutterset_\" href=\"https:\/\/i0.wp.com\/blog.biketravel.net\/wp-content\/gallery\/the-best\/imagen-015_1.jpg?ssl=1\"><img data-recalc-dims=\"1\" decoding=\"async\" class=\"ngg-singlepic ngg-left\" src=\"https:\/\/i0.wp.com\/blog.biketravel.net\/wp-content\/gallery\/the-best\/thumbs\/thumbs_imagen-015_1.jpg?w=1170&#038;ssl=1\" alt=\"Towards Ushuaia\" \/><\/a><a class=\"shutterset_\" href=\"https:\/\/i0.wp.com\/blog.biketravel.net\/wp-content\/gallery\/the-best\/imagen-002_3.jpg?ssl=1\"><img data-recalc-dims=\"1\" decoding=\"async\" class=\"ngg-singlepic ngg-left\" src=\"https:\/\/i0.wp.com\/blog.biketravel.net\/wp-content\/gallery\/the-best\/thumbs\/thumbs_imagen-002_3.jpg?w=1170&#038;ssl=1\" alt=\"End of Ruta 3 in Lapataia\" \/><\/a><\/p>","protected":false},"excerpt":{"rendered":"<p>Nun bin ich schon ein paar Tage in Ushuaia und es wird langsam Zeit ein Fazit zu ziehen. Was schlussendlich bleibt sind nat\u00fcrlich die positiven Erlebnisse, die auch klar in der Mehrheit waren. Bevor ich die negativen Punkte vergesse oder verdr\u00e4nge, schreibe ich sie doch auch noch hier auf ;-). Was ich nicht vermissen werde [&hellip;]<\/p>\n","protected":false},"author":1346,"featured_media":599,"comment_status":"open","ping_status":"open","sticky":false,"template":"","format":"standard","meta":{"jetpack_post_was_ever_published":false,"_jetpack_newsletter_access":"","_jetpack_dont_email_post_to_subs":false,"_jetpack_newsletter_tier_id":0,"_jetpack_memberships_contains_paywalled_content":false,"_jetpack_memberships_contains_paid_content":false,"footnotes":""},"categories":[6],"tags":[],"class_list":{"0":"post-418","1":"post","2":"type-post","3":"status-publish","4":"format-standard","5":"has-post-thumbnail","7":"category-santiago-to-ushuaia-by-bike","8":"czr-hentry"},"yoast_head":"<!-- This site is optimized with the Yoast SEO plugin v27.5 - https:\/\/yoast.com\/product\/yoast-seo-wordpress\/ -->\n<title>Fazit - biketravel.net<\/title>\n<meta name=\"robots\" content=\"index, follow, max-snippet:-1, max-image-preview:large, max-video-preview:-1\" \/>\n<link rel=\"canonical\" href=\"https:\/\/blog.biketravel.net\/en\/santiago-to-ushuaia-by-bike\/fazit\/\" \/>\n<meta name=\"twitter:label1\" content=\"Verfasst von\" \/>\n\t<meta name=\"twitter:data1\" content=\"Stefan\" \/>\n\t<meta name=\"twitter:label2\" content=\"Gesch\u00e4tzte Lesezeit\" \/>\n\t<meta name=\"twitter:data2\" content=\"8\u00a0Minuten\" \/>\n<script type=\"application\/ld+json\" class=\"yoast-schema-graph\">{\"@context\":\"https:\\\/\\\/schema.org\",\"@graph\":[{\"@type\":\"Article\",\"@id\":\"https:\\\/\\\/blog.biketravel.net\\\/en\\\/santiago-to-ushuaia-by-bike\\\/fazit\\\/#article\",\"isPartOf\":{\"@id\":\"https:\\\/\\\/blog.biketravel.net\\\/en\\\/santiago-to-ushuaia-by-bike\\\/fazit\\\/\"},\"author\":{\"name\":\"Stefan\",\"@id\":\"https:\\\/\\\/blog.biketravel.net\\\/de\\\/#\\\/schema\\\/person\\\/04a500e1a95d1b28af82cbf6aadf1654\"},\"headline\":\"Fazit\",\"datePublished\":\"2010-02-17T16:22:39+00:00\",\"dateModified\":\"2011-12-28T17:28:18+00:00\",\"mainEntityOfPage\":{\"@id\":\"https:\\\/\\\/blog.biketravel.net\\\/en\\\/santiago-to-ushuaia-by-bike\\\/fazit\\\/\"},\"wordCount\":1663,\"commentCount\":8,\"image\":{\"@id\":\"https:\\\/\\\/blog.biketravel.net\\\/en\\\/santiago-to-ushuaia-by-bike\\\/fazit\\\/#primaryimage\"},\"thumbnailUrl\":\"https:\\\/\\\/i0.wp.com\\\/blog.biketravel.net\\\/wp-content\\\/uploads\\\/2011\\\/08\\\/Baiha_Inutil_1_1000_144.jpg?fit=1000%2C144&ssl=1\",\"articleSection\":[\"Santiago-Ushuaia per Fahrrad\"],\"inLanguage\":\"de\",\"potentialAction\":[{\"@type\":\"CommentAction\",\"name\":\"Comment\",\"target\":[\"https:\\\/\\\/blog.biketravel.net\\\/en\\\/santiago-to-ushuaia-by-bike\\\/fazit\\\/#respond\"]}]},{\"@type\":\"WebPage\",\"@id\":\"https:\\\/\\\/blog.biketravel.net\\\/en\\\/santiago-to-ushuaia-by-bike\\\/fazit\\\/\",\"url\":\"https:\\\/\\\/blog.biketravel.net\\\/en\\\/santiago-to-ushuaia-by-bike\\\/fazit\\\/\",\"name\":\"Fazit - biketravel.net\",\"isPartOf\":{\"@id\":\"https:\\\/\\\/blog.biketravel.net\\\/de\\\/#website\"},\"primaryImageOfPage\":{\"@id\":\"https:\\\/\\\/blog.biketravel.net\\\/en\\\/santiago-to-ushuaia-by-bike\\\/fazit\\\/#primaryimage\"},\"image\":{\"@id\":\"https:\\\/\\\/blog.biketravel.net\\\/en\\\/santiago-to-ushuaia-by-bike\\\/fazit\\\/#primaryimage\"},\"thumbnailUrl\":\"https:\\\/\\\/i0.wp.com\\\/blog.biketravel.net\\\/wp-content\\\/uploads\\\/2011\\\/08\\\/Baiha_Inutil_1_1000_144.jpg?fit=1000%2C144&ssl=1\",\"datePublished\":\"2010-02-17T16:22:39+00:00\",\"dateModified\":\"2011-12-28T17:28:18+00:00\",\"author\":{\"@id\":\"https:\\\/\\\/blog.biketravel.net\\\/de\\\/#\\\/schema\\\/person\\\/04a500e1a95d1b28af82cbf6aadf1654\"},\"breadcrumb\":{\"@id\":\"https:\\\/\\\/blog.biketravel.net\\\/en\\\/santiago-to-ushuaia-by-bike\\\/fazit\\\/#breadcrumb\"},\"inLanguage\":\"de\",\"potentialAction\":[{\"@type\":\"ReadAction\",\"target\":[\"https:\\\/\\\/blog.biketravel.net\\\/en\\\/santiago-to-ushuaia-by-bike\\\/fazit\\\/\"]}]},{\"@type\":\"ImageObject\",\"inLanguage\":\"de\",\"@id\":\"https:\\\/\\\/blog.biketravel.net\\\/en\\\/santiago-to-ushuaia-by-bike\\\/fazit\\\/#primaryimage\",\"url\":\"https:\\\/\\\/i0.wp.com\\\/blog.biketravel.net\\\/wp-content\\\/uploads\\\/2011\\\/08\\\/Baiha_Inutil_1_1000_144.jpg?fit=1000%2C144&ssl=1\",\"contentUrl\":\"https:\\\/\\\/i0.wp.com\\\/blog.biketravel.net\\\/wp-content\\\/uploads\\\/2011\\\/08\\\/Baiha_Inutil_1_1000_144.jpg?fit=1000%2C144&ssl=1\",\"width\":1000,\"height\":144,\"caption\":\"Baiha Inutil, Tierra del Fuego Chile\"},{\"@type\":\"BreadcrumbList\",\"@id\":\"https:\\\/\\\/blog.biketravel.net\\\/en\\\/santiago-to-ushuaia-by-bike\\\/fazit\\\/#breadcrumb\",\"itemListElement\":[{\"@type\":\"ListItem\",\"position\":1,\"name\":\"Home\",\"item\":\"https:\\\/\\\/blog.biketravel.net\\\/de\\\/\"},{\"@type\":\"ListItem\",\"position\":2,\"name\":\"Conclusion\"}]},{\"@type\":\"WebSite\",\"@id\":\"https:\\\/\\\/blog.biketravel.net\\\/de\\\/#website\",\"url\":\"https:\\\/\\\/blog.biketravel.net\\\/de\\\/\",\"name\":\"Cycle the world - biketravel.net\",\"description\":\"A road full of adventures...\",\"potentialAction\":[{\"@type\":\"SearchAction\",\"target\":{\"@type\":\"EntryPoint\",\"urlTemplate\":\"https:\\\/\\\/blog.biketravel.net\\\/de\\\/?s={search_term_string}\"},\"query-input\":{\"@type\":\"PropertyValueSpecification\",\"valueRequired\":true,\"valueName\":\"search_term_string\"}}],\"inLanguage\":\"de\"},{\"@type\":\"Person\",\"@id\":\"https:\\\/\\\/blog.biketravel.net\\\/de\\\/#\\\/schema\\\/person\\\/04a500e1a95d1b28af82cbf6aadf1654\",\"name\":\"Stefan\",\"image\":{\"@type\":\"ImageObject\",\"inLanguage\":\"de\",\"@id\":\"https:\\\/\\\/secure.gravatar.com\\\/avatar\\\/ff0febd8768ebeba062b9d94931931cf09fad09f19ddd71ddaad9b8bd2166262?s=96&d=wavatar&r=g\",\"url\":\"https:\\\/\\\/secure.gravatar.com\\\/avatar\\\/ff0febd8768ebeba062b9d94931931cf09fad09f19ddd71ddaad9b8bd2166262?s=96&d=wavatar&r=g\",\"contentUrl\":\"https:\\\/\\\/secure.gravatar.com\\\/avatar\\\/ff0febd8768ebeba062b9d94931931cf09fad09f19ddd71ddaad9b8bd2166262?s=96&d=wavatar&r=g\",\"caption\":\"Stefan\"},\"description\":\"I'm a telecommunication engineer by profession and like to discover the world by bike. I think, that it is the perfect speed to move but still be in touch with the world and the people which live there. And I'm very happy, that my wife Susanna is joining me now on those adventures. If you are interested in other journeys we did so far, please also check my website www.biketravel.net. Stefan, Switzerland\",\"sameAs\":[\"http:\\\/\\\/www.biketravel.net\",\"https:\\\/\\\/x.com\\\/biketravelnet\"],\"url\":\"https:\\\/\\\/blog.biketravel.net\\\/de\\\/author\\\/admin\\\/\"}]}<\/script>\n<!-- \/ Yoast SEO plugin. -->","yoast_head_json":{"title":"Fazit - biketravel.net","robots":{"index":"index","follow":"follow","max-snippet":"max-snippet:-1","max-image-preview":"max-image-preview:large","max-video-preview":"max-video-preview:-1"},"canonical":"https:\/\/blog.biketravel.net\/en\/santiago-to-ushuaia-by-bike\/fazit\/","twitter_misc":{"Verfasst von":"Stefan","Gesch\u00e4tzte Lesezeit":"8\u00a0Minuten"},"schema":{"@context":"https:\/\/schema.org","@graph":[{"@type":"Article","@id":"https:\/\/blog.biketravel.net\/en\/santiago-to-ushuaia-by-bike\/fazit\/#article","isPartOf":{"@id":"https:\/\/blog.biketravel.net\/en\/santiago-to-ushuaia-by-bike\/fazit\/"},"author":{"name":"Stefan","@id":"https:\/\/blog.biketravel.net\/de\/#\/schema\/person\/04a500e1a95d1b28af82cbf6aadf1654"},"headline":"Fazit","datePublished":"2010-02-17T16:22:39+00:00","dateModified":"2011-12-28T17:28:18+00:00","mainEntityOfPage":{"@id":"https:\/\/blog.biketravel.net\/en\/santiago-to-ushuaia-by-bike\/fazit\/"},"wordCount":1663,"commentCount":8,"image":{"@id":"https:\/\/blog.biketravel.net\/en\/santiago-to-ushuaia-by-bike\/fazit\/#primaryimage"},"thumbnailUrl":"https:\/\/i0.wp.com\/blog.biketravel.net\/wp-content\/uploads\/2011\/08\/Baiha_Inutil_1_1000_144.jpg?fit=1000%2C144&ssl=1","articleSection":["Santiago-Ushuaia per Fahrrad"],"inLanguage":"de","potentialAction":[{"@type":"CommentAction","name":"Comment","target":["https:\/\/blog.biketravel.net\/en\/santiago-to-ushuaia-by-bike\/fazit\/#respond"]}]},{"@type":"WebPage","@id":"https:\/\/blog.biketravel.net\/en\/santiago-to-ushuaia-by-bike\/fazit\/","url":"https:\/\/blog.biketravel.net\/en\/santiago-to-ushuaia-by-bike\/fazit\/","name":"Fazit - biketravel.net","isPartOf":{"@id":"https:\/\/blog.biketravel.net\/de\/#website"},"primaryImageOfPage":{"@id":"https:\/\/blog.biketravel.net\/en\/santiago-to-ushuaia-by-bike\/fazit\/#primaryimage"},"image":{"@id":"https:\/\/blog.biketravel.net\/en\/santiago-to-ushuaia-by-bike\/fazit\/#primaryimage"},"thumbnailUrl":"https:\/\/i0.wp.com\/blog.biketravel.net\/wp-content\/uploads\/2011\/08\/Baiha_Inutil_1_1000_144.jpg?fit=1000%2C144&ssl=1","datePublished":"2010-02-17T16:22:39+00:00","dateModified":"2011-12-28T17:28:18+00:00","author":{"@id":"https:\/\/blog.biketravel.net\/de\/#\/schema\/person\/04a500e1a95d1b28af82cbf6aadf1654"},"breadcrumb":{"@id":"https:\/\/blog.biketravel.net\/en\/santiago-to-ushuaia-by-bike\/fazit\/#breadcrumb"},"inLanguage":"de","potentialAction":[{"@type":"ReadAction","target":["https:\/\/blog.biketravel.net\/en\/santiago-to-ushuaia-by-bike\/fazit\/"]}]},{"@type":"ImageObject","inLanguage":"de","@id":"https:\/\/blog.biketravel.net\/en\/santiago-to-ushuaia-by-bike\/fazit\/#primaryimage","url":"https:\/\/i0.wp.com\/blog.biketravel.net\/wp-content\/uploads\/2011\/08\/Baiha_Inutil_1_1000_144.jpg?fit=1000%2C144&ssl=1","contentUrl":"https:\/\/i0.wp.com\/blog.biketravel.net\/wp-content\/uploads\/2011\/08\/Baiha_Inutil_1_1000_144.jpg?fit=1000%2C144&ssl=1","width":1000,"height":144,"caption":"Baiha Inutil, Tierra del Fuego Chile"},{"@type":"BreadcrumbList","@id":"https:\/\/blog.biketravel.net\/en\/santiago-to-ushuaia-by-bike\/fazit\/#breadcrumb","itemListElement":[{"@type":"ListItem","position":1,"name":"Home","item":"https:\/\/blog.biketravel.net\/de\/"},{"@type":"ListItem","position":2,"name":"Conclusion"}]},{"@type":"WebSite","@id":"https:\/\/blog.biketravel.net\/de\/#website","url":"https:\/\/blog.biketravel.net\/de\/","name":"Cycle the world - biketravel.net","description":"A road full of adventures...","potentialAction":[{"@type":"SearchAction","target":{"@type":"EntryPoint","urlTemplate":"https:\/\/blog.biketravel.net\/de\/?s={search_term_string}"},"query-input":{"@type":"PropertyValueSpecification","valueRequired":true,"valueName":"search_term_string"}}],"inLanguage":"de"},{"@type":"Person","@id":"https:\/\/blog.biketravel.net\/de\/#\/schema\/person\/04a500e1a95d1b28af82cbf6aadf1654","name":"Stefan","image":{"@type":"ImageObject","inLanguage":"de","@id":"https:\/\/secure.gravatar.com\/avatar\/ff0febd8768ebeba062b9d94931931cf09fad09f19ddd71ddaad9b8bd2166262?s=96&d=wavatar&r=g","url":"https:\/\/secure.gravatar.com\/avatar\/ff0febd8768ebeba062b9d94931931cf09fad09f19ddd71ddaad9b8bd2166262?s=96&d=wavatar&r=g","contentUrl":"https:\/\/secure.gravatar.com\/avatar\/ff0febd8768ebeba062b9d94931931cf09fad09f19ddd71ddaad9b8bd2166262?s=96&d=wavatar&r=g","caption":"Stefan"},"description":"I'm a telecommunication engineer by profession and like to discover the world by bike. I think, that it is the perfect speed to move but still be in touch with the world and the people which live there. And I'm very happy, that my wife Susanna is joining me now on those adventures. If you are interested in other journeys we did so far, please also check my website www.biketravel.net. Stefan, Switzerland","sameAs":["http:\/\/www.biketravel.net","https:\/\/x.com\/biketravelnet"],"url":"https:\/\/blog.biketravel.net\/de\/author\/admin\/"}]}},"jetpack_featured_media_url":"https:\/\/i0.wp.com\/blog.biketravel.net\/wp-content\/uploads\/2011\/08\/Baiha_Inutil_1_1000_144.jpg?fit=1000%2C144&ssl=1","jetpack_shortlink":"https:\/\/wp.me\/scO9X7-fazit","jetpack_sharing_enabled":true,"_links":{"self":[{"href":"https:\/\/blog.biketravel.net\/de\/wp-json\/wp\/v2\/posts\/418","targetHints":{"allow":["GET"]}}],"collection":[{"href":"https:\/\/blog.biketravel.net\/de\/wp-json\/wp\/v2\/posts"}],"about":[{"href":"https:\/\/blog.biketravel.net\/de\/wp-json\/wp\/v2\/types\/post"}],"author":[{"embeddable":true,"href":"https:\/\/blog.biketravel.net\/de\/wp-json\/wp\/v2\/users\/1346"}],"replies":[{"embeddable":true,"href":"https:\/\/blog.biketravel.net\/de\/wp-json\/wp\/v2\/comments?post=418"}],"version-history":[{"count":0,"href":"https:\/\/blog.biketravel.net\/de\/wp-json\/wp\/v2\/posts\/418\/revisions"}],"wp:featuredmedia":[{"embeddable":true,"href":"https:\/\/blog.biketravel.net\/de\/wp-json\/wp\/v2\/media\/599"}],"wp:attachment":[{"href":"https:\/\/blog.biketravel.net\/de\/wp-json\/wp\/v2\/media?parent=418"}],"wp:term":[{"taxonomy":"category","embeddable":true,"href":"https:\/\/blog.biketravel.net\/de\/wp-json\/wp\/v2\/categories?post=418"},{"taxonomy":"post_tag","embeddable":true,"href":"https:\/\/blog.biketravel.net\/de\/wp-json\/wp\/v2\/tags?post=418"}],"curies":[{"name":"wp","href":"https:\/\/api.w.org\/{rel}","templated":true}]}}