{"id":6023,"date":"2016-04-19T01:45:39","date_gmt":"2016-04-19T00:45:39","guid":{"rendered":"https:\/\/blog.biketravel.net\/?p=6023"},"modified":"2016-04-19T01:45:39","modified_gmt":"2016-04-19T00:45:39","slug":"salta-san-antonio-de-los-cobres-first-4000m-pass","status":"publish","type":"post","link":"https:\/\/blog.biketravel.net\/de\/south-america-2016\/salta-san-antonio-de-los-cobres-first-4000m-pass\/","title":{"rendered":"Salta &#8211; San Antonio de los Cobres: Unser erster 4&#8217;000er Pass"},"content":{"rendered":"<p>Wie im letzten Artikel geschrieben, trafen wir in Salta Heidi aus der Schweiz und Jeremias aus Liechtenstein. Sie sind schon l\u00e4nger in S\u00fcdamerika unterwegs und haben eine \u00e4hnliche Route von Salta her geplant, wie wir. Deshalb war es naheliegend, dass wir zusammen weiter fahren w\u00fcrden. Und so verliessen wir zusammen Salta (gut 1&#8217;200m \u00fcber Meer).<\/p>\n<p>Es zeigte sich aber leider schnell, dass sie erheblich fitter waren als wir und deshalb auch schneller unterwegs sind (was wir schon wussten). Deshalb entschieden wir uns schweren Herzens doch wieder alleine zu fahren und uns hoffentlich sp\u00e4ter wieder zu treffen. Heidi und Jeremias nahmen noch am gleichen Tag den Aufstieg Richtung des mehr als 4&#8217;000m hohen Passes Abra Blanca unter die R\u00e4der. Susanna und ich entschieden uns in Campo Quijano zu \u00fcbernachten. In der Nacht tobte sich in der Gegend ein Gewitter aus und so war am morgen die Strasse zum Pass wegen eines Erdrutsches gesperrt. Wir mussten also wohl oder \u00fcbel einen weiteren Tag pausieren :-).<\/p>\n<p>Am n\u00e4chsten Tag gab es aber keine Entschuldigung mehr und wir fuhren weiter. Zuerst unter der Br\u00fccke des Tren de los Nubes hindurch (der im Moment gerade nicht f\u00e4hrt).<\/p>\n<p><a href=\"https:\/\/i0.wp.com\/blog.biketravel.net\/wp-content\/uploads\/2016\/04\/MG_6728.jpg?ssl=1\" target=\"_blank\" rel=\"attachment wp-att-6000\"><img data-recalc-dims=\"1\" loading=\"lazy\" decoding=\"async\" data-attachment-id=\"6000\" data-permalink=\"https:\/\/blog.biketravel.net\/de\/south-america-2016\/salta-san-antonio-de-los-cobres-first-4000m-pass\/attachment\/_mg_6728\/\" data-orig-file=\"https:\/\/i0.wp.com\/blog.biketravel.net\/wp-content\/uploads\/2016\/04\/MG_6728.jpg?fit=1600%2C1067&amp;ssl=1\" data-orig-size=\"1600,1067\" data-comments-opened=\"1\" data-image-meta=\"{&quot;aperture&quot;:&quot;8&quot;,&quot;credit&quot;:&quot;STEFAN.KUETTEL@BIKETRAVEL.NET&quot;,&quot;camera&quot;:&quot;Canon EOS 6D&quot;,&quot;caption&quot;:&quot;&quot;,&quot;created_timestamp&quot;:&quot;1459761971&quot;,&quot;copyright&quot;:&quot;STEFAN.KUETTEL@BIKETRAVEL.NET&quot;,&quot;focal_length&quot;:&quot;35&quot;,&quot;iso&quot;:&quot;100&quot;,&quot;shutter_speed&quot;:&quot;0.02&quot;,&quot;title&quot;:&quot;&quot;,&quot;orientation&quot;:&quot;0&quot;}\" data-image-title=\"Br\u00fccke des Tren de los Nubes\" data-image-description=\"\" data-image-caption=\"\" data-large-file=\"https:\/\/i0.wp.com\/blog.biketravel.net\/wp-content\/uploads\/2016\/04\/MG_6728.jpg?fit=1024%2C683&amp;ssl=1\" class=\"aligncenter wp-image-6000 size-large\" src=\"https:\/\/i0.wp.com\/blog.biketravel.net\/wp-content\/uploads\/2016\/04\/MG_6728.jpg?resize=640%2C427&#038;ssl=1\" alt=\"Br\u00fccke des Tren de los Nubes\" width=\"640\" height=\"427\" srcset=\"https:\/\/i0.wp.com\/blog.biketravel.net\/wp-content\/uploads\/2016\/04\/MG_6728.jpg?resize=1024%2C683&amp;ssl=1 1024w, https:\/\/i0.wp.com\/blog.biketravel.net\/wp-content\/uploads\/2016\/04\/MG_6728.jpg?resize=300%2C200&amp;ssl=1 300w, https:\/\/i0.wp.com\/blog.biketravel.net\/wp-content\/uploads\/2016\/04\/MG_6728.jpg?resize=768%2C512&amp;ssl=1 768w, https:\/\/i0.wp.com\/blog.biketravel.net\/wp-content\/uploads\/2016\/04\/MG_6728.jpg?w=1600&amp;ssl=1 1600w\" sizes=\"auto, (max-width: 640px) 100vw, 640px\" \/><\/a>Wir folgten dann dem Tal und damit auch dem Streckenverlauf des Zuges. Wenn man die Gleis sieht, dann erstaunt es doch ein wenig, dass dieser Zug anscheinend tats\u00e4chlich noch f\u00e4hrt. Ich sch\u00e4tze mal im schnelleren Schritttempo&#8230;<\/p>\n<p><a href=\"https:\/\/i0.wp.com\/blog.biketravel.net\/wp-content\/uploads\/2016\/04\/MG_6736.jpg?ssl=1\" target=\"_blank\" rel=\"attachment wp-att-6001\"><img data-recalc-dims=\"1\" loading=\"lazy\" decoding=\"async\" data-attachment-id=\"6001\" data-permalink=\"https:\/\/blog.biketravel.net\/de\/south-america-2016\/salta-san-antonio-de-los-cobres-first-4000m-pass\/attachment\/_mg_6736\/\" data-orig-file=\"https:\/\/i0.wp.com\/blog.biketravel.net\/wp-content\/uploads\/2016\/04\/MG_6736.jpg?fit=1600%2C1067&amp;ssl=1\" data-orig-size=\"1600,1067\" data-comments-opened=\"1\" data-image-meta=\"{&quot;aperture&quot;:&quot;8&quot;,&quot;credit&quot;:&quot;STEFAN.KUETTEL@BIKETRAVEL.NET&quot;,&quot;camera&quot;:&quot;Canon EOS 6D&quot;,&quot;caption&quot;:&quot;&quot;,&quot;created_timestamp&quot;:&quot;1459763882&quot;,&quot;copyright&quot;:&quot;STEFAN.KUETTEL@BIKETRAVEL.NET&quot;,&quot;focal_length&quot;:&quot;22&quot;,&quot;iso&quot;:&quot;100&quot;,&quot;shutter_speed&quot;:&quot;0.02&quot;,&quot;title&quot;:&quot;&quot;,&quot;orientation&quot;:&quot;0&quot;}\" data-image-title=\"Gleis des Tren de los Nubes\" data-image-description=\"\" data-image-caption=\"\" data-large-file=\"https:\/\/i0.wp.com\/blog.biketravel.net\/wp-content\/uploads\/2016\/04\/MG_6736.jpg?fit=1024%2C683&amp;ssl=1\" class=\"aligncenter wp-image-6001 size-large\" src=\"https:\/\/i0.wp.com\/blog.biketravel.net\/wp-content\/uploads\/2016\/04\/MG_6736.jpg?resize=640%2C427&#038;ssl=1\" alt=\"Gleis des Tren de los Nubes\" width=\"640\" height=\"427\" srcset=\"https:\/\/i0.wp.com\/blog.biketravel.net\/wp-content\/uploads\/2016\/04\/MG_6736.jpg?resize=1024%2C683&amp;ssl=1 1024w, https:\/\/i0.wp.com\/blog.biketravel.net\/wp-content\/uploads\/2016\/04\/MG_6736.jpg?resize=300%2C200&amp;ssl=1 300w, https:\/\/i0.wp.com\/blog.biketravel.net\/wp-content\/uploads\/2016\/04\/MG_6736.jpg?resize=768%2C512&amp;ssl=1 768w, https:\/\/i0.wp.com\/blog.biketravel.net\/wp-content\/uploads\/2016\/04\/MG_6736.jpg?w=1600&amp;ssl=1 1600w\" sizes=\"auto, (max-width: 640px) 100vw, 640px\" \/><\/a>Jedenfalls kamen wir einigermassen gut voran und genossen auch immer wieder die sch\u00f6nen Ausblicke ins farbenpr\u00e4chtige Tal.<\/p>\n<p><a href=\"https:\/\/i0.wp.com\/blog.biketravel.net\/wp-content\/uploads\/2016\/04\/M7_2083.jpg?ssl=1\" target=\"_blank\" rel=\"attachment wp-att-5987\"><img data-recalc-dims=\"1\" loading=\"lazy\" decoding=\"async\" data-attachment-id=\"5987\" data-permalink=\"https:\/\/blog.biketravel.net\/de\/south-america-2016\/salta-san-antonio-de-los-cobres-first-4000m-pass\/attachment\/_m7_2083\/\" data-orig-file=\"https:\/\/i0.wp.com\/blog.biketravel.net\/wp-content\/uploads\/2016\/04\/M7_2083.jpg?fit=1600%2C1067&amp;ssl=1\" data-orig-size=\"1600,1067\" data-comments-opened=\"1\" data-image-meta=\"{&quot;aperture&quot;:&quot;20&quot;,&quot;credit&quot;:&quot;stefan.kuettel@biketravel.net&quot;,&quot;camera&quot;:&quot;Canon EOS 7D&quot;,&quot;caption&quot;:&quot;&quot;,&quot;created_timestamp&quot;:&quot;1459775707&quot;,&quot;copyright&quot;:&quot;&quot;,&quot;focal_length&quot;:&quot;47&quot;,&quot;iso&quot;:&quot;100&quot;,&quot;shutter_speed&quot;:&quot;0.02&quot;,&quot;title&quot;:&quot;&quot;,&quot;orientation&quot;:&quot;0&quot;}\" data-image-title=\"Farben zum Staunen\" data-image-description=\"\" data-image-caption=\"\" data-large-file=\"https:\/\/i0.wp.com\/blog.biketravel.net\/wp-content\/uploads\/2016\/04\/M7_2083.jpg?fit=1024%2C683&amp;ssl=1\" class=\"aligncenter wp-image-5987 size-large\" src=\"https:\/\/i0.wp.com\/blog.biketravel.net\/wp-content\/uploads\/2016\/04\/M7_2083.jpg?resize=640%2C427&#038;ssl=1\" alt=\"Farben zum Staunen\" width=\"640\" height=\"427\" srcset=\"https:\/\/i0.wp.com\/blog.biketravel.net\/wp-content\/uploads\/2016\/04\/M7_2083.jpg?resize=1024%2C683&amp;ssl=1 1024w, https:\/\/i0.wp.com\/blog.biketravel.net\/wp-content\/uploads\/2016\/04\/M7_2083.jpg?resize=300%2C200&amp;ssl=1 300w, https:\/\/i0.wp.com\/blog.biketravel.net\/wp-content\/uploads\/2016\/04\/M7_2083.jpg?resize=768%2C512&amp;ssl=1 768w, https:\/\/i0.wp.com\/blog.biketravel.net\/wp-content\/uploads\/2016\/04\/M7_2083.jpg?w=1600&amp;ssl=1 1600w\" sizes=\"auto, (max-width: 640px) 100vw, 640px\" \/><\/a>Am Ende des Tages wurde es dann aber doch noch etwas knapp. Wir fanden keine Unterkunft und auch zum Campieren bot sich nichts an. F\u00fcr die letzten 10km bzw. 200 H\u00f6henmeter des Tages nahmen wir deshalb die Hilfe eines Pickups in Anspruch und campierten schlussendlich auf dem Dorfplatz in Santa Rosa de Tastil.<\/p>\n<p>Am n\u00e4chsten Tag ging es weiter aufw\u00e4rts. Die Landschaft war immer noch sehr sch\u00f6n.<\/p>\n<p><a href=\"https:\/\/i0.wp.com\/blog.biketravel.net\/wp-content\/uploads\/2016\/04\/MG_6802.jpg?ssl=1\" target=\"_blank\" rel=\"attachment wp-att-6003\"><img data-recalc-dims=\"1\" loading=\"lazy\" decoding=\"async\" data-attachment-id=\"6003\" data-permalink=\"https:\/\/blog.biketravel.net\/de\/south-america-2016\/salta-san-antonio-de-los-cobres-first-4000m-pass\/attachment\/_mg_6802\/\" data-orig-file=\"https:\/\/i0.wp.com\/blog.biketravel.net\/wp-content\/uploads\/2016\/04\/MG_6802.jpg?fit=1600%2C1067&amp;ssl=1\" data-orig-size=\"1600,1067\" data-comments-opened=\"1\" data-image-meta=\"{&quot;aperture&quot;:&quot;8&quot;,&quot;credit&quot;:&quot;STEFAN.KUETTEL@BIKETRAVEL.NET&quot;,&quot;camera&quot;:&quot;Canon EOS 6D&quot;,&quot;caption&quot;:&quot;&quot;,&quot;created_timestamp&quot;:&quot;1459852857&quot;,&quot;copyright&quot;:&quot;STEFAN.KUETTEL@BIKETRAVEL.NET&quot;,&quot;focal_length&quot;:&quot;24&quot;,&quot;iso&quot;:&quot;100&quot;,&quot;shutter_speed&quot;:&quot;0.005&quot;,&quot;title&quot;:&quot;&quot;,&quot;orientation&quot;:&quot;0&quot;}\" data-image-title=\"_MG_6802\" data-image-description=\"\" data-image-caption=\"\" data-large-file=\"https:\/\/i0.wp.com\/blog.biketravel.net\/wp-content\/uploads\/2016\/04\/MG_6802.jpg?fit=1024%2C683&amp;ssl=1\" class=\"aligncenter wp-image-6003 size-large\" title=\"Kurz nach Santa Rosa\" src=\"https:\/\/i0.wp.com\/blog.biketravel.net\/wp-content\/uploads\/2016\/04\/MG_6802.jpg?resize=640%2C427&#038;ssl=1\" alt=\"Kurz nach Santa Rosa\" width=\"640\" height=\"427\" srcset=\"https:\/\/i0.wp.com\/blog.biketravel.net\/wp-content\/uploads\/2016\/04\/MG_6802.jpg?resize=1024%2C683&amp;ssl=1 1024w, https:\/\/i0.wp.com\/blog.biketravel.net\/wp-content\/uploads\/2016\/04\/MG_6802.jpg?resize=300%2C200&amp;ssl=1 300w, https:\/\/i0.wp.com\/blog.biketravel.net\/wp-content\/uploads\/2016\/04\/MG_6802.jpg?resize=768%2C512&amp;ssl=1 768w, https:\/\/i0.wp.com\/blog.biketravel.net\/wp-content\/uploads\/2016\/04\/MG_6802.jpg?w=1600&amp;ssl=1 1600w\" sizes=\"auto, (max-width: 640px) 100vw, 640px\" \/><\/a><\/p>\n<p>Der Wind drehte aber leider langsam. Hatten wir vorher eher etwas R\u00fcckenwind, so wurde es nun st\u00fcrmisch. Mehrere Gewitter zogen vorbei.<\/p>\n<p><a href=\"https:\/\/i0.wp.com\/blog.biketravel.net\/wp-content\/uploads\/2016\/04\/MG_6824.jpg?ssl=1\" target=\"_blank\" rel=\"attachment wp-att-6004\"><img data-recalc-dims=\"1\" loading=\"lazy\" decoding=\"async\" data-attachment-id=\"6004\" data-permalink=\"https:\/\/blog.biketravel.net\/de\/south-america-2016\/salta-san-antonio-de-los-cobres-first-4000m-pass\/attachment\/_mg_6824\/\" data-orig-file=\"https:\/\/i0.wp.com\/blog.biketravel.net\/wp-content\/uploads\/2016\/04\/MG_6824.jpg?fit=1600%2C1067&amp;ssl=1\" data-orig-size=\"1600,1067\" data-comments-opened=\"1\" data-image-meta=\"{&quot;aperture&quot;:&quot;8&quot;,&quot;credit&quot;:&quot;STEFAN.KUETTEL@BIKETRAVEL.NET&quot;,&quot;camera&quot;:&quot;Canon EOS 6D&quot;,&quot;caption&quot;:&quot;&quot;,&quot;created_timestamp&quot;:&quot;1459870068&quot;,&quot;copyright&quot;:&quot;STEFAN.KUETTEL@BIKETRAVEL.NET&quot;,&quot;focal_length&quot;:&quot;16&quot;,&quot;iso&quot;:&quot;100&quot;,&quot;shutter_speed&quot;:&quot;0.005&quot;,&quot;title&quot;:&quot;&quot;,&quot;orientation&quot;:&quot;0&quot;}\" data-image-title=\"Kurz nach dem Sturm\" data-image-description=\"\" data-image-caption=\"\" data-large-file=\"https:\/\/i0.wp.com\/blog.biketravel.net\/wp-content\/uploads\/2016\/04\/MG_6824.jpg?fit=1024%2C683&amp;ssl=1\" class=\"aligncenter wp-image-6004 size-large\" src=\"https:\/\/i0.wp.com\/blog.biketravel.net\/wp-content\/uploads\/2016\/04\/MG_6824.jpg?resize=640%2C427&#038;ssl=1\" alt=\"Kurz nach dem Sturm\" width=\"640\" height=\"427\" srcset=\"https:\/\/i0.wp.com\/blog.biketravel.net\/wp-content\/uploads\/2016\/04\/MG_6824.jpg?resize=1024%2C683&amp;ssl=1 1024w, https:\/\/i0.wp.com\/blog.biketravel.net\/wp-content\/uploads\/2016\/04\/MG_6824.jpg?resize=300%2C200&amp;ssl=1 300w, https:\/\/i0.wp.com\/blog.biketravel.net\/wp-content\/uploads\/2016\/04\/MG_6824.jpg?resize=768%2C512&amp;ssl=1 768w, https:\/\/i0.wp.com\/blog.biketravel.net\/wp-content\/uploads\/2016\/04\/MG_6824.jpg?w=1600&amp;ssl=1 1600w\" sizes=\"auto, (max-width: 640px) 100vw, 640px\" \/><\/a>Kurz vor der Passh\u00f6he zwang uns eines der Gewitter unsere Velos zu verlassen. Gl\u00fccklicherweise liess die Blitzaktivit\u00e4t, kurz bevor das Gewitter uns erreichte, nach. Ansonsten w\u00e4re es wohl nicht so lustig geworden&#8230;<\/p>\n<p>Ziemlich ersch\u00f6pft (ich jedenfalls) erreichten wir den Pass. Ich k\u00e4mpfte sichtlich mit der H\u00f6he&#8230;<\/p>\n<p><a href=\"https:\/\/i0.wp.com\/blog.biketravel.net\/wp-content\/uploads\/2016\/04\/M7_2222.jpg?ssl=1\" target=\"_blank\" rel=\"attachment wp-att-5989\"><img data-recalc-dims=\"1\" loading=\"lazy\" decoding=\"async\" data-attachment-id=\"5989\" data-permalink=\"https:\/\/blog.biketravel.net\/de\/south-america-2016\/salta-san-antonio-de-los-cobres-first-4000m-pass\/attachment\/_m7_2222\/\" data-orig-file=\"https:\/\/i0.wp.com\/blog.biketravel.net\/wp-content\/uploads\/2016\/04\/M7_2222.jpg?fit=1600%2C1067&amp;ssl=1\" data-orig-size=\"1600,1067\" data-comments-opened=\"1\" data-image-meta=\"{&quot;aperture&quot;:&quot;8&quot;,&quot;credit&quot;:&quot;stefan.kuettel@biketravel.net&quot;,&quot;camera&quot;:&quot;Canon EOS 7D&quot;,&quot;caption&quot;:&quot;&quot;,&quot;created_timestamp&quot;:&quot;1459877820&quot;,&quot;copyright&quot;:&quot;&quot;,&quot;focal_length&quot;:&quot;47&quot;,&quot;iso&quot;:&quot;100&quot;,&quot;shutter_speed&quot;:&quot;0.01&quot;,&quot;title&quot;:&quot;&quot;,&quot;orientation&quot;:&quot;0&quot;}\" data-image-title=\"Abra Blanca\" data-image-description=\"\" data-image-caption=\"\" data-large-file=\"https:\/\/i0.wp.com\/blog.biketravel.net\/wp-content\/uploads\/2016\/04\/M7_2222.jpg?fit=1024%2C683&amp;ssl=1\" class=\"aligncenter wp-image-5989 size-large\" src=\"https:\/\/i0.wp.com\/blog.biketravel.net\/wp-content\/uploads\/2016\/04\/M7_2222.jpg?resize=640%2C427&#038;ssl=1\" alt=\"Stefan auf dem Abra Blanca\" width=\"640\" height=\"427\" srcset=\"https:\/\/i0.wp.com\/blog.biketravel.net\/wp-content\/uploads\/2016\/04\/M7_2222.jpg?resize=1024%2C683&amp;ssl=1 1024w, https:\/\/i0.wp.com\/blog.biketravel.net\/wp-content\/uploads\/2016\/04\/M7_2222.jpg?resize=300%2C200&amp;ssl=1 300w, https:\/\/i0.wp.com\/blog.biketravel.net\/wp-content\/uploads\/2016\/04\/M7_2222.jpg?resize=768%2C512&amp;ssl=1 768w, https:\/\/i0.wp.com\/blog.biketravel.net\/wp-content\/uploads\/2016\/04\/M7_2222.jpg?w=1600&amp;ssl=1 1600w\" sizes=\"auto, (max-width: 640px) 100vw, 640px\" \/><\/a>Susanna war noch besser dran.<\/p>\n<p><a href=\"https:\/\/i0.wp.com\/blog.biketravel.net\/wp-content\/uploads\/2016\/04\/M7_2225.jpg?ssl=1\" target=\"_blank\" rel=\"attachment wp-att-5990\"><img data-recalc-dims=\"1\" loading=\"lazy\" decoding=\"async\" data-attachment-id=\"5990\" data-permalink=\"https:\/\/blog.biketravel.net\/de\/south-america-2016\/salta-san-antonio-de-los-cobres-first-4000m-pass\/attachment\/_m7_2225\/\" data-orig-file=\"https:\/\/i0.wp.com\/blog.biketravel.net\/wp-content\/uploads\/2016\/04\/M7_2225.jpg?fit=1600%2C1067&amp;ssl=1\" data-orig-size=\"1600,1067\" data-comments-opened=\"1\" data-image-meta=\"{&quot;aperture&quot;:&quot;8&quot;,&quot;credit&quot;:&quot;stefan.kuettel@biketravel.net&quot;,&quot;camera&quot;:&quot;Canon EOS 7D&quot;,&quot;caption&quot;:&quot;&quot;,&quot;created_timestamp&quot;:&quot;1459877951&quot;,&quot;copyright&quot;:&quot;&quot;,&quot;focal_length&quot;:&quot;35&quot;,&quot;iso&quot;:&quot;100&quot;,&quot;shutter_speed&quot;:&quot;0.025&quot;,&quot;title&quot;:&quot;&quot;,&quot;orientation&quot;:&quot;0&quot;}\" data-image-title=\"Susanna auf dem Abra Blanca\" data-image-description=\"\" data-image-caption=\"\" data-large-file=\"https:\/\/i0.wp.com\/blog.biketravel.net\/wp-content\/uploads\/2016\/04\/M7_2225.jpg?fit=1024%2C683&amp;ssl=1\" class=\"aligncenter wp-image-5990 size-large\" src=\"https:\/\/i0.wp.com\/blog.biketravel.net\/wp-content\/uploads\/2016\/04\/M7_2225.jpg?resize=640%2C427&#038;ssl=1\" alt=\"Susanna auf dem Abra Blanca\" width=\"640\" height=\"427\" srcset=\"https:\/\/i0.wp.com\/blog.biketravel.net\/wp-content\/uploads\/2016\/04\/M7_2225.jpg?resize=1024%2C683&amp;ssl=1 1024w, https:\/\/i0.wp.com\/blog.biketravel.net\/wp-content\/uploads\/2016\/04\/M7_2225.jpg?resize=300%2C200&amp;ssl=1 300w, https:\/\/i0.wp.com\/blog.biketravel.net\/wp-content\/uploads\/2016\/04\/M7_2225.jpg?resize=768%2C512&amp;ssl=1 768w, https:\/\/i0.wp.com\/blog.biketravel.net\/wp-content\/uploads\/2016\/04\/M7_2225.jpg?w=1600&amp;ssl=1 1600w\" sizes=\"auto, (max-width: 640px) 100vw, 640px\" \/><\/a>Nun sollte es eigentlich\u00a0bis San Antonio de los Cobres nur noch nach unten gehen. Und das vermeintlich auf einer asphaltierten Strasse. Susanna war entsprechend optimistisch.<\/p>\n<p><a href=\"https:\/\/i0.wp.com\/blog.biketravel.net\/wp-content\/uploads\/2016\/04\/MG_6831.jpg?ssl=1\" rel=\"attachment wp-att-6005\"><img data-recalc-dims=\"1\" loading=\"lazy\" decoding=\"async\" data-attachment-id=\"6005\" data-permalink=\"https:\/\/blog.biketravel.net\/de\/south-america-2016\/salta-san-antonio-de-los-cobres-first-4000m-pass\/attachment\/_mg_6831\/\" data-orig-file=\"https:\/\/i0.wp.com\/blog.biketravel.net\/wp-content\/uploads\/2016\/04\/MG_6831.jpg?fit=1600%2C1067&amp;ssl=1\" data-orig-size=\"1600,1067\" data-comments-opened=\"1\" data-image-meta=\"{&quot;aperture&quot;:&quot;8&quot;,&quot;credit&quot;:&quot;STEFAN.KUETTEL@BIKETRAVEL.NET&quot;,&quot;camera&quot;:&quot;Canon EOS 6D&quot;,&quot;caption&quot;:&quot;&quot;,&quot;created_timestamp&quot;:&quot;1459878278&quot;,&quot;copyright&quot;:&quot;STEFAN.KUETTEL@BIKETRAVEL.NET&quot;,&quot;focal_length&quot;:&quot;28&quot;,&quot;iso&quot;:&quot;100&quot;,&quot;shutter_speed&quot;:&quot;0.0125&quot;,&quot;title&quot;:&quot;&quot;,&quot;orientation&quot;:&quot;0&quot;}\" data-image-title=\"Abra Blanca\" data-image-description=\"\" data-image-caption=\"\" data-large-file=\"https:\/\/i0.wp.com\/blog.biketravel.net\/wp-content\/uploads\/2016\/04\/MG_6831.jpg?fit=1024%2C683&amp;ssl=1\" class=\"aligncenter size-large wp-image-6005\" src=\"https:\/\/i0.wp.com\/blog.biketravel.net\/wp-content\/uploads\/2016\/04\/MG_6831.jpg?resize=640%2C427&#038;ssl=1\" alt=\"Abra Blanca\" width=\"640\" height=\"427\" srcset=\"https:\/\/i0.wp.com\/blog.biketravel.net\/wp-content\/uploads\/2016\/04\/MG_6831.jpg?resize=1024%2C683&amp;ssl=1 1024w, https:\/\/i0.wp.com\/blog.biketravel.net\/wp-content\/uploads\/2016\/04\/MG_6831.jpg?resize=300%2C200&amp;ssl=1 300w, https:\/\/i0.wp.com\/blog.biketravel.net\/wp-content\/uploads\/2016\/04\/MG_6831.jpg?resize=768%2C512&amp;ssl=1 768w, https:\/\/i0.wp.com\/blog.biketravel.net\/wp-content\/uploads\/2016\/04\/MG_6831.jpg?w=1600&amp;ssl=1 1600w\" sizes=\"auto, (max-width: 640px) 100vw, 640px\" \/><\/a>Ja, es war dann doch leider nur ein kurzer Teil asphaltiert&#8230; Und nur nach unten ging es auch nicht.<\/p>\n<p><a href=\"https:\/\/i0.wp.com\/blog.biketravel.net\/wp-content\/uploads\/2016\/04\/M7_2237.jpg?ssl=1\" rel=\"attachment wp-att-5991\"><img data-recalc-dims=\"1\" loading=\"lazy\" decoding=\"async\" data-attachment-id=\"5991\" data-permalink=\"https:\/\/blog.biketravel.net\/de\/south-america-2016\/salta-san-antonio-de-los-cobres-first-4000m-pass\/attachment\/_m7_2237\/\" data-orig-file=\"https:\/\/i0.wp.com\/blog.biketravel.net\/wp-content\/uploads\/2016\/04\/M7_2237.jpg?fit=1600%2C1067&amp;ssl=1\" data-orig-size=\"1600,1067\" data-comments-opened=\"1\" data-image-meta=\"{&quot;aperture&quot;:&quot;8&quot;,&quot;credit&quot;:&quot;stefan.kuettel@biketravel.net&quot;,&quot;camera&quot;:&quot;Canon EOS 7D&quot;,&quot;caption&quot;:&quot;&quot;,&quot;created_timestamp&quot;:&quot;1459881698&quot;,&quot;copyright&quot;:&quot;&quot;,&quot;focal_length&quot;:&quot;28&quot;,&quot;iso&quot;:&quot;100&quot;,&quot;shutter_speed&quot;:&quot;0.002&quot;,&quot;title&quot;:&quot;&quot;,&quot;orientation&quot;:&quot;0&quot;}\" data-image-title=\"Auf dem Weg nach San Antonio de los Cobres\" data-image-description=\"\" data-image-caption=\"\" data-large-file=\"https:\/\/i0.wp.com\/blog.biketravel.net\/wp-content\/uploads\/2016\/04\/M7_2237.jpg?fit=1024%2C683&amp;ssl=1\" class=\"aligncenter size-large wp-image-5991\" src=\"https:\/\/i0.wp.com\/blog.biketravel.net\/wp-content\/uploads\/2016\/04\/M7_2237.jpg?resize=640%2C427&#038;ssl=1\" alt=\"Auf dem Weg nach San Antonio de los Cobres\" width=\"640\" height=\"427\" srcset=\"https:\/\/i0.wp.com\/blog.biketravel.net\/wp-content\/uploads\/2016\/04\/M7_2237.jpg?resize=1024%2C683&amp;ssl=1 1024w, https:\/\/i0.wp.com\/blog.biketravel.net\/wp-content\/uploads\/2016\/04\/M7_2237.jpg?resize=300%2C200&amp;ssl=1 300w, https:\/\/i0.wp.com\/blog.biketravel.net\/wp-content\/uploads\/2016\/04\/M7_2237.jpg?resize=768%2C512&amp;ssl=1 768w, https:\/\/i0.wp.com\/blog.biketravel.net\/wp-content\/uploads\/2016\/04\/M7_2237.jpg?w=1600&amp;ssl=1 1600w\" sizes=\"auto, (max-width: 640px) 100vw, 640px\" \/><\/a>Die Berge verf\u00e4rbten sich mit der untergehenden Sonne langsam rot. Nur von San Antonio de los Cobres war noch nichts zu sehen&#8230; Schlussendlich war es stockdunkel, als wir den Ort doch noch erreichten. Wir waren ziemlich fertig und sehr hungrig. Als erstes genehmigten wir uns deshalb in der Hosteria ein ausgiebiges Nachtessen. Das half :-).<\/p>\n<p>San Antonio de los Cobres liegt auf mehr als 3&#8217;700m \u00fcber Meer. Ich hatte starke Kopfschmerzen und es war mir schlecht. Die ersten Anzeichen der H\u00f6henkrankheit. Wir beschlossen deshalb, erst mal ein paar Tage in San Antonio zu bleiben, damit wir uns (und im speziellen ich mich) etwas an die H\u00f6he gew\u00f6hnen konnten. Schliesslich warteten noch ein paar hohe Herausforderungen auf uns: Unter anderem der Paso Sico. Aber mehr dazu im n\u00e4chsten Blogeintrag.<\/p>\n<p>Vielen Dank f\u00fcr&#8217;s lesen und liebe Gr\u00fcsse,<\/p>\n<p>Stefan und Susanna<\/p>","protected":false},"excerpt":{"rendered":"<p>Wie im letzten Artikel geschrieben, trafen wir in Salta Heidi aus der Schweiz und Jeremias aus Liechtenstein. Sie sind schon l\u00e4nger in S\u00fcdamerika unterwegs und haben eine \u00e4hnliche Route von Salta her geplant, wie wir. Deshalb war es naheliegend, dass wir zusammen weiter fahren w\u00fcrden. Und so verliessen wir zusammen Salta (gut 1&#8217;200m \u00fcber Meer). [&hellip;]<\/p>\n","protected":false},"author":1346,"featured_media":5988,"comment_status":"open","ping_status":"open","sticky":false,"template":"","format":"standard","meta":{"jetpack_post_was_ever_published":false,"_jetpack_newsletter_access":"","_jetpack_dont_email_post_to_subs":false,"_jetpack_newsletter_tier_id":0,"_jetpack_memberships_contains_paywalled_content":false,"_jetpack_memberships_contains_paid_content":false,"footnotes":""},"categories":[436,434],"tags":[450,267,449,448,452,451],"class_list":{"0":"post-6023","1":"post","2":"type-post","3":"status-publish","4":"format-standard","5":"has-post-thumbnail","7":"category-argentina-2016","8":"category-south-america-2016","9":"tag-abra-blanca","10":"tag-argentinien","11":"tag-campo-quijano","12":"tag-salta","13":"tag-san-antonio-de-los-cobres","14":"tag-santa-rosa-de-tastil","15":"czr-hentry"},"yoast_head":"<!-- This site is optimized with the Yoast SEO plugin v27.5 - https:\/\/yoast.com\/product\/yoast-seo-wordpress\/ -->\n<title>Salta - San Antonio de los Cobres: Unser erster 4&#039;000er Pass - biketravel.net<\/title>\n<meta name=\"description\" content=\"By bicycle from Salta to San Antonio de los Cobres. Mit dem Fahrrad von Salta nach San Antonio de los Cobres. Paso Abra Blanca\" \/>\n<meta name=\"robots\" content=\"index, follow, max-snippet:-1, max-image-preview:large, max-video-preview:-1\" \/>\n<link rel=\"canonical\" href=\"https:\/\/blog.biketravel.net\/en\/south-america-2016\/salta-san-antonio-de-los-cobres-first-4000m-pass\/\" \/>\n<meta name=\"twitter:label1\" content=\"Verfasst von\" \/>\n\t<meta name=\"twitter:data1\" content=\"Stefan\" \/>\n\t<meta name=\"twitter:label2\" content=\"Gesch\u00e4tzte Lesezeit\" \/>\n\t<meta name=\"twitter:data2\" content=\"3\u00a0Minuten\" \/>\n<script type=\"application\/ld+json\" class=\"yoast-schema-graph\">{\"@context\":\"https:\\\/\\\/schema.org\",\"@graph\":[{\"@type\":\"Article\",\"@id\":\"https:\\\/\\\/blog.biketravel.net\\\/en\\\/south-america-2016\\\/salta-san-antonio-de-los-cobres-first-4000m-pass\\\/#article\",\"isPartOf\":{\"@id\":\"https:\\\/\\\/blog.biketravel.net\\\/en\\\/south-america-2016\\\/salta-san-antonio-de-los-cobres-first-4000m-pass\\\/\"},\"author\":{\"name\":\"Stefan\",\"@id\":\"https:\\\/\\\/blog.biketravel.net\\\/de\\\/#\\\/schema\\\/person\\\/04a500e1a95d1b28af82cbf6aadf1654\"},\"headline\":\"Salta &#8211; San Antonio de los Cobres: Unser erster 4&#8217;000er Pass\",\"datePublished\":\"2016-04-19T00:45:39+00:00\",\"mainEntityOfPage\":{\"@id\":\"https:\\\/\\\/blog.biketravel.net\\\/en\\\/south-america-2016\\\/salta-san-antonio-de-los-cobres-first-4000m-pass\\\/\"},\"wordCount\":644,\"commentCount\":2,\"image\":{\"@id\":\"https:\\\/\\\/blog.biketravel.net\\\/en\\\/south-america-2016\\\/salta-san-antonio-de-los-cobres-first-4000m-pass\\\/#primaryimage\"},\"thumbnailUrl\":\"https:\\\/\\\/i0.wp.com\\\/blog.biketravel.net\\\/wp-content\\\/uploads\\\/2016\\\/04\\\/M7_2095.jpg?fit=1600%2C1067&ssl=1\",\"keywords\":[\"Abra Blanca\",\"argentinien\",\"Campo Quijano\",\"Salta\",\"San Antonio de los Cobres\",\"Santa Rosa de Tastil\"],\"articleSection\":[\"Argentina 2016\",\"South America 2016\"],\"inLanguage\":\"de\",\"potentialAction\":[{\"@type\":\"CommentAction\",\"name\":\"Comment\",\"target\":[\"https:\\\/\\\/blog.biketravel.net\\\/en\\\/south-america-2016\\\/salta-san-antonio-de-los-cobres-first-4000m-pass\\\/#respond\"]}]},{\"@type\":\"WebPage\",\"@id\":\"https:\\\/\\\/blog.biketravel.net\\\/en\\\/south-america-2016\\\/salta-san-antonio-de-los-cobres-first-4000m-pass\\\/\",\"url\":\"https:\\\/\\\/blog.biketravel.net\\\/en\\\/south-america-2016\\\/salta-san-antonio-de-los-cobres-first-4000m-pass\\\/\",\"name\":\"Salta - San Antonio de los Cobres: Unser erster 4'000er Pass - biketravel.net\",\"isPartOf\":{\"@id\":\"https:\\\/\\\/blog.biketravel.net\\\/de\\\/#website\"},\"primaryImageOfPage\":{\"@id\":\"https:\\\/\\\/blog.biketravel.net\\\/en\\\/south-america-2016\\\/salta-san-antonio-de-los-cobres-first-4000m-pass\\\/#primaryimage\"},\"image\":{\"@id\":\"https:\\\/\\\/blog.biketravel.net\\\/en\\\/south-america-2016\\\/salta-san-antonio-de-los-cobres-first-4000m-pass\\\/#primaryimage\"},\"thumbnailUrl\":\"https:\\\/\\\/i0.wp.com\\\/blog.biketravel.net\\\/wp-content\\\/uploads\\\/2016\\\/04\\\/M7_2095.jpg?fit=1600%2C1067&ssl=1\",\"datePublished\":\"2016-04-19T00:45:39+00:00\",\"author\":{\"@id\":\"https:\\\/\\\/blog.biketravel.net\\\/de\\\/#\\\/schema\\\/person\\\/04a500e1a95d1b28af82cbf6aadf1654\"},\"description\":\"By bicycle from Salta to San Antonio de los Cobres. Mit dem Fahrrad von Salta nach San Antonio de los Cobres. Paso Abra Blanca\",\"breadcrumb\":{\"@id\":\"https:\\\/\\\/blog.biketravel.net\\\/en\\\/south-america-2016\\\/salta-san-antonio-de-los-cobres-first-4000m-pass\\\/#breadcrumb\"},\"inLanguage\":\"de\",\"potentialAction\":[{\"@type\":\"ReadAction\",\"target\":[\"https:\\\/\\\/blog.biketravel.net\\\/en\\\/south-america-2016\\\/salta-san-antonio-de-los-cobres-first-4000m-pass\\\/\"]}]},{\"@type\":\"ImageObject\",\"inLanguage\":\"de\",\"@id\":\"https:\\\/\\\/blog.biketravel.net\\\/en\\\/south-america-2016\\\/salta-san-antonio-de-los-cobres-first-4000m-pass\\\/#primaryimage\",\"url\":\"https:\\\/\\\/i0.wp.com\\\/blog.biketravel.net\\\/wp-content\\\/uploads\\\/2016\\\/04\\\/M7_2095.jpg?fit=1600%2C1067&ssl=1\",\"contentUrl\":\"https:\\\/\\\/i0.wp.com\\\/blog.biketravel.net\\\/wp-content\\\/uploads\\\/2016\\\/04\\\/M7_2095.jpg?fit=1600%2C1067&ssl=1\",\"width\":1600,\"height\":1067},{\"@type\":\"BreadcrumbList\",\"@id\":\"https:\\\/\\\/blog.biketravel.net\\\/en\\\/south-america-2016\\\/salta-san-antonio-de-los-cobres-first-4000m-pass\\\/#breadcrumb\",\"itemListElement\":[{\"@type\":\"ListItem\",\"position\":1,\"name\":\"Home\",\"item\":\"https:\\\/\\\/blog.biketravel.net\\\/de\\\/\"},{\"@type\":\"ListItem\",\"position\":2,\"name\":\"Salta &#8211; San Antonio de los Cobres: Unser erster 4&#8217;000er Pass\"}]},{\"@type\":\"WebSite\",\"@id\":\"https:\\\/\\\/blog.biketravel.net\\\/de\\\/#website\",\"url\":\"https:\\\/\\\/blog.biketravel.net\\\/de\\\/\",\"name\":\"Cycle the world - biketravel.net\",\"description\":\"A road full of adventures...\",\"potentialAction\":[{\"@type\":\"SearchAction\",\"target\":{\"@type\":\"EntryPoint\",\"urlTemplate\":\"https:\\\/\\\/blog.biketravel.net\\\/de\\\/?s={search_term_string}\"},\"query-input\":{\"@type\":\"PropertyValueSpecification\",\"valueRequired\":true,\"valueName\":\"search_term_string\"}}],\"inLanguage\":\"de\"},{\"@type\":\"Person\",\"@id\":\"https:\\\/\\\/blog.biketravel.net\\\/de\\\/#\\\/schema\\\/person\\\/04a500e1a95d1b28af82cbf6aadf1654\",\"name\":\"Stefan\",\"image\":{\"@type\":\"ImageObject\",\"inLanguage\":\"de\",\"@id\":\"https:\\\/\\\/secure.gravatar.com\\\/avatar\\\/ff0febd8768ebeba062b9d94931931cf09fad09f19ddd71ddaad9b8bd2166262?s=96&d=wavatar&r=g\",\"url\":\"https:\\\/\\\/secure.gravatar.com\\\/avatar\\\/ff0febd8768ebeba062b9d94931931cf09fad09f19ddd71ddaad9b8bd2166262?s=96&d=wavatar&r=g\",\"contentUrl\":\"https:\\\/\\\/secure.gravatar.com\\\/avatar\\\/ff0febd8768ebeba062b9d94931931cf09fad09f19ddd71ddaad9b8bd2166262?s=96&d=wavatar&r=g\",\"caption\":\"Stefan\"},\"description\":\"I'm a telecommunication engineer by profession and like to discover the world by bike. I think, that it is the perfect speed to move but still be in touch with the world and the people which live there. And I'm very happy, that my wife Susanna is joining me now on those adventures. If you are interested in other journeys we did so far, please also check my website www.biketravel.net. Stefan, Switzerland\",\"sameAs\":[\"http:\\\/\\\/www.biketravel.net\",\"https:\\\/\\\/x.com\\\/biketravelnet\"],\"url\":\"https:\\\/\\\/blog.biketravel.net\\\/de\\\/author\\\/admin\\\/\"}]}<\/script>\n<!-- \/ Yoast SEO plugin. -->","yoast_head_json":{"title":"Salta - San Antonio de los Cobres: Unser erster 4'000er Pass - biketravel.net","description":"By bicycle from Salta to San Antonio de los Cobres. Mit dem Fahrrad von Salta nach San Antonio de los Cobres. Paso Abra Blanca","robots":{"index":"index","follow":"follow","max-snippet":"max-snippet:-1","max-image-preview":"max-image-preview:large","max-video-preview":"max-video-preview:-1"},"canonical":"https:\/\/blog.biketravel.net\/en\/south-america-2016\/salta-san-antonio-de-los-cobres-first-4000m-pass\/","twitter_misc":{"Verfasst von":"Stefan","Gesch\u00e4tzte Lesezeit":"3\u00a0Minuten"},"schema":{"@context":"https:\/\/schema.org","@graph":[{"@type":"Article","@id":"https:\/\/blog.biketravel.net\/en\/south-america-2016\/salta-san-antonio-de-los-cobres-first-4000m-pass\/#article","isPartOf":{"@id":"https:\/\/blog.biketravel.net\/en\/south-america-2016\/salta-san-antonio-de-los-cobres-first-4000m-pass\/"},"author":{"name":"Stefan","@id":"https:\/\/blog.biketravel.net\/de\/#\/schema\/person\/04a500e1a95d1b28af82cbf6aadf1654"},"headline":"Salta &#8211; San Antonio de los Cobres: Unser erster 4&#8217;000er Pass","datePublished":"2016-04-19T00:45:39+00:00","mainEntityOfPage":{"@id":"https:\/\/blog.biketravel.net\/en\/south-america-2016\/salta-san-antonio-de-los-cobres-first-4000m-pass\/"},"wordCount":644,"commentCount":2,"image":{"@id":"https:\/\/blog.biketravel.net\/en\/south-america-2016\/salta-san-antonio-de-los-cobres-first-4000m-pass\/#primaryimage"},"thumbnailUrl":"https:\/\/i0.wp.com\/blog.biketravel.net\/wp-content\/uploads\/2016\/04\/M7_2095.jpg?fit=1600%2C1067&ssl=1","keywords":["Abra Blanca","argentinien","Campo Quijano","Salta","San Antonio de los Cobres","Santa Rosa de Tastil"],"articleSection":["Argentina 2016","South America 2016"],"inLanguage":"de","potentialAction":[{"@type":"CommentAction","name":"Comment","target":["https:\/\/blog.biketravel.net\/en\/south-america-2016\/salta-san-antonio-de-los-cobres-first-4000m-pass\/#respond"]}]},{"@type":"WebPage","@id":"https:\/\/blog.biketravel.net\/en\/south-america-2016\/salta-san-antonio-de-los-cobres-first-4000m-pass\/","url":"https:\/\/blog.biketravel.net\/en\/south-america-2016\/salta-san-antonio-de-los-cobres-first-4000m-pass\/","name":"Salta - San Antonio de los Cobres: Unser erster 4'000er Pass - biketravel.net","isPartOf":{"@id":"https:\/\/blog.biketravel.net\/de\/#website"},"primaryImageOfPage":{"@id":"https:\/\/blog.biketravel.net\/en\/south-america-2016\/salta-san-antonio-de-los-cobres-first-4000m-pass\/#primaryimage"},"image":{"@id":"https:\/\/blog.biketravel.net\/en\/south-america-2016\/salta-san-antonio-de-los-cobres-first-4000m-pass\/#primaryimage"},"thumbnailUrl":"https:\/\/i0.wp.com\/blog.biketravel.net\/wp-content\/uploads\/2016\/04\/M7_2095.jpg?fit=1600%2C1067&ssl=1","datePublished":"2016-04-19T00:45:39+00:00","author":{"@id":"https:\/\/blog.biketravel.net\/de\/#\/schema\/person\/04a500e1a95d1b28af82cbf6aadf1654"},"description":"By bicycle from Salta to San Antonio de los Cobres. Mit dem Fahrrad von Salta nach San Antonio de los Cobres. Paso Abra Blanca","breadcrumb":{"@id":"https:\/\/blog.biketravel.net\/en\/south-america-2016\/salta-san-antonio-de-los-cobres-first-4000m-pass\/#breadcrumb"},"inLanguage":"de","potentialAction":[{"@type":"ReadAction","target":["https:\/\/blog.biketravel.net\/en\/south-america-2016\/salta-san-antonio-de-los-cobres-first-4000m-pass\/"]}]},{"@type":"ImageObject","inLanguage":"de","@id":"https:\/\/blog.biketravel.net\/en\/south-america-2016\/salta-san-antonio-de-los-cobres-first-4000m-pass\/#primaryimage","url":"https:\/\/i0.wp.com\/blog.biketravel.net\/wp-content\/uploads\/2016\/04\/M7_2095.jpg?fit=1600%2C1067&ssl=1","contentUrl":"https:\/\/i0.wp.com\/blog.biketravel.net\/wp-content\/uploads\/2016\/04\/M7_2095.jpg?fit=1600%2C1067&ssl=1","width":1600,"height":1067},{"@type":"BreadcrumbList","@id":"https:\/\/blog.biketravel.net\/en\/south-america-2016\/salta-san-antonio-de-los-cobres-first-4000m-pass\/#breadcrumb","itemListElement":[{"@type":"ListItem","position":1,"name":"Home","item":"https:\/\/blog.biketravel.net\/de\/"},{"@type":"ListItem","position":2,"name":"Salta &#8211; San Antonio de los Cobres: Unser erster 4&#8217;000er Pass"}]},{"@type":"WebSite","@id":"https:\/\/blog.biketravel.net\/de\/#website","url":"https:\/\/blog.biketravel.net\/de\/","name":"Cycle the world - biketravel.net","description":"A road full of adventures...","potentialAction":[{"@type":"SearchAction","target":{"@type":"EntryPoint","urlTemplate":"https:\/\/blog.biketravel.net\/de\/?s={search_term_string}"},"query-input":{"@type":"PropertyValueSpecification","valueRequired":true,"valueName":"search_term_string"}}],"inLanguage":"de"},{"@type":"Person","@id":"https:\/\/blog.biketravel.net\/de\/#\/schema\/person\/04a500e1a95d1b28af82cbf6aadf1654","name":"Stefan","image":{"@type":"ImageObject","inLanguage":"de","@id":"https:\/\/secure.gravatar.com\/avatar\/ff0febd8768ebeba062b9d94931931cf09fad09f19ddd71ddaad9b8bd2166262?s=96&d=wavatar&r=g","url":"https:\/\/secure.gravatar.com\/avatar\/ff0febd8768ebeba062b9d94931931cf09fad09f19ddd71ddaad9b8bd2166262?s=96&d=wavatar&r=g","contentUrl":"https:\/\/secure.gravatar.com\/avatar\/ff0febd8768ebeba062b9d94931931cf09fad09f19ddd71ddaad9b8bd2166262?s=96&d=wavatar&r=g","caption":"Stefan"},"description":"I'm a telecommunication engineer by profession and like to discover the world by bike. I think, that it is the perfect speed to move but still be in touch with the world and the people which live there. And I'm very happy, that my wife Susanna is joining me now on those adventures. If you are interested in other journeys we did so far, please also check my website www.biketravel.net. Stefan, Switzerland","sameAs":["http:\/\/www.biketravel.net","https:\/\/x.com\/biketravelnet"],"url":"https:\/\/blog.biketravel.net\/de\/author\/admin\/"}]}},"jetpack_featured_media_url":"https:\/\/i0.wp.com\/blog.biketravel.net\/wp-content\/uploads\/2016\/04\/M7_2095.jpg?fit=1600%2C1067&ssl=1","jetpack_shortlink":"https:\/\/wp.me\/pcO9X7-1z9","jetpack_sharing_enabled":true,"_links":{"self":[{"href":"https:\/\/blog.biketravel.net\/de\/wp-json\/wp\/v2\/posts\/6023","targetHints":{"allow":["GET"]}}],"collection":[{"href":"https:\/\/blog.biketravel.net\/de\/wp-json\/wp\/v2\/posts"}],"about":[{"href":"https:\/\/blog.biketravel.net\/de\/wp-json\/wp\/v2\/types\/post"}],"author":[{"embeddable":true,"href":"https:\/\/blog.biketravel.net\/de\/wp-json\/wp\/v2\/users\/1346"}],"replies":[{"embeddable":true,"href":"https:\/\/blog.biketravel.net\/de\/wp-json\/wp\/v2\/comments?post=6023"}],"version-history":[{"count":8,"href":"https:\/\/blog.biketravel.net\/de\/wp-json\/wp\/v2\/posts\/6023\/revisions"}],"predecessor-version":[{"id":6031,"href":"https:\/\/blog.biketravel.net\/de\/wp-json\/wp\/v2\/posts\/6023\/revisions\/6031"}],"wp:featuredmedia":[{"embeddable":true,"href":"https:\/\/blog.biketravel.net\/de\/wp-json\/wp\/v2\/media\/5988"}],"wp:attachment":[{"href":"https:\/\/blog.biketravel.net\/de\/wp-json\/wp\/v2\/media?parent=6023"}],"wp:term":[{"taxonomy":"category","embeddable":true,"href":"https:\/\/blog.biketravel.net\/de\/wp-json\/wp\/v2\/categories?post=6023"},{"taxonomy":"post_tag","embeddable":true,"href":"https:\/\/blog.biketravel.net\/de\/wp-json\/wp\/v2\/tags?post=6023"}],"curies":[{"name":"wp","href":"https:\/\/api.w.org\/{rel}","templated":true}]}}