{"id":6032,"date":"2016-04-19T19:31:57","date_gmt":"2016-04-19T18:31:57","guid":{"rendered":"https:\/\/blog.biketravel.net\/?p=6032"},"modified":"2016-04-19T19:31:57","modified_gmt":"2016-04-19T18:31:57","slug":"san-antonio-de-los-cobres-san-pedro-de-atacama-paso-sico","status":"publish","type":"post","link":"https:\/\/blog.biketravel.net\/de\/south-america-2016\/san-antonio-de-los-cobres-san-pedro-de-atacama-paso-sico\/","title":{"rendered":"San Antonio de los Cobres &#8211; San Pedro de Atacama: Paso Sico"},"content":{"rendered":"<p>Der Weg nach San Antonio de los Cobres war nur der Auftakt f\u00fcr eine gr\u00f6ssere Herausforderung: Den Paso Sico. Die Herausforderung ist auf einer Seite die H\u00f6he (bis \u00fcber 4&#8217;500m), auf der anderen Seite die Strasse (praktisch alles nicht asphaltiert) und die fehlende Infrastruktur (\u00fcber 200km hat es praktisch nichts und \u00fcber 350km nicht wahnsinnig viel). Aber die Hauptherausforderung hatten wir etwas verdr\u00e4ngt: Den Wind (kommt praktisch immer aus West -&gt; Gegenwind).<\/p>\n<p>Wir kauften in San Antonio gut ein, damit wir Essen f\u00fcr eine gute Woche dabei hatten.<\/p>\n<p><a href=\"https:\/\/i0.wp.com\/blog.biketravel.net\/wp-content\/uploads\/2016\/04\/M7_2258.jpg?ssl=1\" rel=\"attachment wp-att-5992\"><img data-recalc-dims=\"1\" loading=\"lazy\" decoding=\"async\" data-attachment-id=\"5992\" data-permalink=\"https:\/\/blog.biketravel.net\/de\/south-america-2016\/san-antonio-de-los-cobres-san-pedro-de-atacama-paso-sico\/attachment\/_m7_2258\/\" data-orig-file=\"https:\/\/i0.wp.com\/blog.biketravel.net\/wp-content\/uploads\/2016\/04\/M7_2258.jpg?fit=1600%2C1067&amp;ssl=1\" data-orig-size=\"1600,1067\" data-comments-opened=\"1\" data-image-meta=\"{&quot;aperture&quot;:&quot;4&quot;,&quot;credit&quot;:&quot;stefan.kuettel@biketravel.net&quot;,&quot;camera&quot;:&quot;Canon EOS 7D&quot;,&quot;caption&quot;:&quot;&quot;,&quot;created_timestamp&quot;:&quot;1460124076&quot;,&quot;copyright&quot;:&quot;&quot;,&quot;focal_length&quot;:&quot;32&quot;,&quot;iso&quot;:&quot;200&quot;,&quot;shutter_speed&quot;:&quot;0.004&quot;,&quot;title&quot;:&quot;&quot;,&quot;orientation&quot;:&quot;0&quot;}\" data-image-title=\"Unsere Essensration\" data-image-description=\"\" data-image-caption=\"\" data-large-file=\"https:\/\/i0.wp.com\/blog.biketravel.net\/wp-content\/uploads\/2016\/04\/M7_2258.jpg?fit=1024%2C683&amp;ssl=1\" class=\"aligncenter size-large wp-image-5992\" src=\"https:\/\/i0.wp.com\/blog.biketravel.net\/wp-content\/uploads\/2016\/04\/M7_2258.jpg?resize=640%2C427&#038;ssl=1\" alt=\"Unsere Essensration\" width=\"640\" height=\"427\" srcset=\"https:\/\/i0.wp.com\/blog.biketravel.net\/wp-content\/uploads\/2016\/04\/M7_2258.jpg?resize=1024%2C683&amp;ssl=1 1024w, https:\/\/i0.wp.com\/blog.biketravel.net\/wp-content\/uploads\/2016\/04\/M7_2258.jpg?resize=300%2C200&amp;ssl=1 300w, https:\/\/i0.wp.com\/blog.biketravel.net\/wp-content\/uploads\/2016\/04\/M7_2258.jpg?resize=768%2C512&amp;ssl=1 768w, https:\/\/i0.wp.com\/blog.biketravel.net\/wp-content\/uploads\/2016\/04\/M7_2258.jpg?w=1600&amp;ssl=1 1600w\" sizes=\"auto, (max-width: 640px) 100vw, 640px\" \/><\/a>Dazu kam noch Wasser f\u00fcr zwei Tage (etwa 12l). Wir waren also gut beladen, aber frohen Mutes, als wir in San Antonio abfuhren.<\/p>\n<p><a href=\"https:\/\/i0.wp.com\/blog.biketravel.net\/wp-content\/uploads\/2016\/04\/MG_6850.jpg?ssl=1\" rel=\"attachment wp-att-6022\"><img data-recalc-dims=\"1\" loading=\"lazy\" decoding=\"async\" data-attachment-id=\"6022\" data-permalink=\"https:\/\/blog.biketravel.net\/de\/south-america-2016\/san-antonio-de-los-cobres-san-pedro-de-atacama-paso-sico\/attachment\/_mg_6850\/\" data-orig-file=\"https:\/\/i0.wp.com\/blog.biketravel.net\/wp-content\/uploads\/2016\/04\/MG_6850.jpg?fit=1600%2C1067&amp;ssl=1\" data-orig-size=\"1600,1067\" data-comments-opened=\"1\" data-image-meta=\"{&quot;aperture&quot;:&quot;8&quot;,&quot;credit&quot;:&quot;STEFAN.KUETTEL@BIKETRAVEL.NET&quot;,&quot;camera&quot;:&quot;Canon EOS 6D&quot;,&quot;caption&quot;:&quot;&quot;,&quot;created_timestamp&quot;:&quot;1460191469&quot;,&quot;copyright&quot;:&quot;STEFAN.KUETTEL@BIKETRAVEL.NET&quot;,&quot;focal_length&quot;:&quot;18&quot;,&quot;iso&quot;:&quot;100&quot;,&quot;shutter_speed&quot;:&quot;0.01&quot;,&quot;title&quot;:&quot;&quot;,&quot;orientation&quot;:&quot;0&quot;}\" data-image-title=\"Susanna bei der Abfahrt in San Antonio de los Cobres\" data-image-description=\"\" data-image-caption=\"\" data-large-file=\"https:\/\/i0.wp.com\/blog.biketravel.net\/wp-content\/uploads\/2016\/04\/MG_6850.jpg?fit=1024%2C683&amp;ssl=1\" class=\"aligncenter size-large wp-image-6022\" src=\"https:\/\/i0.wp.com\/blog.biketravel.net\/wp-content\/uploads\/2016\/04\/MG_6850.jpg?resize=640%2C427&#038;ssl=1\" alt=\"Susanna bei der Abfahrt in San Antonio de los Cobres\" width=\"640\" height=\"427\" srcset=\"https:\/\/i0.wp.com\/blog.biketravel.net\/wp-content\/uploads\/2016\/04\/MG_6850.jpg?resize=1024%2C683&amp;ssl=1 1024w, https:\/\/i0.wp.com\/blog.biketravel.net\/wp-content\/uploads\/2016\/04\/MG_6850.jpg?resize=300%2C200&amp;ssl=1 300w, https:\/\/i0.wp.com\/blog.biketravel.net\/wp-content\/uploads\/2016\/04\/MG_6850.jpg?resize=768%2C512&amp;ssl=1 768w, https:\/\/i0.wp.com\/blog.biketravel.net\/wp-content\/uploads\/2016\/04\/MG_6850.jpg?w=1600&amp;ssl=1 1600w\" sizes=\"auto, (max-width: 640px) 100vw, 640px\" \/><\/a>Der erste Tag hatte mehr als 800m Aufstieg f\u00fcr uns im Programm. Es war anstrengend, aber am Nachmittag erreichten wir den Alto Chorrillo mit gut 4&#8217;560m.<\/p>\n<p><a href=\"https:\/\/i0.wp.com\/blog.biketravel.net\/wp-content\/uploads\/2016\/04\/MG_6883.jpg?ssl=1\" rel=\"attachment wp-att-6007\"><img data-recalc-dims=\"1\" loading=\"lazy\" decoding=\"async\" data-attachment-id=\"6007\" data-permalink=\"https:\/\/blog.biketravel.net\/de\/south-america-2016\/san-antonio-de-los-cobres-san-pedro-de-atacama-paso-sico\/attachment\/_mg_6883\/\" data-orig-file=\"https:\/\/i0.wp.com\/blog.biketravel.net\/wp-content\/uploads\/2016\/04\/MG_6883.jpg?fit=1600%2C1067&amp;ssl=1\" data-orig-size=\"1600,1067\" data-comments-opened=\"1\" data-image-meta=\"{&quot;aperture&quot;:&quot;8&quot;,&quot;credit&quot;:&quot;STEFAN.KUETTEL@BIKETRAVEL.NET&quot;,&quot;camera&quot;:&quot;Canon EOS 6D&quot;,&quot;caption&quot;:&quot;&quot;,&quot;created_timestamp&quot;:&quot;1460216689&quot;,&quot;copyright&quot;:&quot;STEFAN.KUETTEL@BIKETRAVEL.NET&quot;,&quot;focal_length&quot;:&quot;35&quot;,&quot;iso&quot;:&quot;100&quot;,&quot;shutter_speed&quot;:&quot;0.005&quot;,&quot;title&quot;:&quot;&quot;,&quot;orientation&quot;:&quot;0&quot;}\" data-image-title=\"Susanna auf dem Alto Chorrillos\" data-image-description=\"\" data-image-caption=\"\" data-large-file=\"https:\/\/i0.wp.com\/blog.biketravel.net\/wp-content\/uploads\/2016\/04\/MG_6883.jpg?fit=1024%2C683&amp;ssl=1\" class=\"aligncenter size-large wp-image-6007\" src=\"https:\/\/i0.wp.com\/blog.biketravel.net\/wp-content\/uploads\/2016\/04\/MG_6883.jpg?resize=640%2C427&#038;ssl=1\" alt=\"Susanna auf dem Alto Chorrillos\" width=\"640\" height=\"427\" srcset=\"https:\/\/i0.wp.com\/blog.biketravel.net\/wp-content\/uploads\/2016\/04\/MG_6883.jpg?resize=1024%2C683&amp;ssl=1 1024w, https:\/\/i0.wp.com\/blog.biketravel.net\/wp-content\/uploads\/2016\/04\/MG_6883.jpg?resize=300%2C200&amp;ssl=1 300w, https:\/\/i0.wp.com\/blog.biketravel.net\/wp-content\/uploads\/2016\/04\/MG_6883.jpg?resize=768%2C512&amp;ssl=1 768w, https:\/\/i0.wp.com\/blog.biketravel.net\/wp-content\/uploads\/2016\/04\/MG_6883.jpg?w=1600&amp;ssl=1 1600w\" sizes=\"auto, (max-width: 640px) 100vw, 640px\" \/><\/a>Danach ging es mehrheitlich hinunter. Leider frischte dann aber der Westwind auf, so dass wir ziemlich k\u00e4mpfend erst knapp vor Sonnenuntergang unser erstes Etappenziel erreichten: Den Ort Olacapato auf gut 4&#8217;000m. Wir \u00fcbernachteten im lokalen Comedor (Restaurant) und genossen ein letztes Mal die Argentinische K\u00fcche.<\/p>\n<p>Am n\u00e4chsten Morgen ging es wiederum bei Sonnenschein weiter. Und es war praktisch windstill. Wir fuhren weiter Richtung Westen, ein l\u00e4ngerer Teil dem Salar del Rincon entlang. Anf\u00e4nglich war die Strecke gut fahrbar, dann wurde es aber ziemlich sandig. Und am Nachmittag setzte wiederum der Wind ein. Dieses Mal st\u00e4rker (mit ca. 40-50km\/h) und er sollte auch nicht mehr aufh\u00f6ren, bis wir am Abend die Grenze erreichten. Dort gibt es die M\u00f6glichkeit in einem Geb\u00e4ude der Argentinischen Grenzer zu \u00fcbernachten. Wir waren sehr froh wenigstens w\u00e4hrend der Nacht nicht noch dem Wind ausgesetzt zu sein.<\/p>\n<p>Nach einer erholsamen Nacht war der Frust f\u00fcr uns aber gross, als der Wind schon am fr\u00fchen Morgen wiederum eingesetzt hatte (bisher meist erst am Nachmittag). Wir waren also nicht besonders motiviert um wieder loszufahren. Schlussendlich gaben wir uns aber einen Ruck. Wenigstens war die Landschaft wiederum sehr sch\u00f6n.<\/p>\n<p><a href=\"https:\/\/i0.wp.com\/blog.biketravel.net\/wp-content\/uploads\/2016\/04\/MG_6952.jpg?ssl=1\" rel=\"attachment wp-att-6009\"><img data-recalc-dims=\"1\" loading=\"lazy\" decoding=\"async\" data-attachment-id=\"6009\" data-permalink=\"https:\/\/blog.biketravel.net\/de\/south-america-2016\/san-antonio-de-los-cobres-san-pedro-de-atacama-paso-sico\/attachment\/_mg_6952\/\" data-orig-file=\"https:\/\/i0.wp.com\/blog.biketravel.net\/wp-content\/uploads\/2016\/04\/MG_6952.jpg?fit=1600%2C1067&amp;ssl=1\" data-orig-size=\"1600,1067\" data-comments-opened=\"1\" data-image-meta=\"{&quot;aperture&quot;:&quot;8&quot;,&quot;credit&quot;:&quot;STEFAN.KUETTEL@BIKETRAVEL.NET&quot;,&quot;camera&quot;:&quot;Canon EOS 6D&quot;,&quot;caption&quot;:&quot;&quot;,&quot;created_timestamp&quot;:&quot;1460373606&quot;,&quot;copyright&quot;:&quot;STEFAN.KUETTEL@BIKETRAVEL.NET&quot;,&quot;focal_length&quot;:&quot;25&quot;,&quot;iso&quot;:&quot;100&quot;,&quot;shutter_speed&quot;:&quot;0.005&quot;,&quot;title&quot;:&quot;&quot;,&quot;orientation&quot;:&quot;0&quot;}\" data-image-title=\"Kurz nach den Grenzformalit\u00e4ten\" data-image-description=\"\" data-image-caption=\"\" data-large-file=\"https:\/\/i0.wp.com\/blog.biketravel.net\/wp-content\/uploads\/2016\/04\/MG_6952.jpg?fit=1024%2C683&amp;ssl=1\" class=\"aligncenter size-large wp-image-6009\" src=\"https:\/\/i0.wp.com\/blog.biketravel.net\/wp-content\/uploads\/2016\/04\/MG_6952.jpg?resize=640%2C427&#038;ssl=1\" alt=\"Kurz nach den Grenzformalit\u00e4ten\" width=\"640\" height=\"427\" srcset=\"https:\/\/i0.wp.com\/blog.biketravel.net\/wp-content\/uploads\/2016\/04\/MG_6952.jpg?resize=1024%2C683&amp;ssl=1 1024w, https:\/\/i0.wp.com\/blog.biketravel.net\/wp-content\/uploads\/2016\/04\/MG_6952.jpg?resize=300%2C200&amp;ssl=1 300w, https:\/\/i0.wp.com\/blog.biketravel.net\/wp-content\/uploads\/2016\/04\/MG_6952.jpg?resize=768%2C512&amp;ssl=1 768w, https:\/\/i0.wp.com\/blog.biketravel.net\/wp-content\/uploads\/2016\/04\/MG_6952.jpg?w=1600&amp;ssl=1 1600w\" sizes=\"auto, (max-width: 640px) 100vw, 640px\" \/><\/a>Am fr\u00fcheren Nachmittag erreichten wir die Argentinisch\/Chilenische Grenze und den Paso Sico.<\/p>\n<p><a href=\"https:\/\/i0.wp.com\/blog.biketravel.net\/wp-content\/uploads\/2016\/04\/MG_6994.jpg?ssl=1\" rel=\"attachment wp-att-6010\"><img data-recalc-dims=\"1\" loading=\"lazy\" decoding=\"async\" data-attachment-id=\"6010\" data-permalink=\"https:\/\/blog.biketravel.net\/de\/south-america-2016\/san-antonio-de-los-cobres-san-pedro-de-atacama-paso-sico\/attachment\/_mg_6994\/\" data-orig-file=\"https:\/\/i0.wp.com\/blog.biketravel.net\/wp-content\/uploads\/2016\/04\/MG_6994.jpg?fit=1600%2C1067&amp;ssl=1\" data-orig-size=\"1600,1067\" data-comments-opened=\"1\" data-image-meta=\"{&quot;aperture&quot;:&quot;8&quot;,&quot;credit&quot;:&quot;STEFAN.KUETTEL@BIKETRAVEL.NET&quot;,&quot;camera&quot;:&quot;Canon EOS 6D&quot;,&quot;caption&quot;:&quot;&quot;,&quot;created_timestamp&quot;:&quot;1460383317&quot;,&quot;copyright&quot;:&quot;STEFAN.KUETTEL@BIKETRAVEL.NET&quot;,&quot;focal_length&quot;:&quot;35&quot;,&quot;iso&quot;:&quot;100&quot;,&quot;shutter_speed&quot;:&quot;0.005&quot;,&quot;title&quot;:&quot;&quot;,&quot;orientation&quot;:&quot;0&quot;}\" data-image-title=\"Paso Sico, Grenze Argentinien\/Chile\" data-image-description=\"\" data-image-caption=\"\" data-large-file=\"https:\/\/i0.wp.com\/blog.biketravel.net\/wp-content\/uploads\/2016\/04\/MG_6994.jpg?fit=1024%2C683&amp;ssl=1\" class=\"aligncenter size-large wp-image-6010\" src=\"https:\/\/i0.wp.com\/blog.biketravel.net\/wp-content\/uploads\/2016\/04\/MG_6994.jpg?resize=640%2C427&#038;ssl=1\" alt=\"Paso Sico, Grenze Argentinien\/Chile\" width=\"640\" height=\"427\" srcset=\"https:\/\/i0.wp.com\/blog.biketravel.net\/wp-content\/uploads\/2016\/04\/MG_6994.jpg?resize=1024%2C683&amp;ssl=1 1024w, https:\/\/i0.wp.com\/blog.biketravel.net\/wp-content\/uploads\/2016\/04\/MG_6994.jpg?resize=300%2C200&amp;ssl=1 300w, https:\/\/i0.wp.com\/blog.biketravel.net\/wp-content\/uploads\/2016\/04\/MG_6994.jpg?resize=768%2C512&amp;ssl=1 768w, https:\/\/i0.wp.com\/blog.biketravel.net\/wp-content\/uploads\/2016\/04\/MG_6994.jpg?w=1600&amp;ssl=1 1600w\" sizes=\"auto, (max-width: 640px) 100vw, 640px\" \/><\/a>Die Strasse f\u00fchrte weiterhin aufw\u00e4rts. Und der starke Gegenwind verlangsamte unser Vorw\u00e4rtskommen ziemlich stark. Eigentlich wollten wir an diesem Tag bis zur Mina El Laco fahren. Der starke Wind zwang uns aber vorher zum campieren.<a href=\"https:\/\/i0.wp.com\/blog.biketravel.net\/wp-content\/uploads\/2016\/04\/MG_7055.jpg?ssl=1\" rel=\"attachment wp-att-6011\"><img data-recalc-dims=\"1\" loading=\"lazy\" decoding=\"async\" data-attachment-id=\"6011\" data-permalink=\"https:\/\/blog.biketravel.net\/de\/south-america-2016\/san-antonio-de-los-cobres-san-pedro-de-atacama-paso-sico\/attachment\/_mg_7055\/\" data-orig-file=\"https:\/\/i0.wp.com\/blog.biketravel.net\/wp-content\/uploads\/2016\/04\/MG_7055.jpg?fit=1600%2C1067&amp;ssl=1\" data-orig-size=\"1600,1067\" data-comments-opened=\"1\" data-image-meta=\"{&quot;aperture&quot;:&quot;8&quot;,&quot;credit&quot;:&quot;STEFAN.KUETTEL@BIKETRAVEL.NET&quot;,&quot;camera&quot;:&quot;Canon EOS 6D&quot;,&quot;caption&quot;:&quot;&quot;,&quot;created_timestamp&quot;:&quot;1460453214&quot;,&quot;copyright&quot;:&quot;STEFAN.KUETTEL@BIKETRAVEL.NET&quot;,&quot;focal_length&quot;:&quot;23&quot;,&quot;iso&quot;:&quot;100&quot;,&quot;shutter_speed&quot;:&quot;0.01&quot;,&quot;title&quot;:&quot;&quot;,&quot;orientation&quot;:&quot;0&quot;}\" data-image-title=\"Wild campieren kurz vor Abra Sico\" data-image-description=\"\" data-image-caption=\"\" data-large-file=\"https:\/\/i0.wp.com\/blog.biketravel.net\/wp-content\/uploads\/2016\/04\/MG_7055.jpg?fit=1024%2C683&amp;ssl=1\" class=\"aligncenter size-large wp-image-6011\" src=\"https:\/\/i0.wp.com\/blog.biketravel.net\/wp-content\/uploads\/2016\/04\/MG_7055.jpg?resize=640%2C427&#038;ssl=1\" alt=\"Wild campieren kurz vor Abra Sico\" width=\"640\" height=\"427\" srcset=\"https:\/\/i0.wp.com\/blog.biketravel.net\/wp-content\/uploads\/2016\/04\/MG_7055.jpg?resize=1024%2C683&amp;ssl=1 1024w, https:\/\/i0.wp.com\/blog.biketravel.net\/wp-content\/uploads\/2016\/04\/MG_7055.jpg?resize=300%2C200&amp;ssl=1 300w, https:\/\/i0.wp.com\/blog.biketravel.net\/wp-content\/uploads\/2016\/04\/MG_7055.jpg?resize=768%2C512&amp;ssl=1 768w, https:\/\/i0.wp.com\/blog.biketravel.net\/wp-content\/uploads\/2016\/04\/MG_7055.jpg?w=1600&amp;ssl=1 1600w\" sizes=\"auto, (max-width: 640px) 100vw, 640px\" \/><\/a>Nach einer kalten Nacht (ca -10C), warteten wir erstmal bis die Sonne aufgegangen war, bevor wir fr\u00fchst\u00fcckten, das Zelt zusammen packten und wieder losfuhren. Zuerst noch etwas nach oben (auf 4&#8217;458m) und dann in ein Tal hinunter (4&#8217;250m).<\/p>\n<p><a href=\"https:\/\/i0.wp.com\/blog.biketravel.net\/wp-content\/uploads\/2016\/04\/MG_7079.jpg?ssl=1\" rel=\"attachment wp-att-6012\"><img data-recalc-dims=\"1\" loading=\"lazy\" decoding=\"async\" data-attachment-id=\"6012\" data-permalink=\"https:\/\/blog.biketravel.net\/de\/south-america-2016\/san-antonio-de-los-cobres-san-pedro-de-atacama-paso-sico\/attachment\/_mg_7079\/\" data-orig-file=\"https:\/\/i0.wp.com\/blog.biketravel.net\/wp-content\/uploads\/2016\/04\/MG_7079.jpg?fit=1600%2C1067&amp;ssl=1\" data-orig-size=\"1600,1067\" data-comments-opened=\"1\" data-image-meta=\"{&quot;aperture&quot;:&quot;8&quot;,&quot;credit&quot;:&quot;STEFAN.KUETTEL@BIKETRAVEL.NET&quot;,&quot;camera&quot;:&quot;Canon EOS 6D&quot;,&quot;caption&quot;:&quot;&quot;,&quot;created_timestamp&quot;:&quot;1460464191&quot;,&quot;copyright&quot;:&quot;STEFAN.KUETTEL@BIKETRAVEL.NET&quot;,&quot;focal_length&quot;:&quot;16&quot;,&quot;iso&quot;:&quot;100&quot;,&quot;shutter_speed&quot;:&quot;0.005&quot;,&quot;title&quot;:&quot;&quot;,&quot;orientation&quot;:&quot;0&quot;}\" data-image-title=\"Tal zwischen Abra Sico und Abra El Laco\" data-image-description=\"\" data-image-caption=\"\" data-large-file=\"https:\/\/i0.wp.com\/blog.biketravel.net\/wp-content\/uploads\/2016\/04\/MG_7079.jpg?fit=1024%2C683&amp;ssl=1\" class=\"aligncenter size-large wp-image-6012\" src=\"https:\/\/i0.wp.com\/blog.biketravel.net\/wp-content\/uploads\/2016\/04\/MG_7079.jpg?resize=640%2C427&#038;ssl=1\" alt=\"Tal zwischen Abra Sico und Abra El Laco\" width=\"640\" height=\"427\" srcset=\"https:\/\/i0.wp.com\/blog.biketravel.net\/wp-content\/uploads\/2016\/04\/MG_7079.jpg?resize=1024%2C683&amp;ssl=1 1024w, https:\/\/i0.wp.com\/blog.biketravel.net\/wp-content\/uploads\/2016\/04\/MG_7079.jpg?resize=300%2C200&amp;ssl=1 300w, https:\/\/i0.wp.com\/blog.biketravel.net\/wp-content\/uploads\/2016\/04\/MG_7079.jpg?resize=768%2C512&amp;ssl=1 768w, https:\/\/i0.wp.com\/blog.biketravel.net\/wp-content\/uploads\/2016\/04\/MG_7079.jpg?w=1600&amp;ssl=1 1600w\" sizes=\"auto, (max-width: 640px) 100vw, 640px\" \/><\/a>In der Zwischenzeit hatte der Wind wieder voll eingesetzt und der Gegenaufstieg dauerte entsprechend lange. Schlussendlich erreichten wir aber den h\u00f6chsten Punkt dieser Strecke: 4&#8217;578m. Von dort ging es wieder hinunter und wir waren sehr gl\u00fccklich, als wir an diesem Abend die Mina El Laco erreichten. Der einzig Anwesende war Javier. Er verbringt dort alleine seine Schicht von 10 Tagen Dauer und war deshalb nicht ganz ungl\u00fccklich, als wir auftauchten und ein wenig mit ihm redeten :-). Und wir waren froh, dass wir f\u00fcr eine Nacht ein etwas w\u00e4rmeres Bett hatten :-).<\/p>\n<p><a href=\"https:\/\/i0.wp.com\/blog.biketravel.net\/wp-content\/uploads\/2016\/04\/MG_7124.jpg?ssl=1\" rel=\"attachment wp-att-6014\"><img data-recalc-dims=\"1\" loading=\"lazy\" decoding=\"async\" data-attachment-id=\"6014\" data-permalink=\"https:\/\/blog.biketravel.net\/de\/south-america-2016\/san-antonio-de-los-cobres-san-pedro-de-atacama-paso-sico\/attachment\/_mg_7124\/\" data-orig-file=\"https:\/\/i0.wp.com\/blog.biketravel.net\/wp-content\/uploads\/2016\/04\/MG_7124.jpg?fit=1600%2C1067&amp;ssl=1\" data-orig-size=\"1600,1067\" data-comments-opened=\"1\" data-image-meta=\"{&quot;aperture&quot;:&quot;8&quot;,&quot;credit&quot;:&quot;STEFAN.KUETTEL@BIKETRAVEL.NET&quot;,&quot;camera&quot;:&quot;Canon EOS 6D&quot;,&quot;caption&quot;:&quot;&quot;,&quot;created_timestamp&quot;:&quot;1460557683&quot;,&quot;copyright&quot;:&quot;STEFAN.KUETTEL@BIKETRAVEL.NET&quot;,&quot;focal_length&quot;:&quot;70&quot;,&quot;iso&quot;:&quot;100&quot;,&quot;shutter_speed&quot;:&quot;0.005&quot;,&quot;title&quot;:&quot;&quot;,&quot;orientation&quot;:&quot;0&quot;}\" data-image-title=\"Laguna Aguas Caliente\" data-image-description=\"\" data-image-caption=\"\" data-large-file=\"https:\/\/i0.wp.com\/blog.biketravel.net\/wp-content\/uploads\/2016\/04\/MG_7124.jpg?fit=1024%2C683&amp;ssl=1\" class=\"aligncenter size-large wp-image-6014\" src=\"https:\/\/i0.wp.com\/blog.biketravel.net\/wp-content\/uploads\/2016\/04\/MG_7124.jpg?resize=640%2C427&#038;ssl=1\" alt=\"Laguna Aguas Caliente\" width=\"640\" height=\"427\" srcset=\"https:\/\/i0.wp.com\/blog.biketravel.net\/wp-content\/uploads\/2016\/04\/MG_7124.jpg?resize=1024%2C683&amp;ssl=1 1024w, https:\/\/i0.wp.com\/blog.biketravel.net\/wp-content\/uploads\/2016\/04\/MG_7124.jpg?resize=300%2C200&amp;ssl=1 300w, https:\/\/i0.wp.com\/blog.biketravel.net\/wp-content\/uploads\/2016\/04\/MG_7124.jpg?resize=768%2C512&amp;ssl=1 768w, https:\/\/i0.wp.com\/blog.biketravel.net\/wp-content\/uploads\/2016\/04\/MG_7124.jpg?w=1600&amp;ssl=1 1600w\" sizes=\"auto, (max-width: 640px) 100vw, 640px\" \/><\/a>Die weitere Fahrt f\u00fchrte uns an mehreren sch\u00f6nen Lagunen entlang. Schlussendlich zwang uns aber ein alter Bekannter (der Wind) wiederum zum campieren. Diese Nacht war wieder sehr kalt (-15C). Daf\u00fcr war der Nachthimmel sch\u00f6n klar.<\/p>\n<p><a href=\"https:\/\/i0.wp.com\/blog.biketravel.net\/wp-content\/uploads\/2016\/04\/MG_7138.jpg?ssl=1\" rel=\"attachment wp-att-6016\"><img data-recalc-dims=\"1\" loading=\"lazy\" decoding=\"async\" data-attachment-id=\"6016\" data-permalink=\"https:\/\/blog.biketravel.net\/de\/south-america-2016\/san-antonio-de-los-cobres-san-pedro-de-atacama-paso-sico\/attachment\/_mg_7138\/\" data-orig-file=\"https:\/\/i0.wp.com\/blog.biketravel.net\/wp-content\/uploads\/2016\/04\/MG_7138.jpg?fit=1600%2C1067&amp;ssl=1\" data-orig-size=\"1600,1067\" data-comments-opened=\"1\" data-image-meta=\"{&quot;aperture&quot;:&quot;2.8&quot;,&quot;credit&quot;:&quot;STEFAN.KUETTEL@BIKETRAVEL.NET&quot;,&quot;camera&quot;:&quot;Canon EOS 6D&quot;,&quot;caption&quot;:&quot;&quot;,&quot;created_timestamp&quot;:&quot;1460582782&quot;,&quot;copyright&quot;:&quot;STEFAN.KUETTEL@BIKETRAVEL.NET&quot;,&quot;focal_length&quot;:&quot;16&quot;,&quot;iso&quot;:&quot;3200&quot;,&quot;shutter_speed&quot;:&quot;15&quot;,&quot;title&quot;:&quot;&quot;,&quot;orientation&quot;:&quot;0&quot;}\" data-image-title=\"Nachthimmel\" data-image-description=\"\" data-image-caption=\"\" data-large-file=\"https:\/\/i0.wp.com\/blog.biketravel.net\/wp-content\/uploads\/2016\/04\/MG_7138.jpg?fit=1024%2C683&amp;ssl=1\" class=\"aligncenter size-large wp-image-6016\" src=\"https:\/\/i0.wp.com\/blog.biketravel.net\/wp-content\/uploads\/2016\/04\/MG_7138.jpg?resize=640%2C427&#038;ssl=1\" alt=\"Nachthimmel\" width=\"640\" height=\"427\" srcset=\"https:\/\/i0.wp.com\/blog.biketravel.net\/wp-content\/uploads\/2016\/04\/MG_7138.jpg?resize=1024%2C683&amp;ssl=1 1024w, https:\/\/i0.wp.com\/blog.biketravel.net\/wp-content\/uploads\/2016\/04\/MG_7138.jpg?resize=300%2C200&amp;ssl=1 300w, https:\/\/i0.wp.com\/blog.biketravel.net\/wp-content\/uploads\/2016\/04\/MG_7138.jpg?resize=768%2C512&amp;ssl=1 768w, https:\/\/i0.wp.com\/blog.biketravel.net\/wp-content\/uploads\/2016\/04\/MG_7138.jpg?w=1600&amp;ssl=1 1600w\" sizes=\"auto, (max-width: 640px) 100vw, 640px\" \/><\/a>Und dank dem Mond auch nicht zu dunkel.<\/p>\n<p><a href=\"https:\/\/i0.wp.com\/blog.biketravel.net\/wp-content\/uploads\/2016\/04\/MG_7135.jpg?ssl=1\" rel=\"attachment wp-att-6015\"><img data-recalc-dims=\"1\" loading=\"lazy\" decoding=\"async\" data-attachment-id=\"6015\" data-permalink=\"https:\/\/blog.biketravel.net\/de\/south-america-2016\/san-antonio-de-los-cobres-san-pedro-de-atacama-paso-sico\/attachment\/_mg_7135\/\" data-orig-file=\"https:\/\/i0.wp.com\/blog.biketravel.net\/wp-content\/uploads\/2016\/04\/MG_7135.jpg?fit=1600%2C1067&amp;ssl=1\" data-orig-size=\"1600,1067\" data-comments-opened=\"1\" data-image-meta=\"{&quot;aperture&quot;:&quot;2.8&quot;,&quot;credit&quot;:&quot;STEFAN.KUETTEL@BIKETRAVEL.NET&quot;,&quot;camera&quot;:&quot;Canon EOS 6D&quot;,&quot;caption&quot;:&quot;&quot;,&quot;created_timestamp&quot;:&quot;1460582513&quot;,&quot;copyright&quot;:&quot;STEFAN.KUETTEL@BIKETRAVEL.NET&quot;,&quot;focal_length&quot;:&quot;16&quot;,&quot;iso&quot;:&quot;2500&quot;,&quot;shutter_speed&quot;:&quot;15&quot;,&quot;title&quot;:&quot;&quot;,&quot;orientation&quot;:&quot;0&quot;}\" data-image-title=\"Sch\u00f6ne Mondnacht\" data-image-description=\"\" data-image-caption=\"\" data-large-file=\"https:\/\/i0.wp.com\/blog.biketravel.net\/wp-content\/uploads\/2016\/04\/MG_7135.jpg?fit=1024%2C683&amp;ssl=1\" class=\"aligncenter size-large wp-image-6015\" src=\"https:\/\/i0.wp.com\/blog.biketravel.net\/wp-content\/uploads\/2016\/04\/MG_7135.jpg?resize=640%2C427&#038;ssl=1\" alt=\"Sch\u00f6ne Mondnacht\" width=\"640\" height=\"427\" srcset=\"https:\/\/i0.wp.com\/blog.biketravel.net\/wp-content\/uploads\/2016\/04\/MG_7135.jpg?resize=1024%2C683&amp;ssl=1 1024w, https:\/\/i0.wp.com\/blog.biketravel.net\/wp-content\/uploads\/2016\/04\/MG_7135.jpg?resize=300%2C200&amp;ssl=1 300w, https:\/\/i0.wp.com\/blog.biketravel.net\/wp-content\/uploads\/2016\/04\/MG_7135.jpg?resize=768%2C512&amp;ssl=1 768w, https:\/\/i0.wp.com\/blog.biketravel.net\/wp-content\/uploads\/2016\/04\/MG_7135.jpg?w=1600&amp;ssl=1 1600w\" sizes=\"auto, (max-width: 640px) 100vw, 640px\" \/><\/a>Nach sechs Tagen erreichten wir schliesslich in Socaire wieder die Zivilisation. Mit einer rasanten Abfahrt ging es hinunter zum Salar de Atacama.<\/p>\n<p><a href=\"https:\/\/i0.wp.com\/blog.biketravel.net\/wp-content\/uploads\/2016\/04\/MG_9290.jpg?ssl=1\" rel=\"attachment wp-att-6019\"><img data-recalc-dims=\"1\" loading=\"lazy\" decoding=\"async\" data-attachment-id=\"6019\" data-permalink=\"https:\/\/blog.biketravel.net\/de\/south-america-2016\/san-antonio-de-los-cobres-san-pedro-de-atacama-paso-sico\/attachment\/_mg_9290\/\" data-orig-file=\"https:\/\/i0.wp.com\/blog.biketravel.net\/wp-content\/uploads\/2016\/04\/MG_9290.jpg?fit=1600%2C1067&amp;ssl=1\" data-orig-size=\"1600,1067\" data-comments-opened=\"1\" data-image-meta=\"{&quot;aperture&quot;:&quot;8&quot;,&quot;credit&quot;:&quot;STEFAN.KUETTEL@BIKETRAVEL.NET&quot;,&quot;camera&quot;:&quot;Canon EOS 6D&quot;,&quot;caption&quot;:&quot;&quot;,&quot;created_timestamp&quot;:&quot;1460712395&quot;,&quot;copyright&quot;:&quot;STEFAN.KUETTEL@BIKETRAVEL.NET&quot;,&quot;focal_length&quot;:&quot;70&quot;,&quot;iso&quot;:&quot;100&quot;,&quot;shutter_speed&quot;:&quot;0.004&quot;,&quot;title&quot;:&quot;&quot;,&quot;orientation&quot;:&quot;0&quot;}\" data-image-title=\"Salar de Atacama\" data-image-description=\"\" data-image-caption=\"\" data-large-file=\"https:\/\/i0.wp.com\/blog.biketravel.net\/wp-content\/uploads\/2016\/04\/MG_9290.jpg?fit=1024%2C683&amp;ssl=1\" class=\"aligncenter size-large wp-image-6019\" src=\"https:\/\/i0.wp.com\/blog.biketravel.net\/wp-content\/uploads\/2016\/04\/MG_9290.jpg?resize=640%2C427&#038;ssl=1\" alt=\"Salar de Atacama\" width=\"640\" height=\"427\" srcset=\"https:\/\/i0.wp.com\/blog.biketravel.net\/wp-content\/uploads\/2016\/04\/MG_9290.jpg?resize=1024%2C683&amp;ssl=1 1024w, https:\/\/i0.wp.com\/blog.biketravel.net\/wp-content\/uploads\/2016\/04\/MG_9290.jpg?resize=300%2C200&amp;ssl=1 300w, https:\/\/i0.wp.com\/blog.biketravel.net\/wp-content\/uploads\/2016\/04\/MG_9290.jpg?resize=768%2C512&amp;ssl=1 768w, https:\/\/i0.wp.com\/blog.biketravel.net\/wp-content\/uploads\/2016\/04\/MG_9290.jpg?w=1600&amp;ssl=1 1600w\" sizes=\"auto, (max-width: 640px) 100vw, 640px\" \/><\/a>Es folgten noch ein paar Esel,<\/p>\n<p><a href=\"https:\/\/i0.wp.com\/blog.biketravel.net\/wp-content\/uploads\/2016\/04\/MG_9301.jpg?ssl=1\" rel=\"attachment wp-att-6021\"><img data-recalc-dims=\"1\" loading=\"lazy\" decoding=\"async\" data-attachment-id=\"6021\" data-permalink=\"https:\/\/blog.biketravel.net\/de\/south-america-2016\/san-antonio-de-los-cobres-san-pedro-de-atacama-paso-sico\/attachment\/_mg_9301\/\" data-orig-file=\"https:\/\/i0.wp.com\/blog.biketravel.net\/wp-content\/uploads\/2016\/04\/MG_9301.jpg?fit=1600%2C1067&amp;ssl=1\" data-orig-size=\"1600,1067\" data-comments-opened=\"1\" data-image-meta=\"{&quot;aperture&quot;:&quot;8&quot;,&quot;credit&quot;:&quot;STEFAN.KUETTEL@BIKETRAVEL.NET&quot;,&quot;camera&quot;:&quot;Canon EOS 6D&quot;,&quot;caption&quot;:&quot;&quot;,&quot;created_timestamp&quot;:&quot;1460719496&quot;,&quot;copyright&quot;:&quot;STEFAN.KUETTEL@BIKETRAVEL.NET&quot;,&quot;focal_length&quot;:&quot;252&quot;,&quot;iso&quot;:&quot;100&quot;,&quot;shutter_speed&quot;:&quot;0.004&quot;,&quot;title&quot;:&quot;&quot;,&quot;orientation&quot;:&quot;0&quot;}\" data-image-title=\"Esel\" data-image-description=\"\" data-image-caption=\"\" data-large-file=\"https:\/\/i0.wp.com\/blog.biketravel.net\/wp-content\/uploads\/2016\/04\/MG_9301.jpg?fit=1024%2C683&amp;ssl=1\" class=\"aligncenter size-large wp-image-6021\" src=\"https:\/\/i0.wp.com\/blog.biketravel.net\/wp-content\/uploads\/2016\/04\/MG_9301.jpg?resize=640%2C427&#038;ssl=1\" alt=\"Esel\" width=\"640\" height=\"427\" srcset=\"https:\/\/i0.wp.com\/blog.biketravel.net\/wp-content\/uploads\/2016\/04\/MG_9301.jpg?resize=1024%2C683&amp;ssl=1 1024w, https:\/\/i0.wp.com\/blog.biketravel.net\/wp-content\/uploads\/2016\/04\/MG_9301.jpg?resize=300%2C200&amp;ssl=1 300w, https:\/\/i0.wp.com\/blog.biketravel.net\/wp-content\/uploads\/2016\/04\/MG_9301.jpg?resize=768%2C512&amp;ssl=1 768w, https:\/\/i0.wp.com\/blog.biketravel.net\/wp-content\/uploads\/2016\/04\/MG_9301.jpg?w=1600&amp;ssl=1 1600w\" sizes=\"auto, (max-width: 640px) 100vw, 640px\" \/><\/a>ein paar (Wach-)Vikunjas<\/p>\n<p><a href=\"https:\/\/i0.wp.com\/blog.biketravel.net\/wp-content\/uploads\/2016\/04\/MG_9270.jpg?ssl=1\" rel=\"attachment wp-att-6017\"><img data-recalc-dims=\"1\" loading=\"lazy\" decoding=\"async\" data-attachment-id=\"6017\" data-permalink=\"https:\/\/blog.biketravel.net\/de\/south-america-2016\/san-antonio-de-los-cobres-san-pedro-de-atacama-paso-sico\/attachment\/_mg_9270\/\" data-orig-file=\"https:\/\/i0.wp.com\/blog.biketravel.net\/wp-content\/uploads\/2016\/04\/MG_9270.jpg?fit=1600%2C1067&amp;ssl=1\" data-orig-size=\"1600,1067\" data-comments-opened=\"1\" data-image-meta=\"{&quot;aperture&quot;:&quot;8&quot;,&quot;credit&quot;:&quot;STEFAN.KUETTEL@BIKETRAVEL.NET&quot;,&quot;camera&quot;:&quot;Canon EOS 6D&quot;,&quot;caption&quot;:&quot;&quot;,&quot;created_timestamp&quot;:&quot;1460634448&quot;,&quot;copyright&quot;:&quot;STEFAN.KUETTEL@BIKETRAVEL.NET&quot;,&quot;focal_length&quot;:&quot;300&quot;,&quot;iso&quot;:&quot;100&quot;,&quot;shutter_speed&quot;:&quot;0.0025&quot;,&quot;title&quot;:&quot;&quot;,&quot;orientation&quot;:&quot;0&quot;}\" data-image-title=\"Vikunjas\" data-image-description=\"\" data-image-caption=\"\" data-large-file=\"https:\/\/i0.wp.com\/blog.biketravel.net\/wp-content\/uploads\/2016\/04\/MG_9270.jpg?fit=1024%2C683&amp;ssl=1\" class=\"aligncenter size-large wp-image-6017\" src=\"https:\/\/i0.wp.com\/blog.biketravel.net\/wp-content\/uploads\/2016\/04\/MG_9270.jpg?resize=640%2C427&#038;ssl=1\" alt=\"Vikunjas\" width=\"640\" height=\"427\" srcset=\"https:\/\/i0.wp.com\/blog.biketravel.net\/wp-content\/uploads\/2016\/04\/MG_9270.jpg?resize=1024%2C683&amp;ssl=1 1024w, https:\/\/i0.wp.com\/blog.biketravel.net\/wp-content\/uploads\/2016\/04\/MG_9270.jpg?resize=300%2C200&amp;ssl=1 300w, https:\/\/i0.wp.com\/blog.biketravel.net\/wp-content\/uploads\/2016\/04\/MG_9270.jpg?resize=768%2C512&amp;ssl=1 768w, https:\/\/i0.wp.com\/blog.biketravel.net\/wp-content\/uploads\/2016\/04\/MG_9270.jpg?w=1600&amp;ssl=1 1600w\" sizes=\"auto, (max-width: 640px) 100vw, 640px\" \/><\/a> und der rauchende Vulkan Lascar.<\/p>\n<p><a href=\"https:\/\/i0.wp.com\/blog.biketravel.net\/wp-content\/uploads\/2016\/04\/MG_9296.jpg?ssl=1\" rel=\"attachment wp-att-6020\"><img data-recalc-dims=\"1\" loading=\"lazy\" decoding=\"async\" data-attachment-id=\"6020\" data-permalink=\"https:\/\/blog.biketravel.net\/de\/south-america-2016\/san-antonio-de-los-cobres-san-pedro-de-atacama-paso-sico\/attachment\/_mg_9296\/\" data-orig-file=\"https:\/\/i0.wp.com\/blog.biketravel.net\/wp-content\/uploads\/2016\/04\/MG_9296.jpg?fit=1600%2C1067&amp;ssl=1\" data-orig-size=\"1600,1067\" data-comments-opened=\"1\" data-image-meta=\"{&quot;aperture&quot;:&quot;8&quot;,&quot;credit&quot;:&quot;STEFAN.KUETTEL@BIKETRAVEL.NET&quot;,&quot;camera&quot;:&quot;Canon EOS 6D&quot;,&quot;caption&quot;:&quot;&quot;,&quot;created_timestamp&quot;:&quot;1460715724&quot;,&quot;copyright&quot;:&quot;STEFAN.KUETTEL@BIKETRAVEL.NET&quot;,&quot;focal_length&quot;:&quot;300&quot;,&quot;iso&quot;:&quot;100&quot;,&quot;shutter_speed&quot;:&quot;0.002&quot;,&quot;title&quot;:&quot;&quot;,&quot;orientation&quot;:&quot;0&quot;}\" data-image-title=\"Vulkan Lascar\" data-image-description=\"\" data-image-caption=\"\" data-large-file=\"https:\/\/i0.wp.com\/blog.biketravel.net\/wp-content\/uploads\/2016\/04\/MG_9296.jpg?fit=1024%2C683&amp;ssl=1\" class=\"aligncenter size-large wp-image-6020\" src=\"https:\/\/i0.wp.com\/blog.biketravel.net\/wp-content\/uploads\/2016\/04\/MG_9296.jpg?resize=640%2C427&#038;ssl=1\" alt=\"Vulkan Lascar\" width=\"640\" height=\"427\" srcset=\"https:\/\/i0.wp.com\/blog.biketravel.net\/wp-content\/uploads\/2016\/04\/MG_9296.jpg?resize=1024%2C683&amp;ssl=1 1024w, https:\/\/i0.wp.com\/blog.biketravel.net\/wp-content\/uploads\/2016\/04\/MG_9296.jpg?resize=300%2C200&amp;ssl=1 300w, https:\/\/i0.wp.com\/blog.biketravel.net\/wp-content\/uploads\/2016\/04\/MG_9296.jpg?resize=768%2C512&amp;ssl=1 768w, https:\/\/i0.wp.com\/blog.biketravel.net\/wp-content\/uploads\/2016\/04\/MG_9296.jpg?w=1600&amp;ssl=1 1600w\" sizes=\"auto, (max-width: 640px) 100vw, 640px\" \/><\/a>Aber nach sieben Tagen waren wir endlich in San Pedro de Atacama und trafen dort auch wieder Heidi und Jeremias. Sie machten sich aber schon am n\u00e4chsten Tag auf den Weg nach Bolivien.<\/p>\n<p>Vom ewigen Gegenwind waren wir ziemlich traumatisiert und mussten uns in San Pedro de Atacama deshalb erst mal richtig erholen und neue Motivation tanken.<\/p>\n<p>Exkursionen machten wir praktisch keine, da wir einiges schon gesehen hatten oder hoffentlich noch sehen werden. Die einzige Ausnahme war ein zweist\u00fcndiger Ausritt. Es war f\u00fcr Susanna und mich das erste Mal auf einem Pferd. Definitiv etwas anderes als ein Drahtesel. Wobei ich pers\u00f6nlich mein Velo vorziehe :-).<\/p>\n<p>Eigentlich hatten wir vor am Mittwoch Morgen Richtung Bolivien loszufahren und die Lagunenroute unter die R\u00e4der zu nehmen. Letzte Nacht hat es aber in San Pedro (in der W\u00fcste!) stark gewittert und in den Bergen geschneit. Auch heute scheint es so weiter zu gehen (anscheinend sei El Ni\u00f1o daran schuld). Wir haben deshalb unsere Abfahrt auf Donnerstag verschoben. Schliesslich wird die Lagunenroute ziemlich sicher auch kein Zuckerschlecken, auch wenn hoffentlich ziemlich sch\u00f6n :-).<\/p>\n<p>Vielen Dank f\u00fcr&#8217;s Lesen und liebe Gr\u00fcsse aus San Pedro de Atacama,<\/p>\n<p>Stefan und Susanna<\/p>","protected":false},"excerpt":{"rendered":"<p>Der Weg nach San Antonio de los Cobres war nur der Auftakt f\u00fcr eine gr\u00f6ssere Herausforderung: Den Paso Sico. Die Herausforderung ist auf einer Seite die H\u00f6he (bis \u00fcber 4&#8217;500m), auf der anderen Seite die Strasse (praktisch alles nicht asphaltiert) und die fehlende Infrastruktur (\u00fcber 200km hat es praktisch nichts und \u00fcber 350km nicht wahnsinnig [&hellip;]<\/p>\n","protected":false},"author":1346,"featured_media":6008,"comment_status":"open","ping_status":"open","sticky":false,"template":"","format":"standard","meta":{"jetpack_post_was_ever_published":false,"_jetpack_newsletter_access":"","_jetpack_dont_email_post_to_subs":false,"_jetpack_newsletter_tier_id":0,"_jetpack_memberships_contains_paywalled_content":false,"_jetpack_memberships_contains_paid_content":false,"footnotes":""},"categories":[436,453,434],"tags":[439,264,456,454,452,455,457,458],"class_list":{"0":"post-6032","1":"post","2":"type-post","3":"status-publish","4":"format-standard","5":"has-post-thumbnail","7":"category-argentina-2016","8":"category-chile-2016","9":"category-south-america-2016","10":"tag-argentina","11":"tag-chile","12":"tag-olacapato","13":"tag-paso-sico","14":"tag-san-antonio-de-los-cobres","15":"tag-san-pedro-de-atacama","16":"tag-socaire","17":"tag-toconao","18":"czr-hentry"},"yoast_head":"<!-- This site is optimized with the Yoast SEO plugin v27.5 - https:\/\/yoast.com\/product\/yoast-seo-wordpress\/ -->\n<title>San Antonio de los Cobres - San Pedro de Atacama: Paso Sico - biketravel.net<\/title>\n<meta name=\"description\" content=\"By bicycle from San Antonio de los Cobres to San Pedro de Atacama across Paso Sico. Per Fahrrad von San Antonio de los Cobres nach S.P. de Atacama via Sico.\" \/>\n<meta name=\"robots\" content=\"index, follow, max-snippet:-1, max-image-preview:large, max-video-preview:-1\" \/>\n<link rel=\"canonical\" href=\"https:\/\/blog.biketravel.net\/de\/south-america-2016\/san-antonio-de-los-cobres-san-pedro-de-atacama-paso-sico\/\" \/>\n<meta name=\"twitter:label1\" content=\"Verfasst von\" \/>\n\t<meta name=\"twitter:data1\" content=\"Stefan\" \/>\n\t<meta name=\"twitter:label2\" content=\"Gesch\u00e4tzte Lesezeit\" \/>\n\t<meta name=\"twitter:data2\" content=\"4\u00a0Minuten\" \/>\n<script type=\"application\/ld+json\" class=\"yoast-schema-graph\">{\"@context\":\"https:\\\/\\\/schema.org\",\"@graph\":[{\"@type\":\"Article\",\"@id\":\"https:\\\/\\\/blog.biketravel.net\\\/de\\\/south-america-2016\\\/san-antonio-de-los-cobres-san-pedro-de-atacama-paso-sico\\\/#article\",\"isPartOf\":{\"@id\":\"https:\\\/\\\/blog.biketravel.net\\\/de\\\/south-america-2016\\\/san-antonio-de-los-cobres-san-pedro-de-atacama-paso-sico\\\/\"},\"author\":{\"name\":\"Stefan\",\"@id\":\"https:\\\/\\\/blog.biketravel.net\\\/de\\\/#\\\/schema\\\/person\\\/04a500e1a95d1b28af82cbf6aadf1654\"},\"headline\":\"San Antonio de los Cobres &#8211; San Pedro de Atacama: Paso Sico\",\"datePublished\":\"2016-04-19T18:31:57+00:00\",\"mainEntityOfPage\":{\"@id\":\"https:\\\/\\\/blog.biketravel.net\\\/de\\\/south-america-2016\\\/san-antonio-de-los-cobres-san-pedro-de-atacama-paso-sico\\\/\"},\"wordCount\":856,\"commentCount\":2,\"image\":{\"@id\":\"https:\\\/\\\/blog.biketravel.net\\\/de\\\/south-america-2016\\\/san-antonio-de-los-cobres-san-pedro-de-atacama-paso-sico\\\/#primaryimage\"},\"thumbnailUrl\":\"https:\\\/\\\/i0.wp.com\\\/blog.biketravel.net\\\/wp-content\\\/uploads\\\/2016\\\/04\\\/MG_6898.jpg?fit=1600%2C1067&ssl=1\",\"keywords\":[\"Argentinien\",\"chile\",\"Olacapato\",\"Paso Sico\",\"San Antonio de los Cobres\",\"San Pedro de Atacama\",\"Socaire\",\"Toconao\"],\"articleSection\":[\"Argentina 2016\",\"Chile 2016\",\"South America 2016\"],\"inLanguage\":\"de\",\"potentialAction\":[{\"@type\":\"CommentAction\",\"name\":\"Comment\",\"target\":[\"https:\\\/\\\/blog.biketravel.net\\\/de\\\/south-america-2016\\\/san-antonio-de-los-cobres-san-pedro-de-atacama-paso-sico\\\/#respond\"]}]},{\"@type\":\"WebPage\",\"@id\":\"https:\\\/\\\/blog.biketravel.net\\\/de\\\/south-america-2016\\\/san-antonio-de-los-cobres-san-pedro-de-atacama-paso-sico\\\/\",\"url\":\"https:\\\/\\\/blog.biketravel.net\\\/de\\\/south-america-2016\\\/san-antonio-de-los-cobres-san-pedro-de-atacama-paso-sico\\\/\",\"name\":\"San Antonio de los Cobres - San Pedro de Atacama: Paso Sico - biketravel.net\",\"isPartOf\":{\"@id\":\"https:\\\/\\\/blog.biketravel.net\\\/de\\\/#website\"},\"primaryImageOfPage\":{\"@id\":\"https:\\\/\\\/blog.biketravel.net\\\/de\\\/south-america-2016\\\/san-antonio-de-los-cobres-san-pedro-de-atacama-paso-sico\\\/#primaryimage\"},\"image\":{\"@id\":\"https:\\\/\\\/blog.biketravel.net\\\/de\\\/south-america-2016\\\/san-antonio-de-los-cobres-san-pedro-de-atacama-paso-sico\\\/#primaryimage\"},\"thumbnailUrl\":\"https:\\\/\\\/i0.wp.com\\\/blog.biketravel.net\\\/wp-content\\\/uploads\\\/2016\\\/04\\\/MG_6898.jpg?fit=1600%2C1067&ssl=1\",\"datePublished\":\"2016-04-19T18:31:57+00:00\",\"author\":{\"@id\":\"https:\\\/\\\/blog.biketravel.net\\\/de\\\/#\\\/schema\\\/person\\\/04a500e1a95d1b28af82cbf6aadf1654\"},\"description\":\"By bicycle from San Antonio de los Cobres to San Pedro de Atacama across Paso Sico. Per Fahrrad von San Antonio de los Cobres nach S.P. de Atacama via Sico.\",\"breadcrumb\":{\"@id\":\"https:\\\/\\\/blog.biketravel.net\\\/de\\\/south-america-2016\\\/san-antonio-de-los-cobres-san-pedro-de-atacama-paso-sico\\\/#breadcrumb\"},\"inLanguage\":\"de\",\"potentialAction\":[{\"@type\":\"ReadAction\",\"target\":[\"https:\\\/\\\/blog.biketravel.net\\\/de\\\/south-america-2016\\\/san-antonio-de-los-cobres-san-pedro-de-atacama-paso-sico\\\/\"]}]},{\"@type\":\"ImageObject\",\"inLanguage\":\"de\",\"@id\":\"https:\\\/\\\/blog.biketravel.net\\\/de\\\/south-america-2016\\\/san-antonio-de-los-cobres-san-pedro-de-atacama-paso-sico\\\/#primaryimage\",\"url\":\"https:\\\/\\\/i0.wp.com\\\/blog.biketravel.net\\\/wp-content\\\/uploads\\\/2016\\\/04\\\/MG_6898.jpg?fit=1600%2C1067&ssl=1\",\"contentUrl\":\"https:\\\/\\\/i0.wp.com\\\/blog.biketravel.net\\\/wp-content\\\/uploads\\\/2016\\\/04\\\/MG_6898.jpg?fit=1600%2C1067&ssl=1\",\"width\":1600,\"height\":1067,\"caption\":\"Auf dem Weg nach Olacapato\"},{\"@type\":\"BreadcrumbList\",\"@id\":\"https:\\\/\\\/blog.biketravel.net\\\/de\\\/south-america-2016\\\/san-antonio-de-los-cobres-san-pedro-de-atacama-paso-sico\\\/#breadcrumb\",\"itemListElement\":[{\"@type\":\"ListItem\",\"position\":1,\"name\":\"Home\",\"item\":\"https:\\\/\\\/blog.biketravel.net\\\/de\\\/\"},{\"@type\":\"ListItem\",\"position\":2,\"name\":\"San Antonio de los Cobres &#8211; San Pedro de Atacama: Paso Sico\"}]},{\"@type\":\"WebSite\",\"@id\":\"https:\\\/\\\/blog.biketravel.net\\\/de\\\/#website\",\"url\":\"https:\\\/\\\/blog.biketravel.net\\\/de\\\/\",\"name\":\"Cycle the world - biketravel.net\",\"description\":\"A road full of adventures...\",\"potentialAction\":[{\"@type\":\"SearchAction\",\"target\":{\"@type\":\"EntryPoint\",\"urlTemplate\":\"https:\\\/\\\/blog.biketravel.net\\\/de\\\/?s={search_term_string}\"},\"query-input\":{\"@type\":\"PropertyValueSpecification\",\"valueRequired\":true,\"valueName\":\"search_term_string\"}}],\"inLanguage\":\"de\"},{\"@type\":\"Person\",\"@id\":\"https:\\\/\\\/blog.biketravel.net\\\/de\\\/#\\\/schema\\\/person\\\/04a500e1a95d1b28af82cbf6aadf1654\",\"name\":\"Stefan\",\"image\":{\"@type\":\"ImageObject\",\"inLanguage\":\"de\",\"@id\":\"https:\\\/\\\/secure.gravatar.com\\\/avatar\\\/ff0febd8768ebeba062b9d94931931cf09fad09f19ddd71ddaad9b8bd2166262?s=96&d=wavatar&r=g\",\"url\":\"https:\\\/\\\/secure.gravatar.com\\\/avatar\\\/ff0febd8768ebeba062b9d94931931cf09fad09f19ddd71ddaad9b8bd2166262?s=96&d=wavatar&r=g\",\"contentUrl\":\"https:\\\/\\\/secure.gravatar.com\\\/avatar\\\/ff0febd8768ebeba062b9d94931931cf09fad09f19ddd71ddaad9b8bd2166262?s=96&d=wavatar&r=g\",\"caption\":\"Stefan\"},\"description\":\"I'm a telecommunication engineer by profession and like to discover the world by bike. I think, that it is the perfect speed to move but still be in touch with the world and the people which live there. And I'm very happy, that my wife Susanna is joining me now on those adventures. If you are interested in other journeys we did so far, please also check my website www.biketravel.net. Stefan, Switzerland\",\"sameAs\":[\"http:\\\/\\\/www.biketravel.net\",\"https:\\\/\\\/x.com\\\/biketravelnet\"],\"url\":\"https:\\\/\\\/blog.biketravel.net\\\/de\\\/author\\\/admin\\\/\"}]}<\/script>\n<!-- \/ Yoast SEO plugin. -->","yoast_head_json":{"title":"San Antonio de los Cobres - San Pedro de Atacama: Paso Sico - biketravel.net","description":"By bicycle from San Antonio de los Cobres to San Pedro de Atacama across Paso Sico. Per Fahrrad von San Antonio de los Cobres nach S.P. de Atacama via Sico.","robots":{"index":"index","follow":"follow","max-snippet":"max-snippet:-1","max-image-preview":"max-image-preview:large","max-video-preview":"max-video-preview:-1"},"canonical":"https:\/\/blog.biketravel.net\/de\/south-america-2016\/san-antonio-de-los-cobres-san-pedro-de-atacama-paso-sico\/","twitter_misc":{"Verfasst von":"Stefan","Gesch\u00e4tzte Lesezeit":"4\u00a0Minuten"},"schema":{"@context":"https:\/\/schema.org","@graph":[{"@type":"Article","@id":"https:\/\/blog.biketravel.net\/de\/south-america-2016\/san-antonio-de-los-cobres-san-pedro-de-atacama-paso-sico\/#article","isPartOf":{"@id":"https:\/\/blog.biketravel.net\/de\/south-america-2016\/san-antonio-de-los-cobres-san-pedro-de-atacama-paso-sico\/"},"author":{"name":"Stefan","@id":"https:\/\/blog.biketravel.net\/de\/#\/schema\/person\/04a500e1a95d1b28af82cbf6aadf1654"},"headline":"San Antonio de los Cobres &#8211; San Pedro de Atacama: Paso Sico","datePublished":"2016-04-19T18:31:57+00:00","mainEntityOfPage":{"@id":"https:\/\/blog.biketravel.net\/de\/south-america-2016\/san-antonio-de-los-cobres-san-pedro-de-atacama-paso-sico\/"},"wordCount":856,"commentCount":2,"image":{"@id":"https:\/\/blog.biketravel.net\/de\/south-america-2016\/san-antonio-de-los-cobres-san-pedro-de-atacama-paso-sico\/#primaryimage"},"thumbnailUrl":"https:\/\/i0.wp.com\/blog.biketravel.net\/wp-content\/uploads\/2016\/04\/MG_6898.jpg?fit=1600%2C1067&ssl=1","keywords":["Argentinien","chile","Olacapato","Paso Sico","San Antonio de los Cobres","San Pedro de Atacama","Socaire","Toconao"],"articleSection":["Argentina 2016","Chile 2016","South America 2016"],"inLanguage":"de","potentialAction":[{"@type":"CommentAction","name":"Comment","target":["https:\/\/blog.biketravel.net\/de\/south-america-2016\/san-antonio-de-los-cobres-san-pedro-de-atacama-paso-sico\/#respond"]}]},{"@type":"WebPage","@id":"https:\/\/blog.biketravel.net\/de\/south-america-2016\/san-antonio-de-los-cobres-san-pedro-de-atacama-paso-sico\/","url":"https:\/\/blog.biketravel.net\/de\/south-america-2016\/san-antonio-de-los-cobres-san-pedro-de-atacama-paso-sico\/","name":"San Antonio de los Cobres - San Pedro de Atacama: Paso Sico - biketravel.net","isPartOf":{"@id":"https:\/\/blog.biketravel.net\/de\/#website"},"primaryImageOfPage":{"@id":"https:\/\/blog.biketravel.net\/de\/south-america-2016\/san-antonio-de-los-cobres-san-pedro-de-atacama-paso-sico\/#primaryimage"},"image":{"@id":"https:\/\/blog.biketravel.net\/de\/south-america-2016\/san-antonio-de-los-cobres-san-pedro-de-atacama-paso-sico\/#primaryimage"},"thumbnailUrl":"https:\/\/i0.wp.com\/blog.biketravel.net\/wp-content\/uploads\/2016\/04\/MG_6898.jpg?fit=1600%2C1067&ssl=1","datePublished":"2016-04-19T18:31:57+00:00","author":{"@id":"https:\/\/blog.biketravel.net\/de\/#\/schema\/person\/04a500e1a95d1b28af82cbf6aadf1654"},"description":"By bicycle from San Antonio de los Cobres to San Pedro de Atacama across Paso Sico. Per Fahrrad von San Antonio de los Cobres nach S.P. de Atacama via Sico.","breadcrumb":{"@id":"https:\/\/blog.biketravel.net\/de\/south-america-2016\/san-antonio-de-los-cobres-san-pedro-de-atacama-paso-sico\/#breadcrumb"},"inLanguage":"de","potentialAction":[{"@type":"ReadAction","target":["https:\/\/blog.biketravel.net\/de\/south-america-2016\/san-antonio-de-los-cobres-san-pedro-de-atacama-paso-sico\/"]}]},{"@type":"ImageObject","inLanguage":"de","@id":"https:\/\/blog.biketravel.net\/de\/south-america-2016\/san-antonio-de-los-cobres-san-pedro-de-atacama-paso-sico\/#primaryimage","url":"https:\/\/i0.wp.com\/blog.biketravel.net\/wp-content\/uploads\/2016\/04\/MG_6898.jpg?fit=1600%2C1067&ssl=1","contentUrl":"https:\/\/i0.wp.com\/blog.biketravel.net\/wp-content\/uploads\/2016\/04\/MG_6898.jpg?fit=1600%2C1067&ssl=1","width":1600,"height":1067,"caption":"Auf dem Weg nach Olacapato"},{"@type":"BreadcrumbList","@id":"https:\/\/blog.biketravel.net\/de\/south-america-2016\/san-antonio-de-los-cobres-san-pedro-de-atacama-paso-sico\/#breadcrumb","itemListElement":[{"@type":"ListItem","position":1,"name":"Home","item":"https:\/\/blog.biketravel.net\/de\/"},{"@type":"ListItem","position":2,"name":"San Antonio de los Cobres &#8211; San Pedro de Atacama: Paso Sico"}]},{"@type":"WebSite","@id":"https:\/\/blog.biketravel.net\/de\/#website","url":"https:\/\/blog.biketravel.net\/de\/","name":"Cycle the world - biketravel.net","description":"A road full of adventures...","potentialAction":[{"@type":"SearchAction","target":{"@type":"EntryPoint","urlTemplate":"https:\/\/blog.biketravel.net\/de\/?s={search_term_string}"},"query-input":{"@type":"PropertyValueSpecification","valueRequired":true,"valueName":"search_term_string"}}],"inLanguage":"de"},{"@type":"Person","@id":"https:\/\/blog.biketravel.net\/de\/#\/schema\/person\/04a500e1a95d1b28af82cbf6aadf1654","name":"Stefan","image":{"@type":"ImageObject","inLanguage":"de","@id":"https:\/\/secure.gravatar.com\/avatar\/ff0febd8768ebeba062b9d94931931cf09fad09f19ddd71ddaad9b8bd2166262?s=96&d=wavatar&r=g","url":"https:\/\/secure.gravatar.com\/avatar\/ff0febd8768ebeba062b9d94931931cf09fad09f19ddd71ddaad9b8bd2166262?s=96&d=wavatar&r=g","contentUrl":"https:\/\/secure.gravatar.com\/avatar\/ff0febd8768ebeba062b9d94931931cf09fad09f19ddd71ddaad9b8bd2166262?s=96&d=wavatar&r=g","caption":"Stefan"},"description":"I'm a telecommunication engineer by profession and like to discover the world by bike. I think, that it is the perfect speed to move but still be in touch with the world and the people which live there. And I'm very happy, that my wife Susanna is joining me now on those adventures. If you are interested in other journeys we did so far, please also check my website www.biketravel.net. Stefan, Switzerland","sameAs":["http:\/\/www.biketravel.net","https:\/\/x.com\/biketravelnet"],"url":"https:\/\/blog.biketravel.net\/de\/author\/admin\/"}]}},"jetpack_featured_media_url":"https:\/\/i0.wp.com\/blog.biketravel.net\/wp-content\/uploads\/2016\/04\/MG_6898.jpg?fit=1600%2C1067&ssl=1","jetpack_shortlink":"https:\/\/wp.me\/pcO9X7-1zi","jetpack_sharing_enabled":true,"_links":{"self":[{"href":"https:\/\/blog.biketravel.net\/de\/wp-json\/wp\/v2\/posts\/6032","targetHints":{"allow":["GET"]}}],"collection":[{"href":"https:\/\/blog.biketravel.net\/de\/wp-json\/wp\/v2\/posts"}],"about":[{"href":"https:\/\/blog.biketravel.net\/de\/wp-json\/wp\/v2\/types\/post"}],"author":[{"embeddable":true,"href":"https:\/\/blog.biketravel.net\/de\/wp-json\/wp\/v2\/users\/1346"}],"replies":[{"embeddable":true,"href":"https:\/\/blog.biketravel.net\/de\/wp-json\/wp\/v2\/comments?post=6032"}],"version-history":[{"count":9,"href":"https:\/\/blog.biketravel.net\/de\/wp-json\/wp\/v2\/posts\/6032\/revisions"}],"predecessor-version":[{"id":6041,"href":"https:\/\/blog.biketravel.net\/de\/wp-json\/wp\/v2\/posts\/6032\/revisions\/6041"}],"wp:featuredmedia":[{"embeddable":true,"href":"https:\/\/blog.biketravel.net\/de\/wp-json\/wp\/v2\/media\/6008"}],"wp:attachment":[{"href":"https:\/\/blog.biketravel.net\/de\/wp-json\/wp\/v2\/media?parent=6032"}],"wp:term":[{"taxonomy":"category","embeddable":true,"href":"https:\/\/blog.biketravel.net\/de\/wp-json\/wp\/v2\/categories?post=6032"},{"taxonomy":"post_tag","embeddable":true,"href":"https:\/\/blog.biketravel.net\/de\/wp-json\/wp\/v2\/tags?post=6032"}],"curies":[{"name":"wp","href":"https:\/\/api.w.org\/{rel}","templated":true}]}}