{"id":6047,"date":"2016-04-29T22:27:34","date_gmt":"2016-04-29T21:27:34","guid":{"rendered":"https:\/\/blog.biketravel.net\/?p=6047"},"modified":"2016-04-29T22:27:34","modified_gmt":"2016-04-29T21:27:34","slug":"san-pedro-de-atacama-uyuni-lagunas-wind-and-sand","status":"publish","type":"post","link":"https:\/\/blog.biketravel.net\/de\/south-america-2016\/san-pedro-de-atacama-uyuni-lagunas-wind-and-sand\/","title":{"rendered":"San Pedro de Atacama &#8211; Uyuni: Lagunas, Wind und Sand"},"content":{"rendered":"<p>Nachdem wir die Front mit schlechtem Wetter in San Pedro de Atacama vorbei ziehen liessen, machten wir uns am Donnerstag doch noch auf den Weg. Weit kamen wir aber nicht: Am Zoll in San Pedro war erstmal Schluss, da die Bolivianer die Grenze wegen dem Schnee der letzten Tage doch noch nicht ge\u00f6ffnet hatten. Kurz nach 10 Uhr war es dann aber so weit und wir fuhren los. Dies aber nur etwa zwei Kilometer weit, da wir wiederum angehalten wurden.<\/p>\n<p><a href=\"https:\/\/i0.wp.com\/blog.biketravel.net\/wp-content\/uploads\/2016\/04\/M7_2841.jpg?ssl=1\"><img data-recalc-dims=\"1\" loading=\"lazy\" decoding=\"async\" data-attachment-id=\"6108\" data-permalink=\"https:\/\/blog.biketravel.net\/de\/south-america-2016\/san-pedro-de-atacama-uyuni-lagunas-wind-and-sand\/attachment\/lastwagenstau-auf-dem-weg-nach-bolivien\/\" data-orig-file=\"https:\/\/i0.wp.com\/blog.biketravel.net\/wp-content\/uploads\/2016\/04\/M7_2841.jpg?fit=1600%2C1067&amp;ssl=1\" data-orig-size=\"1600,1067\" data-comments-opened=\"1\" data-image-meta=\"{&quot;aperture&quot;:&quot;8&quot;,&quot;credit&quot;:&quot;stefan.kuettel@biketravel.net&quot;,&quot;camera&quot;:&quot;Canon EOS 7D&quot;,&quot;caption&quot;:&quot;&quot;,&quot;created_timestamp&quot;:&quot;1461236948&quot;,&quot;copyright&quot;:&quot;&quot;,&quot;focal_length&quot;:&quot;24&quot;,&quot;iso&quot;:&quot;800&quot;,&quot;shutter_speed&quot;:&quot;0.000125&quot;,&quot;title&quot;:&quot;Lastwagenstau auf dem Weg nach Bolivien&quot;,&quot;orientation&quot;:&quot;0&quot;}\" data-image-title=\"Lastwagenstau auf dem Weg nach Bolivien\" data-image-description=\"\" data-image-caption=\"\" data-large-file=\"https:\/\/i0.wp.com\/blog.biketravel.net\/wp-content\/uploads\/2016\/04\/M7_2841.jpg?fit=1024%2C683&amp;ssl=1\" class=\"aligncenter size-large wp-image-6108\" src=\"https:\/\/i0.wp.com\/blog.biketravel.net\/wp-content\/uploads\/2016\/04\/M7_2841.jpg?resize=640%2C427&#038;ssl=1\" alt=\"Lastwagenstau auf dem Weg nach Bolivien\" width=\"640\" height=\"427\" srcset=\"https:\/\/i0.wp.com\/blog.biketravel.net\/wp-content\/uploads\/2016\/04\/M7_2841.jpg?resize=1024%2C683&amp;ssl=1 1024w, https:\/\/i0.wp.com\/blog.biketravel.net\/wp-content\/uploads\/2016\/04\/M7_2841.jpg?resize=300%2C200&amp;ssl=1 300w, https:\/\/i0.wp.com\/blog.biketravel.net\/wp-content\/uploads\/2016\/04\/M7_2841.jpg?resize=768%2C512&amp;ssl=1 768w, https:\/\/i0.wp.com\/blog.biketravel.net\/wp-content\/uploads\/2016\/04\/M7_2841.jpg?w=1600&amp;ssl=1 1600w\" sizes=\"auto, (max-width: 640px) 100vw, 640px\" \/><\/a>Der Grund dieses Mal: Zuerst mussten all die wartenden Lastwagen auf die Strecke. Das hiess f\u00fcr uns nochmals warten. Wir wurden langsam etwas nerv\u00f6s, da wir in zwei Tagen etwa 2&#8217;200 H\u00f6henmeter bis zur bolivianischen Grenze zu bew\u00e4ltigen hatten&#8230; Schlussendlich durften wir aber um die Mittagszeit doch noch los. Leider hatten wir aber zu viel Zeit verloren und so schafften wir mit unseren vollgepackten Velos (Essen f\u00fcr 10 Tage und Wassser f\u00fcr 2 Tage) nur knapp 900 H\u00f6henmeter, bevor wir uns entschieden zu campieren. Aber die Aussicht war schon mal sch\u00f6n.<\/p>\n<p><a href=\"https:\/\/i0.wp.com\/blog.biketravel.net\/wp-content\/uploads\/2016\/04\/M7_2903.jpg?ssl=1\"><img data-recalc-dims=\"1\" loading=\"lazy\" decoding=\"async\" data-attachment-id=\"6109\" data-permalink=\"https:\/\/blog.biketravel.net\/de\/south-america-2016\/san-pedro-de-atacama-uyuni-lagunas-wind-and-sand\/attachment\/campieren-am-fuss-von-licancabur\/\" data-orig-file=\"https:\/\/i0.wp.com\/blog.biketravel.net\/wp-content\/uploads\/2016\/04\/M7_2903.jpg?fit=1600%2C1067&amp;ssl=1\" data-orig-size=\"1600,1067\" data-comments-opened=\"1\" data-image-meta=\"{&quot;aperture&quot;:&quot;8&quot;,&quot;credit&quot;:&quot;stefan.kuettel@biketravel.net&quot;,&quot;camera&quot;:&quot;Canon EOS 7D&quot;,&quot;caption&quot;:&quot;&quot;,&quot;created_timestamp&quot;:&quot;1461265284&quot;,&quot;copyright&quot;:&quot;&quot;,&quot;focal_length&quot;:&quot;28&quot;,&quot;iso&quot;:&quot;100&quot;,&quot;shutter_speed&quot;:&quot;0.008&quot;,&quot;title&quot;:&quot;Campieren am Fuss von Licancabur&quot;,&quot;orientation&quot;:&quot;0&quot;}\" data-image-title=\"Campieren am Fuss von Licancabur\" data-image-description=\"\" data-image-caption=\"\" data-large-file=\"https:\/\/i0.wp.com\/blog.biketravel.net\/wp-content\/uploads\/2016\/04\/M7_2903.jpg?fit=1024%2C683&amp;ssl=1\" class=\"aligncenter size-large wp-image-6109\" src=\"https:\/\/i0.wp.com\/blog.biketravel.net\/wp-content\/uploads\/2016\/04\/M7_2903.jpg?resize=640%2C427&#038;ssl=1\" alt=\"Campieren am Fuss von Licancabur\" width=\"640\" height=\"427\" srcset=\"https:\/\/i0.wp.com\/blog.biketravel.net\/wp-content\/uploads\/2016\/04\/M7_2903.jpg?resize=1024%2C683&amp;ssl=1 1024w, https:\/\/i0.wp.com\/blog.biketravel.net\/wp-content\/uploads\/2016\/04\/M7_2903.jpg?resize=300%2C200&amp;ssl=1 300w, https:\/\/i0.wp.com\/blog.biketravel.net\/wp-content\/uploads\/2016\/04\/M7_2903.jpg?resize=768%2C512&amp;ssl=1 768w, https:\/\/i0.wp.com\/blog.biketravel.net\/wp-content\/uploads\/2016\/04\/M7_2903.jpg?w=1600&amp;ssl=1 1600w\" sizes=\"auto, (max-width: 640px) 100vw, 640px\" \/><\/a>Am n\u00e4chsten Tag ging es weiter den Berg hinauf. Wir mussten aber bald feststellen, dass die verbleibenden 1&#8217;300 H\u00f6henmeter schlicht zu viel sein w\u00fcrden f\u00fcr diesen Tag. Und so hielten wir Ausschau nach einer Transportm\u00f6glichkeit. Die vorbei fahrenden Pickups ignorierten uns aber oder winkten freundlich zur\u00fcck. Wir hatten schon fast aufgegeben, als sich ein Touristenpaar aus Genf gl\u00fccklicherweise bereit erkl\u00e4rten, uns die 10km bis zur Passh\u00f6he auf gut 4&#8217;600m zu transportieren.<\/p>\n<p><a href=\"https:\/\/i0.wp.com\/blog.biketravel.net\/wp-content\/uploads\/2016\/04\/MG_9323.jpg?ssl=1\"><img data-recalc-dims=\"1\" loading=\"lazy\" decoding=\"async\" data-attachment-id=\"6117\" data-permalink=\"https:\/\/blog.biketravel.net\/de\/south-america-2016\/san-pedro-de-atacama-uyuni-lagunas-wind-and-sand\/attachment\/pickup-transport\/\" data-orig-file=\"https:\/\/i0.wp.com\/blog.biketravel.net\/wp-content\/uploads\/2016\/04\/MG_9323.jpg?fit=1600%2C1067&amp;ssl=1\" data-orig-size=\"1600,1067\" data-comments-opened=\"1\" data-image-meta=\"{&quot;aperture&quot;:&quot;8&quot;,&quot;credit&quot;:&quot;STEFAN.KUETTEL@BIKETRAVEL.NET&quot;,&quot;camera&quot;:&quot;Canon EOS 6D&quot;,&quot;caption&quot;:&quot;&quot;,&quot;created_timestamp&quot;:&quot;1461337307&quot;,&quot;copyright&quot;:&quot;STEFAN.KUETTEL@BIKETRAVEL.NET&quot;,&quot;focal_length&quot;:&quot;29&quot;,&quot;iso&quot;:&quot;100&quot;,&quot;shutter_speed&quot;:&quot;0.005&quot;,&quot;title&quot;:&quot;Pickup Transport&quot;,&quot;orientation&quot;:&quot;0&quot;}\" data-image-title=\"Pickup Transport\" data-image-description=\"\" data-image-caption=\"\" data-large-file=\"https:\/\/i0.wp.com\/blog.biketravel.net\/wp-content\/uploads\/2016\/04\/MG_9323.jpg?fit=1024%2C683&amp;ssl=1\" class=\"aligncenter size-large wp-image-6117\" src=\"https:\/\/i0.wp.com\/blog.biketravel.net\/wp-content\/uploads\/2016\/04\/MG_9323.jpg?resize=640%2C427&#038;ssl=1\" alt=\"Pickup Transport\" width=\"640\" height=\"427\" srcset=\"https:\/\/i0.wp.com\/blog.biketravel.net\/wp-content\/uploads\/2016\/04\/MG_9323.jpg?resize=1024%2C683&amp;ssl=1 1024w, https:\/\/i0.wp.com\/blog.biketravel.net\/wp-content\/uploads\/2016\/04\/MG_9323.jpg?resize=300%2C200&amp;ssl=1 300w, https:\/\/i0.wp.com\/blog.biketravel.net\/wp-content\/uploads\/2016\/04\/MG_9323.jpg?resize=768%2C512&amp;ssl=1 768w, https:\/\/i0.wp.com\/blog.biketravel.net\/wp-content\/uploads\/2016\/04\/MG_9323.jpg?w=1600&amp;ssl=1 1600w\" sizes=\"auto, (max-width: 640px) 100vw, 640px\" \/><\/a>Wir waren sehr erleichtert. Und so schafften wir es an diesem Tag doch noch bis zur Laguna Blanca und damit nach Bolivien.<\/p>\n<p><a href=\"https:\/\/i0.wp.com\/blog.biketravel.net\/wp-content\/uploads\/2016\/04\/M7_3006.jpg?ssl=1\"><img data-recalc-dims=\"1\" loading=\"lazy\" decoding=\"async\" data-attachment-id=\"6110\" data-permalink=\"https:\/\/blog.biketravel.net\/de\/south-america-2016\/san-pedro-de-atacama-uyuni-lagunas-wind-and-sand\/attachment\/laguna-blanca\/\" data-orig-file=\"https:\/\/i0.wp.com\/blog.biketravel.net\/wp-content\/uploads\/2016\/04\/M7_3006.jpg?fit=1600%2C1067&amp;ssl=1\" data-orig-size=\"1600,1067\" data-comments-opened=\"1\" data-image-meta=\"{&quot;aperture&quot;:&quot;8&quot;,&quot;credit&quot;:&quot;stefan.kuettel@biketravel.net&quot;,&quot;camera&quot;:&quot;Canon EOS 7D&quot;,&quot;caption&quot;:&quot;&quot;,&quot;created_timestamp&quot;:&quot;1461426452&quot;,&quot;copyright&quot;:&quot;&quot;,&quot;focal_length&quot;:&quot;24&quot;,&quot;iso&quot;:&quot;100&quot;,&quot;shutter_speed&quot;:&quot;0.002&quot;,&quot;title&quot;:&quot;Laguna Blanca&quot;,&quot;orientation&quot;:&quot;0&quot;}\" data-image-title=\"Laguna Blanca\" data-image-description=\"\" data-image-caption=\"\" data-large-file=\"https:\/\/i0.wp.com\/blog.biketravel.net\/wp-content\/uploads\/2016\/04\/M7_3006.jpg?fit=1024%2C683&amp;ssl=1\" class=\"aligncenter size-large wp-image-6110\" src=\"https:\/\/i0.wp.com\/blog.biketravel.net\/wp-content\/uploads\/2016\/04\/M7_3006.jpg?resize=640%2C427&#038;ssl=1\" alt=\"Laguna Blanca\" width=\"640\" height=\"427\" srcset=\"https:\/\/i0.wp.com\/blog.biketravel.net\/wp-content\/uploads\/2016\/04\/M7_3006.jpg?resize=1024%2C683&amp;ssl=1 1024w, https:\/\/i0.wp.com\/blog.biketravel.net\/wp-content\/uploads\/2016\/04\/M7_3006.jpg?resize=300%2C200&amp;ssl=1 300w, https:\/\/i0.wp.com\/blog.biketravel.net\/wp-content\/uploads\/2016\/04\/M7_3006.jpg?resize=768%2C512&amp;ssl=1 768w, https:\/\/i0.wp.com\/blog.biketravel.net\/wp-content\/uploads\/2016\/04\/M7_3006.jpg?w=1600&amp;ssl=1 1600w\" sizes=\"auto, (max-width: 640px) 100vw, 640px\" \/><\/a>Dort legten wir einen Tag Pause ein, um uns wieder etwas an die H\u00f6he zu gew\u00f6hnen, da die n\u00e4chsten Tage immer \u00fcber 4&#8217;000m sein sollten. An diesem Tag im Refugio an der Laguna Blanca wurde uns auch klar, dass wir leider auch auf dieser Etappe mit dem Wind zu k\u00e4mpfen haben w\u00fcrden. Er r\u00fcttelte den ganzen Tag am Haus&#8230;<\/p>\n<p>Am n\u00e4chsten Morgen machten wir uns auf den Weg. Und da diese Strecke auch sehr beliebt bei Jeeptouren ist, gibt es auch mal wieder ein Bild von uns zwei.<\/p>\n<p><a href=\"https:\/\/i0.wp.com\/blog.biketravel.net\/wp-content\/uploads\/2016\/04\/M7_3014.jpg?ssl=1\"><img data-recalc-dims=\"1\" loading=\"lazy\" decoding=\"async\" data-attachment-id=\"6111\" data-permalink=\"https:\/\/blog.biketravel.net\/de\/south-america-2016\/san-pedro-de-atacama-uyuni-lagunas-wind-and-sand\/attachment\/laguna-blanca-2\/\" data-orig-file=\"https:\/\/i0.wp.com\/blog.biketravel.net\/wp-content\/uploads\/2016\/04\/M7_3014.jpg?fit=1600%2C1067&amp;ssl=1\" data-orig-size=\"1600,1067\" data-comments-opened=\"1\" data-image-meta=\"{&quot;aperture&quot;:&quot;11&quot;,&quot;credit&quot;:&quot;stefan.kuettel@biketravel.net&quot;,&quot;camera&quot;:&quot;Canon EOS 7D&quot;,&quot;caption&quot;:&quot;&quot;,&quot;created_timestamp&quot;:&quot;1461490389&quot;,&quot;copyright&quot;:&quot;&quot;,&quot;focal_length&quot;:&quot;28&quot;,&quot;iso&quot;:&quot;100&quot;,&quot;shutter_speed&quot;:&quot;0.003125&quot;,&quot;title&quot;:&quot;Laguna Blanca&quot;,&quot;orientation&quot;:&quot;0&quot;}\" data-image-title=\"Laguna Blanca\" data-image-description=\"\" data-image-caption=\"\" data-large-file=\"https:\/\/i0.wp.com\/blog.biketravel.net\/wp-content\/uploads\/2016\/04\/M7_3014.jpg?fit=1024%2C683&amp;ssl=1\" class=\"aligncenter size-large wp-image-6111\" src=\"https:\/\/i0.wp.com\/blog.biketravel.net\/wp-content\/uploads\/2016\/04\/M7_3014.jpg?resize=640%2C427&#038;ssl=1\" alt=\"Laguna Blanca\" width=\"640\" height=\"427\" srcset=\"https:\/\/i0.wp.com\/blog.biketravel.net\/wp-content\/uploads\/2016\/04\/M7_3014.jpg?resize=1024%2C683&amp;ssl=1 1024w, https:\/\/i0.wp.com\/blog.biketravel.net\/wp-content\/uploads\/2016\/04\/M7_3014.jpg?resize=300%2C200&amp;ssl=1 300w, https:\/\/i0.wp.com\/blog.biketravel.net\/wp-content\/uploads\/2016\/04\/M7_3014.jpg?resize=768%2C512&amp;ssl=1 768w, https:\/\/i0.wp.com\/blog.biketravel.net\/wp-content\/uploads\/2016\/04\/M7_3014.jpg?w=1600&amp;ssl=1 1600w\" sizes=\"auto, (max-width: 640px) 100vw, 640px\" \/><\/a>Bereits die Strecke entlang der Laguna Blanca war eine Herausforderung: Wellblechpiste und Sand wechselten sich ab. Dies garniert mit einer sch\u00f6nen Brise Gegenwind.<\/p>\n<p><a href=\"https:\/\/i0.wp.com\/blog.biketravel.net\/wp-content\/uploads\/2016\/04\/MG_9343.jpg?ssl=1\"><img data-recalc-dims=\"1\" loading=\"lazy\" decoding=\"async\" data-attachment-id=\"6118\" data-permalink=\"https:\/\/blog.biketravel.net\/de\/south-america-2016\/san-pedro-de-atacama-uyuni-lagunas-wind-and-sand\/attachment\/laguna-blanca-3\/\" data-orig-file=\"https:\/\/i0.wp.com\/blog.biketravel.net\/wp-content\/uploads\/2016\/04\/MG_9343.jpg?fit=1600%2C1067&amp;ssl=1\" data-orig-size=\"1600,1067\" data-comments-opened=\"1\" data-image-meta=\"{&quot;aperture&quot;:&quot;8&quot;,&quot;credit&quot;:&quot;STEFAN.KUETTEL@BIKETRAVEL.NET&quot;,&quot;camera&quot;:&quot;Canon EOS 6D&quot;,&quot;caption&quot;:&quot;&quot;,&quot;created_timestamp&quot;:&quot;1461492238&quot;,&quot;copyright&quot;:&quot;STEFAN.KUETTEL@BIKETRAVEL.NET&quot;,&quot;focal_length&quot;:&quot;70&quot;,&quot;iso&quot;:&quot;100&quot;,&quot;shutter_speed&quot;:&quot;0.004&quot;,&quot;title&quot;:&quot;Laguna Blanca&quot;,&quot;orientation&quot;:&quot;0&quot;}\" data-image-title=\"Susanna an der Laguna Blanca\" data-image-description=\"\" data-image-caption=\"\" data-large-file=\"https:\/\/i0.wp.com\/blog.biketravel.net\/wp-content\/uploads\/2016\/04\/MG_9343.jpg?fit=1024%2C683&amp;ssl=1\" class=\"aligncenter size-large wp-image-6118\" src=\"https:\/\/i0.wp.com\/blog.biketravel.net\/wp-content\/uploads\/2016\/04\/MG_9343.jpg?resize=640%2C427&#038;ssl=1\" alt=\"Susanna an der Laguna Blanca\" width=\"640\" height=\"427\" srcset=\"https:\/\/i0.wp.com\/blog.biketravel.net\/wp-content\/uploads\/2016\/04\/MG_9343.jpg?resize=1024%2C683&amp;ssl=1 1024w, https:\/\/i0.wp.com\/blog.biketravel.net\/wp-content\/uploads\/2016\/04\/MG_9343.jpg?resize=300%2C200&amp;ssl=1 300w, https:\/\/i0.wp.com\/blog.biketravel.net\/wp-content\/uploads\/2016\/04\/MG_9343.jpg?resize=768%2C512&amp;ssl=1 768w, https:\/\/i0.wp.com\/blog.biketravel.net\/wp-content\/uploads\/2016\/04\/MG_9343.jpg?w=1600&amp;ssl=1 1600w\" sizes=\"auto, (max-width: 640px) 100vw, 640px\" \/><\/a>Die Piste wurde etwas besser, aber der Wind blieb unser Begleiter. So waren wir ziemlich ersch\u00f6pft, als wir am Abend die n\u00e4chste Lagune, die Laguna Chalviri erreichten. Daf\u00fcr wurden wir dort mit einem Thermalbad belohnt, welches wir zusammen mit den Einheimischen genossen.<\/p>\n<p>Am n\u00e4chsten Tag war bereits um 6.30 Fr\u00fchst\u00fcckzeit. Der Mann im Hostal meinte zwar, dass dies bereits zu sp\u00e4t sei. Aber wir hatten eh den Eindruck, dass der Wind praktisch immer blies&#8230;<\/p>\n<p><a href=\"https:\/\/i0.wp.com\/blog.biketravel.net\/wp-content\/uploads\/2016\/04\/MG_9394.jpg?ssl=1\"><img data-recalc-dims=\"1\" loading=\"lazy\" decoding=\"async\" data-attachment-id=\"6119\" data-permalink=\"https:\/\/blog.biketravel.net\/de\/south-america-2016\/san-pedro-de-atacama-uyuni-lagunas-wind-and-sand\/attachment\/laguna-chalviri-2\/\" data-orig-file=\"https:\/\/i0.wp.com\/blog.biketravel.net\/wp-content\/uploads\/2016\/04\/MG_9394.jpg?fit=1600%2C1067&amp;ssl=1\" data-orig-size=\"1600,1067\" data-comments-opened=\"1\" data-image-meta=\"{&quot;aperture&quot;:&quot;4&quot;,&quot;credit&quot;:&quot;STEFAN.KUETTEL@BIKETRAVEL.NET&quot;,&quot;camera&quot;:&quot;Canon EOS 6D&quot;,&quot;caption&quot;:&quot;&quot;,&quot;created_timestamp&quot;:&quot;1461564696&quot;,&quot;copyright&quot;:&quot;STEFAN.KUETTEL@BIKETRAVEL.NET&quot;,&quot;focal_length&quot;:&quot;70&quot;,&quot;iso&quot;:&quot;800&quot;,&quot;shutter_speed&quot;:&quot;0.016666666666667&quot;,&quot;title&quot;:&quot;Laguna Chalviri&quot;,&quot;orientation&quot;:&quot;0&quot;}\" data-image-title=\"Sonnenaufgang Laguna Chalviri\" data-image-description=\"\" data-image-caption=\"\" data-large-file=\"https:\/\/i0.wp.com\/blog.biketravel.net\/wp-content\/uploads\/2016\/04\/MG_9394.jpg?fit=1024%2C683&amp;ssl=1\" class=\"aligncenter size-large wp-image-6119\" src=\"https:\/\/i0.wp.com\/blog.biketravel.net\/wp-content\/uploads\/2016\/04\/MG_9394.jpg?resize=640%2C427&#038;ssl=1\" alt=\"Sonnenaufgang Laguna Chalviri\" width=\"640\" height=\"427\" srcset=\"https:\/\/i0.wp.com\/blog.biketravel.net\/wp-content\/uploads\/2016\/04\/MG_9394.jpg?resize=1024%2C683&amp;ssl=1 1024w, https:\/\/i0.wp.com\/blog.biketravel.net\/wp-content\/uploads\/2016\/04\/MG_9394.jpg?resize=300%2C200&amp;ssl=1 300w, https:\/\/i0.wp.com\/blog.biketravel.net\/wp-content\/uploads\/2016\/04\/MG_9394.jpg?resize=768%2C512&amp;ssl=1 768w, https:\/\/i0.wp.com\/blog.biketravel.net\/wp-content\/uploads\/2016\/04\/MG_9394.jpg?w=1600&amp;ssl=1 1600w\" sizes=\"auto, (max-width: 640px) 100vw, 640px\" \/><\/a>Wir machten uns aber trotzdem motiviert auf den Weg. Und am Anfang waren wir auch noch im Windschatten der Berge.<\/p>\n<p><a href=\"https:\/\/i0.wp.com\/blog.biketravel.net\/wp-content\/uploads\/2016\/04\/MG_9443.jpg?ssl=1\"><img data-recalc-dims=\"1\" loading=\"lazy\" decoding=\"async\" data-attachment-id=\"6120\" data-permalink=\"https:\/\/blog.biketravel.net\/de\/south-america-2016\/san-pedro-de-atacama-uyuni-lagunas-wind-and-sand\/attachment\/laguna-chalviri-3\/\" data-orig-file=\"https:\/\/i0.wp.com\/blog.biketravel.net\/wp-content\/uploads\/2016\/04\/MG_9443.jpg?fit=1600%2C1067&amp;ssl=1\" data-orig-size=\"1600,1067\" data-comments-opened=\"1\" data-image-meta=\"{&quot;aperture&quot;:&quot;8&quot;,&quot;credit&quot;:&quot;STEFAN.KUETTEL@BIKETRAVEL.NET&quot;,&quot;camera&quot;:&quot;Canon EOS 6D&quot;,&quot;caption&quot;:&quot;&quot;,&quot;created_timestamp&quot;:&quot;1461573659&quot;,&quot;copyright&quot;:&quot;STEFAN.KUETTEL@BIKETRAVEL.NET&quot;,&quot;focal_length&quot;:&quot;70&quot;,&quot;iso&quot;:&quot;100&quot;,&quot;shutter_speed&quot;:&quot;0.008&quot;,&quot;title&quot;:&quot;Laguna Chalviri&quot;,&quot;orientation&quot;:&quot;0&quot;}\" data-image-title=\"Susanna an der Laguna Chalviri\" data-image-description=\"\" data-image-caption=\"\" data-large-file=\"https:\/\/i0.wp.com\/blog.biketravel.net\/wp-content\/uploads\/2016\/04\/MG_9443.jpg?fit=1024%2C683&amp;ssl=1\" class=\"aligncenter size-large wp-image-6120\" src=\"https:\/\/i0.wp.com\/blog.biketravel.net\/wp-content\/uploads\/2016\/04\/MG_9443.jpg?resize=640%2C427&#038;ssl=1\" alt=\"Susanna an der Laguna Chalviri\" width=\"640\" height=\"427\" srcset=\"https:\/\/i0.wp.com\/blog.biketravel.net\/wp-content\/uploads\/2016\/04\/MG_9443.jpg?resize=1024%2C683&amp;ssl=1 1024w, https:\/\/i0.wp.com\/blog.biketravel.net\/wp-content\/uploads\/2016\/04\/MG_9443.jpg?resize=300%2C200&amp;ssl=1 300w, https:\/\/i0.wp.com\/blog.biketravel.net\/wp-content\/uploads\/2016\/04\/MG_9443.jpg?resize=768%2C512&amp;ssl=1 768w, https:\/\/i0.wp.com\/blog.biketravel.net\/wp-content\/uploads\/2016\/04\/MG_9443.jpg?w=1600&amp;ssl=1 1600w\" sizes=\"auto, (max-width: 640px) 100vw, 640px\" \/><\/a>Das \u00e4nderte sich aber leider kurze Zeit sp\u00e4ter beim Aufstieg. Ab dann hatten wir heftigsten Gegenwind und etwas Windschatten f\u00fcr eine Pause fanden wir nur noch hinter einem grossen Stein.<\/p>\n<p><a href=\"https:\/\/i0.wp.com\/blog.biketravel.net\/wp-content\/uploads\/2016\/04\/MG_9446.jpg?ssl=1\"><img data-recalc-dims=\"1\" loading=\"lazy\" decoding=\"async\" data-attachment-id=\"6121\" data-permalink=\"https:\/\/blog.biketravel.net\/de\/south-america-2016\/san-pedro-de-atacama-uyuni-lagunas-wind-and-sand\/attachment\/pause-im-windschatten\/\" data-orig-file=\"https:\/\/i0.wp.com\/blog.biketravel.net\/wp-content\/uploads\/2016\/04\/MG_9446.jpg?fit=1600%2C1067&amp;ssl=1\" data-orig-size=\"1600,1067\" data-comments-opened=\"1\" data-image-meta=\"{&quot;aperture&quot;:&quot;8&quot;,&quot;credit&quot;:&quot;STEFAN.KUETTEL@BIKETRAVEL.NET&quot;,&quot;camera&quot;:&quot;Canon EOS 6D&quot;,&quot;caption&quot;:&quot;&quot;,&quot;created_timestamp&quot;:&quot;1461586568&quot;,&quot;copyright&quot;:&quot;STEFAN.KUETTEL@BIKETRAVEL.NET&quot;,&quot;focal_length&quot;:&quot;70&quot;,&quot;iso&quot;:&quot;100&quot;,&quot;shutter_speed&quot;:&quot;0.005&quot;,&quot;title&quot;:&quot;Pause im Windschatten&quot;,&quot;orientation&quot;:&quot;0&quot;}\" data-image-title=\"Pause im Windschatten\" data-image-description=\"\" data-image-caption=\"\" data-large-file=\"https:\/\/i0.wp.com\/blog.biketravel.net\/wp-content\/uploads\/2016\/04\/MG_9446.jpg?fit=1024%2C683&amp;ssl=1\" class=\"aligncenter size-large wp-image-6121\" src=\"https:\/\/i0.wp.com\/blog.biketravel.net\/wp-content\/uploads\/2016\/04\/MG_9446.jpg?resize=640%2C427&#038;ssl=1\" alt=\"Pause im Windschatten eines Steines\" width=\"640\" height=\"427\" srcset=\"https:\/\/i0.wp.com\/blog.biketravel.net\/wp-content\/uploads\/2016\/04\/MG_9446.jpg?resize=1024%2C683&amp;ssl=1 1024w, https:\/\/i0.wp.com\/blog.biketravel.net\/wp-content\/uploads\/2016\/04\/MG_9446.jpg?resize=300%2C200&amp;ssl=1 300w, https:\/\/i0.wp.com\/blog.biketravel.net\/wp-content\/uploads\/2016\/04\/MG_9446.jpg?resize=768%2C512&amp;ssl=1 768w, https:\/\/i0.wp.com\/blog.biketravel.net\/wp-content\/uploads\/2016\/04\/MG_9446.jpg?w=1600&amp;ssl=1 1600w\" sizes=\"auto, (max-width: 640px) 100vw, 640px\" \/><\/a>Wir k\u00e4mpften uns auf den letzten Metern zu unserem Nachtlager auf 4&#8217;950m beim Geysir Sol de Ma\u00f1ana durch veritable Sandst\u00fcrme.<\/p>\n<p><a href=\"https:\/\/i0.wp.com\/blog.biketravel.net\/wp-content\/uploads\/2016\/04\/MG_9449.jpg?ssl=1\"><img data-recalc-dims=\"1\" loading=\"lazy\" decoding=\"async\" data-attachment-id=\"6122\" data-permalink=\"https:\/\/blog.biketravel.net\/de\/south-america-2016\/san-pedro-de-atacama-uyuni-lagunas-wind-and-sand\/attachment\/sol-de-manana\/\" data-orig-file=\"https:\/\/i0.wp.com\/blog.biketravel.net\/wp-content\/uploads\/2016\/04\/MG_9449.jpg?fit=1600%2C1067&amp;ssl=1\" data-orig-size=\"1600,1067\" data-comments-opened=\"1\" data-image-meta=\"{&quot;aperture&quot;:&quot;8&quot;,&quot;credit&quot;:&quot;STEFAN.KUETTEL@BIKETRAVEL.NET&quot;,&quot;camera&quot;:&quot;Canon EOS 6D&quot;,&quot;caption&quot;:&quot;&quot;,&quot;created_timestamp&quot;:&quot;1461591211&quot;,&quot;copyright&quot;:&quot;STEFAN.KUETTEL@BIKETRAVEL.NET&quot;,&quot;focal_length&quot;:&quot;260&quot;,&quot;iso&quot;:&quot;100&quot;,&quot;shutter_speed&quot;:&quot;0.005&quot;,&quot;title&quot;:&quot;Sol de Ma\\u00f1ana&quot;,&quot;orientation&quot;:&quot;0&quot;}\" data-image-title=\"Sandsturm Sol de Ma\u00f1ana\" data-image-description=\"\" data-image-caption=\"\" data-large-file=\"https:\/\/i0.wp.com\/blog.biketravel.net\/wp-content\/uploads\/2016\/04\/MG_9449.jpg?fit=1024%2C683&amp;ssl=1\" class=\"aligncenter size-large wp-image-6122\" src=\"https:\/\/i0.wp.com\/blog.biketravel.net\/wp-content\/uploads\/2016\/04\/MG_9449.jpg?resize=640%2C427&#038;ssl=1\" alt=\"Sandsturm Sol de Ma\u00f1ana\" width=\"640\" height=\"427\" srcset=\"https:\/\/i0.wp.com\/blog.biketravel.net\/wp-content\/uploads\/2016\/04\/MG_9449.jpg?resize=1024%2C683&amp;ssl=1 1024w, https:\/\/i0.wp.com\/blog.biketravel.net\/wp-content\/uploads\/2016\/04\/MG_9449.jpg?resize=300%2C200&amp;ssl=1 300w, https:\/\/i0.wp.com\/blog.biketravel.net\/wp-content\/uploads\/2016\/04\/MG_9449.jpg?resize=768%2C512&amp;ssl=1 768w, https:\/\/i0.wp.com\/blog.biketravel.net\/wp-content\/uploads\/2016\/04\/MG_9449.jpg?w=1600&amp;ssl=1 1600w\" sizes=\"auto, (max-width: 640px) 100vw, 640px\" \/><\/a>Unser Zelt wurde dann auch die ganze Nacht vom Wind durchgesch\u00fcttelt. Dies trotz &#8222;Windschutz&#8220; einer Ruine. Ja, so richtig Spass machte dies leider nicht mehr.<\/p>\n<p><a href=\"https:\/\/i0.wp.com\/blog.biketravel.net\/wp-content\/uploads\/2016\/04\/MG_9453.jpg?ssl=1\"><img data-recalc-dims=\"1\" loading=\"lazy\" decoding=\"async\" data-attachment-id=\"6127\" data-permalink=\"https:\/\/blog.biketravel.net\/de\/south-america-2016\/san-pedro-de-atacama-uyuni-lagunas-wind-and-sand\/attachment\/campieren-sol-de-manana\/\" data-orig-file=\"https:\/\/i0.wp.com\/blog.biketravel.net\/wp-content\/uploads\/2016\/04\/MG_9453.jpg?fit=1600%2C1067&amp;ssl=1\" data-orig-size=\"1600,1067\" data-comments-opened=\"1\" data-image-meta=\"{&quot;aperture&quot;:&quot;8&quot;,&quot;credit&quot;:&quot;STEFAN.KUETTEL@BIKETRAVEL.NET&quot;,&quot;camera&quot;:&quot;Canon EOS 6D&quot;,&quot;caption&quot;:&quot;&quot;,&quot;created_timestamp&quot;:&quot;1461658367&quot;,&quot;copyright&quot;:&quot;STEFAN.KUETTEL@BIKETRAVEL.NET&quot;,&quot;focal_length&quot;:&quot;70&quot;,&quot;iso&quot;:&quot;100&quot;,&quot;shutter_speed&quot;:&quot;0.005&quot;,&quot;title&quot;:&quot;Campieren Sol de Ma\\u00f1ana&quot;,&quot;orientation&quot;:&quot;0&quot;}\" data-image-title=\"Campieren Sol de Ma\u00f1ana\" data-image-description=\"\" data-image-caption=\"\" data-large-file=\"https:\/\/i0.wp.com\/blog.biketravel.net\/wp-content\/uploads\/2016\/04\/MG_9453.jpg?fit=1024%2C683&amp;ssl=1\" class=\"aligncenter size-large wp-image-6127\" src=\"https:\/\/i0.wp.com\/blog.biketravel.net\/wp-content\/uploads\/2016\/04\/MG_9453.jpg?resize=640%2C427&#038;ssl=1\" alt=\"Campieren Sol de Ma\u00f1ana\" width=\"640\" height=\"427\" srcset=\"https:\/\/i0.wp.com\/blog.biketravel.net\/wp-content\/uploads\/2016\/04\/MG_9453.jpg?resize=1024%2C683&amp;ssl=1 1024w, https:\/\/i0.wp.com\/blog.biketravel.net\/wp-content\/uploads\/2016\/04\/MG_9453.jpg?resize=300%2C200&amp;ssl=1 300w, https:\/\/i0.wp.com\/blog.biketravel.net\/wp-content\/uploads\/2016\/04\/MG_9453.jpg?resize=768%2C512&amp;ssl=1 768w, https:\/\/i0.wp.com\/blog.biketravel.net\/wp-content\/uploads\/2016\/04\/MG_9453.jpg?w=1600&amp;ssl=1 1600w\" sizes=\"auto, (max-width: 640px) 100vw, 640px\" \/><\/a>Der Anblick der blubbernden Schlammt\u00f6pfe und Fumarolen entsch\u00e4digten etwas.<\/p>\n<p><a href=\"https:\/\/i0.wp.com\/blog.biketravel.net\/wp-content\/uploads\/2016\/04\/MG_9459.jpg?ssl=1\"><img data-recalc-dims=\"1\" loading=\"lazy\" decoding=\"async\" data-attachment-id=\"6123\" data-permalink=\"https:\/\/blog.biketravel.net\/de\/south-america-2016\/san-pedro-de-atacama-uyuni-lagunas-wind-and-sand\/attachment\/sol-de-manana-2\/\" data-orig-file=\"https:\/\/i0.wp.com\/blog.biketravel.net\/wp-content\/uploads\/2016\/04\/MG_9459.jpg?fit=1600%2C1067&amp;ssl=1\" data-orig-size=\"1600,1067\" data-comments-opened=\"1\" data-image-meta=\"{&quot;aperture&quot;:&quot;8&quot;,&quot;credit&quot;:&quot;STEFAN.KUETTEL@BIKETRAVEL.NET&quot;,&quot;camera&quot;:&quot;Canon EOS 6D&quot;,&quot;caption&quot;:&quot;&quot;,&quot;created_timestamp&quot;:&quot;1461663797&quot;,&quot;copyright&quot;:&quot;STEFAN.KUETTEL@BIKETRAVEL.NET&quot;,&quot;focal_length&quot;:&quot;70&quot;,&quot;iso&quot;:&quot;100&quot;,&quot;shutter_speed&quot;:&quot;0.005&quot;,&quot;title&quot;:&quot;Sol de Ma\\u00f1ana&quot;,&quot;orientation&quot;:&quot;0&quot;}\" data-image-title=\"Sol de Ma\u00f1ana\" data-image-description=\"\" data-image-caption=\"\" data-large-file=\"https:\/\/i0.wp.com\/blog.biketravel.net\/wp-content\/uploads\/2016\/04\/MG_9459.jpg?fit=1024%2C683&amp;ssl=1\" class=\"aligncenter size-large wp-image-6123\" src=\"https:\/\/i0.wp.com\/blog.biketravel.net\/wp-content\/uploads\/2016\/04\/MG_9459.jpg?resize=640%2C427&#038;ssl=1\" alt=\"Sol de Ma\u00f1ana\" width=\"640\" height=\"427\" srcset=\"https:\/\/i0.wp.com\/blog.biketravel.net\/wp-content\/uploads\/2016\/04\/MG_9459.jpg?resize=1024%2C683&amp;ssl=1 1024w, https:\/\/i0.wp.com\/blog.biketravel.net\/wp-content\/uploads\/2016\/04\/MG_9459.jpg?resize=300%2C200&amp;ssl=1 300w, https:\/\/i0.wp.com\/blog.biketravel.net\/wp-content\/uploads\/2016\/04\/MG_9459.jpg?resize=768%2C512&amp;ssl=1 768w, https:\/\/i0.wp.com\/blog.biketravel.net\/wp-content\/uploads\/2016\/04\/MG_9459.jpg?w=1600&amp;ssl=1 1600w\" sizes=\"auto, (max-width: 640px) 100vw, 640px\" \/><\/a>Aber unsere Batterien waren bereits ziemlich leer und die Strasse wurde nicht besser.<\/p>\n<p><a href=\"https:\/\/i0.wp.com\/blog.biketravel.net\/wp-content\/uploads\/2016\/04\/M7_3148.jpg?ssl=1\"><img data-recalc-dims=\"1\" loading=\"lazy\" decoding=\"async\" data-attachment-id=\"6113\" data-permalink=\"https:\/\/blog.biketravel.net\/de\/south-america-2016\/san-pedro-de-atacama-uyuni-lagunas-wind-and-sand\/attachment\/fahrt-richtung-laguna-colorada\/\" data-orig-file=\"https:\/\/i0.wp.com\/blog.biketravel.net\/wp-content\/uploads\/2016\/04\/M7_3148.jpg?fit=1600%2C1067&amp;ssl=1\" data-orig-size=\"1600,1067\" data-comments-opened=\"1\" data-image-meta=\"{&quot;aperture&quot;:&quot;8&quot;,&quot;credit&quot;:&quot;stefan.kuettel@biketravel.net&quot;,&quot;camera&quot;:&quot;Canon EOS 7D&quot;,&quot;caption&quot;:&quot;&quot;,&quot;created_timestamp&quot;:&quot;1461673764&quot;,&quot;copyright&quot;:&quot;&quot;,&quot;focal_length&quot;:&quot;24&quot;,&quot;iso&quot;:&quot;100&quot;,&quot;shutter_speed&quot;:&quot;0.002&quot;,&quot;title&quot;:&quot;Fahrt Richtung Laguna Colorada&quot;,&quot;orientation&quot;:&quot;0&quot;}\" data-image-title=\"Fahrt Richtung Laguna Colorada\" data-image-description=\"\" data-image-caption=\"\" data-large-file=\"https:\/\/i0.wp.com\/blog.biketravel.net\/wp-content\/uploads\/2016\/04\/M7_3148.jpg?fit=1024%2C683&amp;ssl=1\" class=\"aligncenter size-large wp-image-6113\" src=\"https:\/\/i0.wp.com\/blog.biketravel.net\/wp-content\/uploads\/2016\/04\/M7_3148.jpg?resize=640%2C427&#038;ssl=1\" alt=\"Fahrt Richtung Laguna Colorada\" width=\"640\" height=\"427\" srcset=\"https:\/\/i0.wp.com\/blog.biketravel.net\/wp-content\/uploads\/2016\/04\/M7_3148.jpg?resize=1024%2C683&amp;ssl=1 1024w, https:\/\/i0.wp.com\/blog.biketravel.net\/wp-content\/uploads\/2016\/04\/M7_3148.jpg?resize=300%2C200&amp;ssl=1 300w, https:\/\/i0.wp.com\/blog.biketravel.net\/wp-content\/uploads\/2016\/04\/M7_3148.jpg?resize=768%2C512&amp;ssl=1 768w, https:\/\/i0.wp.com\/blog.biketravel.net\/wp-content\/uploads\/2016\/04\/M7_3148.jpg?w=1600&amp;ssl=1 1600w\" sizes=\"auto, (max-width: 640px) 100vw, 640px\" \/><\/a>So entschieden wir uns schlussendlich eine Gruppe Pickupfahrer anzuhalten. Diese nahmen uns dann auch etwas mit. Wobei wir dann feststellen mussten, dass dies auf dem einfachsten Teil des Tages war: Auf der Fahrt hinunter an die Laguna Colorada. Aber immer noch besser als nichts.<\/p>\n<p><a href=\"https:\/\/i0.wp.com\/blog.biketravel.net\/wp-content\/uploads\/2016\/04\/MG_9476.jpg?ssl=1\"><img data-recalc-dims=\"1\" loading=\"lazy\" decoding=\"async\" data-attachment-id=\"6125\" data-permalink=\"https:\/\/blog.biketravel.net\/de\/south-america-2016\/san-pedro-de-atacama-uyuni-lagunas-wind-and-sand\/attachment\/pickup-transport-2\/\" data-orig-file=\"https:\/\/i0.wp.com\/blog.biketravel.net\/wp-content\/uploads\/2016\/04\/MG_9476.jpg?fit=1600%2C1067&amp;ssl=1\" data-orig-size=\"1600,1067\" data-comments-opened=\"1\" data-image-meta=\"{&quot;aperture&quot;:&quot;8&quot;,&quot;credit&quot;:&quot;STEFAN.KUETTEL@BIKETRAVEL.NET&quot;,&quot;camera&quot;:&quot;Canon EOS 6D&quot;,&quot;caption&quot;:&quot;&quot;,&quot;created_timestamp&quot;:&quot;1461677714&quot;,&quot;copyright&quot;:&quot;STEFAN.KUETTEL@BIKETRAVEL.NET&quot;,&quot;focal_length&quot;:&quot;70&quot;,&quot;iso&quot;:&quot;100&quot;,&quot;shutter_speed&quot;:&quot;0.004&quot;,&quot;title&quot;:&quot;Pickup Transport&quot;,&quot;orientation&quot;:&quot;0&quot;}\" data-image-title=\"Pickup Transport\" data-image-description=\"\" data-image-caption=\"\" data-large-file=\"https:\/\/i0.wp.com\/blog.biketravel.net\/wp-content\/uploads\/2016\/04\/MG_9476.jpg?fit=1024%2C683&amp;ssl=1\" class=\"aligncenter size-large wp-image-6125\" src=\"https:\/\/i0.wp.com\/blog.biketravel.net\/wp-content\/uploads\/2016\/04\/MG_9476.jpg?resize=640%2C427&#038;ssl=1\" alt=\"Pickup Transport\" width=\"640\" height=\"427\" srcset=\"https:\/\/i0.wp.com\/blog.biketravel.net\/wp-content\/uploads\/2016\/04\/MG_9476.jpg?resize=1024%2C683&amp;ssl=1 1024w, https:\/\/i0.wp.com\/blog.biketravel.net\/wp-content\/uploads\/2016\/04\/MG_9476.jpg?resize=300%2C200&amp;ssl=1 300w, https:\/\/i0.wp.com\/blog.biketravel.net\/wp-content\/uploads\/2016\/04\/MG_9476.jpg?resize=768%2C512&amp;ssl=1 768w, https:\/\/i0.wp.com\/blog.biketravel.net\/wp-content\/uploads\/2016\/04\/MG_9476.jpg?w=1600&amp;ssl=1 1600w\" sizes=\"auto, (max-width: 640px) 100vw, 640px\" \/><\/a>Der anspruchsvollste Teil des Tages wartete aber noch auf uns: Mehr als 10km entlang der Lagune mit extremem Wellblech und sehr sandiger Piste. Fahren war f\u00fcr mehrere Kilometer nicht m\u00f6glich und wir mussten die Velos durch den Sand stossen.<\/p>\n<p><a href=\"https:\/\/i0.wp.com\/blog.biketravel.net\/wp-content\/uploads\/2016\/04\/M7_3172.jpg?ssl=1\"><img data-recalc-dims=\"1\" loading=\"lazy\" decoding=\"async\" data-attachment-id=\"6114\" data-permalink=\"https:\/\/blog.biketravel.net\/de\/south-america-2016\/san-pedro-de-atacama-uyuni-lagunas-wind-and-sand\/attachment\/strasse-laguna-colorada\/\" data-orig-file=\"https:\/\/i0.wp.com\/blog.biketravel.net\/wp-content\/uploads\/2016\/04\/M7_3172.jpg?fit=1600%2C1067&amp;ssl=1\" data-orig-size=\"1600,1067\" data-comments-opened=\"1\" data-image-meta=\"{&quot;aperture&quot;:&quot;8&quot;,&quot;credit&quot;:&quot;stefan.kuettel@biketravel.net&quot;,&quot;camera&quot;:&quot;Canon EOS 7D&quot;,&quot;caption&quot;:&quot;&quot;,&quot;created_timestamp&quot;:&quot;1461687391&quot;,&quot;copyright&quot;:&quot;&quot;,&quot;focal_length&quot;:&quot;50&quot;,&quot;iso&quot;:&quot;250&quot;,&quot;shutter_speed&quot;:&quot;0.00125&quot;,&quot;title&quot;:&quot;Strasse Laguna Colorada&quot;,&quot;orientation&quot;:&quot;0&quot;}\" data-image-title=\"Strasse Laguna Colorada &amp;#8211; der bessere Teil\" data-image-description=\"\" data-image-caption=\"\" data-large-file=\"https:\/\/i0.wp.com\/blog.biketravel.net\/wp-content\/uploads\/2016\/04\/M7_3172.jpg?fit=1024%2C683&amp;ssl=1\" class=\"aligncenter size-large wp-image-6114\" src=\"https:\/\/i0.wp.com\/blog.biketravel.net\/wp-content\/uploads\/2016\/04\/M7_3172.jpg?resize=640%2C427&#038;ssl=1\" alt=\"Strasse Laguna Colorada - der bessere Teil\" width=\"640\" height=\"427\" srcset=\"https:\/\/i0.wp.com\/blog.biketravel.net\/wp-content\/uploads\/2016\/04\/M7_3172.jpg?resize=1024%2C683&amp;ssl=1 1024w, https:\/\/i0.wp.com\/blog.biketravel.net\/wp-content\/uploads\/2016\/04\/M7_3172.jpg?resize=300%2C200&amp;ssl=1 300w, https:\/\/i0.wp.com\/blog.biketravel.net\/wp-content\/uploads\/2016\/04\/M7_3172.jpg?resize=768%2C512&amp;ssl=1 768w, https:\/\/i0.wp.com\/blog.biketravel.net\/wp-content\/uploads\/2016\/04\/M7_3172.jpg?w=1600&amp;ssl=1 1600w\" sizes=\"auto, (max-width: 640px) 100vw, 640px\" \/><\/a>Als wir schlussendlich das Refugio an der Laguna Colorada erreichten, waren wir fix und fertig. Und so mussten wir auch nicht lange diskutieren: Die Lagunenroute ist zwar landschaftlich sehr sch\u00f6n, aber unter diesen Bedingungen zu viel f\u00fcr uns. Wir beschlossen deshalb das Abenteuer Lagunenroute an der Laguna Colorada zu beenden und nach einem Transport nach Uyuni Ausschau zu halten. Dieser Transport zu finden war aber alles andere als einfach, da die wenigen Autos, die dort vorbei kommen, eine andere Richtung einschlagen.<\/p>\n<p>Und so verbrachten wir einen ganzen Tag mit Warten. So konnte ich mich ausgiebig meinem Benzinkocher widmen, der ebenfalls nicht mehr wollte.<\/p>\n<p><a href=\"https:\/\/i0.wp.com\/blog.biketravel.net\/wp-content\/uploads\/2016\/04\/M7_3196.jpg?ssl=1\"><img data-recalc-dims=\"1\" loading=\"lazy\" decoding=\"async\" data-attachment-id=\"6115\" data-permalink=\"https:\/\/blog.biketravel.net\/de\/south-america-2016\/san-pedro-de-atacama-uyuni-lagunas-wind-and-sand\/attachment\/kocherreparaturversuch\/\" data-orig-file=\"https:\/\/i0.wp.com\/blog.biketravel.net\/wp-content\/uploads\/2016\/04\/M7_3196.jpg?fit=1600%2C1067&amp;ssl=1\" data-orig-size=\"1600,1067\" data-comments-opened=\"1\" data-image-meta=\"{&quot;aperture&quot;:&quot;8&quot;,&quot;credit&quot;:&quot;stefan.kuettel@biketravel.net&quot;,&quot;camera&quot;:&quot;Canon EOS 7D&quot;,&quot;caption&quot;:&quot;&quot;,&quot;created_timestamp&quot;:&quot;1461764208&quot;,&quot;copyright&quot;:&quot;&quot;,&quot;focal_length&quot;:&quot;24&quot;,&quot;iso&quot;:&quot;100&quot;,&quot;shutter_speed&quot;:&quot;0.0015625&quot;,&quot;title&quot;:&quot;Kocherreparaturversuch&quot;,&quot;orientation&quot;:&quot;0&quot;}\" data-image-title=\"Kocherreparaturversuch\" data-image-description=\"\" data-image-caption=\"\" data-large-file=\"https:\/\/i0.wp.com\/blog.biketravel.net\/wp-content\/uploads\/2016\/04\/M7_3196.jpg?fit=1024%2C683&amp;ssl=1\" class=\"aligncenter size-large wp-image-6115\" src=\"https:\/\/i0.wp.com\/blog.biketravel.net\/wp-content\/uploads\/2016\/04\/M7_3196.jpg?resize=640%2C427&#038;ssl=1\" alt=\"Kocherreparaturversuch\" width=\"640\" height=\"427\" srcset=\"https:\/\/i0.wp.com\/blog.biketravel.net\/wp-content\/uploads\/2016\/04\/M7_3196.jpg?resize=1024%2C683&amp;ssl=1 1024w, https:\/\/i0.wp.com\/blog.biketravel.net\/wp-content\/uploads\/2016\/04\/M7_3196.jpg?resize=300%2C200&amp;ssl=1 300w, https:\/\/i0.wp.com\/blog.biketravel.net\/wp-content\/uploads\/2016\/04\/M7_3196.jpg?resize=768%2C512&amp;ssl=1 768w, https:\/\/i0.wp.com\/blog.biketravel.net\/wp-content\/uploads\/2016\/04\/M7_3196.jpg?w=1600&amp;ssl=1 1600w\" sizes=\"auto, (max-width: 640px) 100vw, 640px\" \/><\/a>Leider endete dies nicht erfolgreich (evtl. ist einfach das Benzin zu schlecht, welches wir in Argentinien bekommen haben).<\/p>\n<p>Wir hatten die Hoffnung an diesem Tag schon fast aufgegeben, als sich kurzfristig doch noch eine Chance ergab: Der Direktor des dortigen Nationalparks fuhr zusammen mit weiteren Personen an diesem Abend nach Uyuni. Und sie hatten noch Platz f\u00fcr zwei Personen (und nach kurzem \u00dcberlegen auch f\u00fcr zwei Velos). Und so flogen wir mit teilweise sehr hoher Geschwindigkeit innerhalb von vier Stunden f\u00f6rmlich \u00fcber die Schotterpisten nach Uyuni (fast 300km). Susanna und ich waren beide froh, als wir dort am Abend in einem St\u00fcck ankamen&#8230;<\/p>\n<p>Und so sind wir nun, fr\u00fcher als gedacht und um eine Erfahrung reicher, bereits in Uyuni. Was uns noch fehlt ist der Ausflug auf den weissen Salar von Uyuni. Dies werden wir wohl in den n\u00e4chsten Tagen nachholen, nachdem wir nun auch wieder etwas motiviert sind uns auf unsere Velos zu setzen :-). Dieses Mal hoffentlich ohne Gegenwind&#8230;<\/p>\n<p>Liebe Gr\u00fcsse aus Uyuni (Bolivien),<\/p>\n<p>Stefan und Susanna<\/p>","protected":false},"excerpt":{"rendered":"<p>Nachdem wir die Front mit schlechtem Wetter in San Pedro de Atacama vorbei ziehen liessen, machten wir uns am Donnerstag doch noch auf den Weg. Weit kamen wir aber nicht: Am Zoll in San Pedro war erstmal Schluss, da die Bolivianer die Grenze wegen dem Schnee der letzten Tage doch noch nicht ge\u00f6ffnet hatten. Kurz [&hellip;]<\/p>\n","protected":false},"author":1346,"featured_media":6112,"comment_status":"open","ping_status":"open","sticky":false,"template":"","format":"standard","meta":{"jetpack_post_was_ever_published":false,"_jetpack_newsletter_access":"","_jetpack_dont_email_post_to_subs":false,"_jetpack_newsletter_tier_id":0,"_jetpack_memberships_contains_paywalled_content":false,"_jetpack_memberships_contains_paid_content":false,"footnotes":""},"categories":[459,453,434],"tags":[460,462,463,461,455,464,465],"class_list":{"0":"post-6047","1":"post","2":"type-post","3":"status-publish","4":"format-standard","5":"has-post-thumbnail","7":"category-bolivia-2016","8":"category-chile-2016","9":"category-south-america-2016","10":"tag-laguna-blanca","11":"tag-laguna-chalviri","12":"tag-laguna-colorada","13":"tag-laguna-verde","14":"tag-san-pedro-de-atacama","15":"tag-sol-de-manana","16":"tag-uyuni","17":"czr-hentry"},"yoast_head":"<!-- This site is optimized with the Yoast SEO plugin v27.5 - https:\/\/yoast.com\/product\/yoast-seo-wordpress\/ -->\n<title>San Pedro de Atacama - Uyuni: Lagunas, Wind und Sand - biketravel.net<\/title>\n<meta name=\"description\" content=\"By bicycle von San Pedro de Atacama across the laguna route till Uyuni. Mit dem Fahrrad von San Pedro de Atacama via Lagunen Route nach Uyuni.\" \/>\n<meta name=\"robots\" content=\"index, follow, max-snippet:-1, max-image-preview:large, max-video-preview:-1\" \/>\n<link rel=\"canonical\" href=\"https:\/\/blog.biketravel.net\/en\/south-america-2016\/san-pedro-de-atacama-uyuni-lagunas-wind-and-sand\/\" \/>\n<meta name=\"twitter:label1\" content=\"Verfasst von\" \/>\n\t<meta name=\"twitter:data1\" content=\"Stefan\" \/>\n\t<meta name=\"twitter:label2\" content=\"Gesch\u00e4tzte Lesezeit\" \/>\n\t<meta name=\"twitter:data2\" content=\"5\u00a0Minuten\" \/>\n<script type=\"application\/ld+json\" class=\"yoast-schema-graph\">{\"@context\":\"https:\\\/\\\/schema.org\",\"@graph\":[{\"@type\":\"Article\",\"@id\":\"https:\\\/\\\/blog.biketravel.net\\\/en\\\/south-america-2016\\\/san-pedro-de-atacama-uyuni-lagunas-wind-and-sand\\\/#article\",\"isPartOf\":{\"@id\":\"https:\\\/\\\/blog.biketravel.net\\\/en\\\/south-america-2016\\\/san-pedro-de-atacama-uyuni-lagunas-wind-and-sand\\\/\"},\"author\":{\"name\":\"Stefan\",\"@id\":\"https:\\\/\\\/blog.biketravel.net\\\/de\\\/#\\\/schema\\\/person\\\/04a500e1a95d1b28af82cbf6aadf1654\"},\"headline\":\"San Pedro de Atacama &#8211; Uyuni: Lagunas, Wind und Sand\",\"datePublished\":\"2016-04-29T21:27:34+00:00\",\"mainEntityOfPage\":{\"@id\":\"https:\\\/\\\/blog.biketravel.net\\\/en\\\/south-america-2016\\\/san-pedro-de-atacama-uyuni-lagunas-wind-and-sand\\\/\"},\"wordCount\":1010,\"commentCount\":6,\"image\":{\"@id\":\"https:\\\/\\\/blog.biketravel.net\\\/en\\\/south-america-2016\\\/san-pedro-de-atacama-uyuni-lagunas-wind-and-sand\\\/#primaryimage\"},\"thumbnailUrl\":\"https:\\\/\\\/i0.wp.com\\\/blog.biketravel.net\\\/wp-content\\\/uploads\\\/2016\\\/04\\\/M7_3118.jpg?fit=1600%2C1067&ssl=1\",\"keywords\":[\"Laguna Blanca\",\"Laguna Chalviri\",\"Laguna Colorada\",\"Laguna Verde\",\"San Pedro de Atacama\",\"Sol de Ma\u00f1ana\",\"Uyuni\"],\"articleSection\":[\"Bolivia 2016\",\"Chile 2016\",\"South America 2016\"],\"inLanguage\":\"de\",\"potentialAction\":[{\"@type\":\"CommentAction\",\"name\":\"Comment\",\"target\":[\"https:\\\/\\\/blog.biketravel.net\\\/en\\\/south-america-2016\\\/san-pedro-de-atacama-uyuni-lagunas-wind-and-sand\\\/#respond\"]}]},{\"@type\":\"WebPage\",\"@id\":\"https:\\\/\\\/blog.biketravel.net\\\/en\\\/south-america-2016\\\/san-pedro-de-atacama-uyuni-lagunas-wind-and-sand\\\/\",\"url\":\"https:\\\/\\\/blog.biketravel.net\\\/en\\\/south-america-2016\\\/san-pedro-de-atacama-uyuni-lagunas-wind-and-sand\\\/\",\"name\":\"San Pedro de Atacama - Uyuni: Lagunas, Wind und Sand - biketravel.net\",\"isPartOf\":{\"@id\":\"https:\\\/\\\/blog.biketravel.net\\\/de\\\/#website\"},\"primaryImageOfPage\":{\"@id\":\"https:\\\/\\\/blog.biketravel.net\\\/en\\\/south-america-2016\\\/san-pedro-de-atacama-uyuni-lagunas-wind-and-sand\\\/#primaryimage\"},\"image\":{\"@id\":\"https:\\\/\\\/blog.biketravel.net\\\/en\\\/south-america-2016\\\/san-pedro-de-atacama-uyuni-lagunas-wind-and-sand\\\/#primaryimage\"},\"thumbnailUrl\":\"https:\\\/\\\/i0.wp.com\\\/blog.biketravel.net\\\/wp-content\\\/uploads\\\/2016\\\/04\\\/M7_3118.jpg?fit=1600%2C1067&ssl=1\",\"datePublished\":\"2016-04-29T21:27:34+00:00\",\"author\":{\"@id\":\"https:\\\/\\\/blog.biketravel.net\\\/de\\\/#\\\/schema\\\/person\\\/04a500e1a95d1b28af82cbf6aadf1654\"},\"description\":\"By bicycle von San Pedro de Atacama across the laguna route till Uyuni. Mit dem Fahrrad von San Pedro de Atacama via Lagunen Route nach Uyuni.\",\"breadcrumb\":{\"@id\":\"https:\\\/\\\/blog.biketravel.net\\\/en\\\/south-america-2016\\\/san-pedro-de-atacama-uyuni-lagunas-wind-and-sand\\\/#breadcrumb\"},\"inLanguage\":\"de\",\"potentialAction\":[{\"@type\":\"ReadAction\",\"target\":[\"https:\\\/\\\/blog.biketravel.net\\\/en\\\/south-america-2016\\\/san-pedro-de-atacama-uyuni-lagunas-wind-and-sand\\\/\"]}]},{\"@type\":\"ImageObject\",\"inLanguage\":\"de\",\"@id\":\"https:\\\/\\\/blog.biketravel.net\\\/en\\\/south-america-2016\\\/san-pedro-de-atacama-uyuni-lagunas-wind-and-sand\\\/#primaryimage\",\"url\":\"https:\\\/\\\/i0.wp.com\\\/blog.biketravel.net\\\/wp-content\\\/uploads\\\/2016\\\/04\\\/M7_3118.jpg?fit=1600%2C1067&ssl=1\",\"contentUrl\":\"https:\\\/\\\/i0.wp.com\\\/blog.biketravel.net\\\/wp-content\\\/uploads\\\/2016\\\/04\\\/M7_3118.jpg?fit=1600%2C1067&ssl=1\",\"width\":1600,\"height\":1067},{\"@type\":\"BreadcrumbList\",\"@id\":\"https:\\\/\\\/blog.biketravel.net\\\/en\\\/south-america-2016\\\/san-pedro-de-atacama-uyuni-lagunas-wind-and-sand\\\/#breadcrumb\",\"itemListElement\":[{\"@type\":\"ListItem\",\"position\":1,\"name\":\"Home\",\"item\":\"https:\\\/\\\/blog.biketravel.net\\\/de\\\/\"},{\"@type\":\"ListItem\",\"position\":2,\"name\":\"San Pedro de Atacama &#8211; Uyuni: Lagunas, Wind und Sand\"}]},{\"@type\":\"WebSite\",\"@id\":\"https:\\\/\\\/blog.biketravel.net\\\/de\\\/#website\",\"url\":\"https:\\\/\\\/blog.biketravel.net\\\/de\\\/\",\"name\":\"Cycle the world - biketravel.net\",\"description\":\"A road full of adventures...\",\"potentialAction\":[{\"@type\":\"SearchAction\",\"target\":{\"@type\":\"EntryPoint\",\"urlTemplate\":\"https:\\\/\\\/blog.biketravel.net\\\/de\\\/?s={search_term_string}\"},\"query-input\":{\"@type\":\"PropertyValueSpecification\",\"valueRequired\":true,\"valueName\":\"search_term_string\"}}],\"inLanguage\":\"de\"},{\"@type\":\"Person\",\"@id\":\"https:\\\/\\\/blog.biketravel.net\\\/de\\\/#\\\/schema\\\/person\\\/04a500e1a95d1b28af82cbf6aadf1654\",\"name\":\"Stefan\",\"image\":{\"@type\":\"ImageObject\",\"inLanguage\":\"de\",\"@id\":\"https:\\\/\\\/secure.gravatar.com\\\/avatar\\\/ff0febd8768ebeba062b9d94931931cf09fad09f19ddd71ddaad9b8bd2166262?s=96&d=wavatar&r=g\",\"url\":\"https:\\\/\\\/secure.gravatar.com\\\/avatar\\\/ff0febd8768ebeba062b9d94931931cf09fad09f19ddd71ddaad9b8bd2166262?s=96&d=wavatar&r=g\",\"contentUrl\":\"https:\\\/\\\/secure.gravatar.com\\\/avatar\\\/ff0febd8768ebeba062b9d94931931cf09fad09f19ddd71ddaad9b8bd2166262?s=96&d=wavatar&r=g\",\"caption\":\"Stefan\"},\"description\":\"I'm a telecommunication engineer by profession and like to discover the world by bike. I think, that it is the perfect speed to move but still be in touch with the world and the people which live there. And I'm very happy, that my wife Susanna is joining me now on those adventures. If you are interested in other journeys we did so far, please also check my website www.biketravel.net. Stefan, Switzerland\",\"sameAs\":[\"http:\\\/\\\/www.biketravel.net\",\"https:\\\/\\\/x.com\\\/biketravelnet\"],\"url\":\"https:\\\/\\\/blog.biketravel.net\\\/de\\\/author\\\/admin\\\/\"}]}<\/script>\n<!-- \/ Yoast SEO plugin. -->","yoast_head_json":{"title":"San Pedro de Atacama - Uyuni: Lagunas, Wind und Sand - biketravel.net","description":"By bicycle von San Pedro de Atacama across the laguna route till Uyuni. Mit dem Fahrrad von San Pedro de Atacama via Lagunen Route nach Uyuni.","robots":{"index":"index","follow":"follow","max-snippet":"max-snippet:-1","max-image-preview":"max-image-preview:large","max-video-preview":"max-video-preview:-1"},"canonical":"https:\/\/blog.biketravel.net\/en\/south-america-2016\/san-pedro-de-atacama-uyuni-lagunas-wind-and-sand\/","twitter_misc":{"Verfasst von":"Stefan","Gesch\u00e4tzte Lesezeit":"5\u00a0Minuten"},"schema":{"@context":"https:\/\/schema.org","@graph":[{"@type":"Article","@id":"https:\/\/blog.biketravel.net\/en\/south-america-2016\/san-pedro-de-atacama-uyuni-lagunas-wind-and-sand\/#article","isPartOf":{"@id":"https:\/\/blog.biketravel.net\/en\/south-america-2016\/san-pedro-de-atacama-uyuni-lagunas-wind-and-sand\/"},"author":{"name":"Stefan","@id":"https:\/\/blog.biketravel.net\/de\/#\/schema\/person\/04a500e1a95d1b28af82cbf6aadf1654"},"headline":"San Pedro de Atacama &#8211; Uyuni: Lagunas, Wind und Sand","datePublished":"2016-04-29T21:27:34+00:00","mainEntityOfPage":{"@id":"https:\/\/blog.biketravel.net\/en\/south-america-2016\/san-pedro-de-atacama-uyuni-lagunas-wind-and-sand\/"},"wordCount":1010,"commentCount":6,"image":{"@id":"https:\/\/blog.biketravel.net\/en\/south-america-2016\/san-pedro-de-atacama-uyuni-lagunas-wind-and-sand\/#primaryimage"},"thumbnailUrl":"https:\/\/i0.wp.com\/blog.biketravel.net\/wp-content\/uploads\/2016\/04\/M7_3118.jpg?fit=1600%2C1067&ssl=1","keywords":["Laguna Blanca","Laguna Chalviri","Laguna Colorada","Laguna Verde","San Pedro de Atacama","Sol de Ma\u00f1ana","Uyuni"],"articleSection":["Bolivia 2016","Chile 2016","South America 2016"],"inLanguage":"de","potentialAction":[{"@type":"CommentAction","name":"Comment","target":["https:\/\/blog.biketravel.net\/en\/south-america-2016\/san-pedro-de-atacama-uyuni-lagunas-wind-and-sand\/#respond"]}]},{"@type":"WebPage","@id":"https:\/\/blog.biketravel.net\/en\/south-america-2016\/san-pedro-de-atacama-uyuni-lagunas-wind-and-sand\/","url":"https:\/\/blog.biketravel.net\/en\/south-america-2016\/san-pedro-de-atacama-uyuni-lagunas-wind-and-sand\/","name":"San Pedro de Atacama - Uyuni: Lagunas, Wind und Sand - biketravel.net","isPartOf":{"@id":"https:\/\/blog.biketravel.net\/de\/#website"},"primaryImageOfPage":{"@id":"https:\/\/blog.biketravel.net\/en\/south-america-2016\/san-pedro-de-atacama-uyuni-lagunas-wind-and-sand\/#primaryimage"},"image":{"@id":"https:\/\/blog.biketravel.net\/en\/south-america-2016\/san-pedro-de-atacama-uyuni-lagunas-wind-and-sand\/#primaryimage"},"thumbnailUrl":"https:\/\/i0.wp.com\/blog.biketravel.net\/wp-content\/uploads\/2016\/04\/M7_3118.jpg?fit=1600%2C1067&ssl=1","datePublished":"2016-04-29T21:27:34+00:00","author":{"@id":"https:\/\/blog.biketravel.net\/de\/#\/schema\/person\/04a500e1a95d1b28af82cbf6aadf1654"},"description":"By bicycle von San Pedro de Atacama across the laguna route till Uyuni. Mit dem Fahrrad von San Pedro de Atacama via Lagunen Route nach Uyuni.","breadcrumb":{"@id":"https:\/\/blog.biketravel.net\/en\/south-america-2016\/san-pedro-de-atacama-uyuni-lagunas-wind-and-sand\/#breadcrumb"},"inLanguage":"de","potentialAction":[{"@type":"ReadAction","target":["https:\/\/blog.biketravel.net\/en\/south-america-2016\/san-pedro-de-atacama-uyuni-lagunas-wind-and-sand\/"]}]},{"@type":"ImageObject","inLanguage":"de","@id":"https:\/\/blog.biketravel.net\/en\/south-america-2016\/san-pedro-de-atacama-uyuni-lagunas-wind-and-sand\/#primaryimage","url":"https:\/\/i0.wp.com\/blog.biketravel.net\/wp-content\/uploads\/2016\/04\/M7_3118.jpg?fit=1600%2C1067&ssl=1","contentUrl":"https:\/\/i0.wp.com\/blog.biketravel.net\/wp-content\/uploads\/2016\/04\/M7_3118.jpg?fit=1600%2C1067&ssl=1","width":1600,"height":1067},{"@type":"BreadcrumbList","@id":"https:\/\/blog.biketravel.net\/en\/south-america-2016\/san-pedro-de-atacama-uyuni-lagunas-wind-and-sand\/#breadcrumb","itemListElement":[{"@type":"ListItem","position":1,"name":"Home","item":"https:\/\/blog.biketravel.net\/de\/"},{"@type":"ListItem","position":2,"name":"San Pedro de Atacama &#8211; Uyuni: Lagunas, Wind und Sand"}]},{"@type":"WebSite","@id":"https:\/\/blog.biketravel.net\/de\/#website","url":"https:\/\/blog.biketravel.net\/de\/","name":"Cycle the world - biketravel.net","description":"A road full of adventures...","potentialAction":[{"@type":"SearchAction","target":{"@type":"EntryPoint","urlTemplate":"https:\/\/blog.biketravel.net\/de\/?s={search_term_string}"},"query-input":{"@type":"PropertyValueSpecification","valueRequired":true,"valueName":"search_term_string"}}],"inLanguage":"de"},{"@type":"Person","@id":"https:\/\/blog.biketravel.net\/de\/#\/schema\/person\/04a500e1a95d1b28af82cbf6aadf1654","name":"Stefan","image":{"@type":"ImageObject","inLanguage":"de","@id":"https:\/\/secure.gravatar.com\/avatar\/ff0febd8768ebeba062b9d94931931cf09fad09f19ddd71ddaad9b8bd2166262?s=96&d=wavatar&r=g","url":"https:\/\/secure.gravatar.com\/avatar\/ff0febd8768ebeba062b9d94931931cf09fad09f19ddd71ddaad9b8bd2166262?s=96&d=wavatar&r=g","contentUrl":"https:\/\/secure.gravatar.com\/avatar\/ff0febd8768ebeba062b9d94931931cf09fad09f19ddd71ddaad9b8bd2166262?s=96&d=wavatar&r=g","caption":"Stefan"},"description":"I'm a telecommunication engineer by profession and like to discover the world by bike. I think, that it is the perfect speed to move but still be in touch with the world and the people which live there. And I'm very happy, that my wife Susanna is joining me now on those adventures. If you are interested in other journeys we did so far, please also check my website www.biketravel.net. Stefan, Switzerland","sameAs":["http:\/\/www.biketravel.net","https:\/\/x.com\/biketravelnet"],"url":"https:\/\/blog.biketravel.net\/de\/author\/admin\/"}]}},"jetpack_featured_media_url":"https:\/\/i0.wp.com\/blog.biketravel.net\/wp-content\/uploads\/2016\/04\/M7_3118.jpg?fit=1600%2C1067&ssl=1","jetpack_shortlink":"https:\/\/wp.me\/pcO9X7-1zx","jetpack_sharing_enabled":true,"_links":{"self":[{"href":"https:\/\/blog.biketravel.net\/de\/wp-json\/wp\/v2\/posts\/6047","targetHints":{"allow":["GET"]}}],"collection":[{"href":"https:\/\/blog.biketravel.net\/de\/wp-json\/wp\/v2\/posts"}],"about":[{"href":"https:\/\/blog.biketravel.net\/de\/wp-json\/wp\/v2\/types\/post"}],"author":[{"embeddable":true,"href":"https:\/\/blog.biketravel.net\/de\/wp-json\/wp\/v2\/users\/1346"}],"replies":[{"embeddable":true,"href":"https:\/\/blog.biketravel.net\/de\/wp-json\/wp\/v2\/comments?post=6047"}],"version-history":[{"count":10,"href":"https:\/\/blog.biketravel.net\/de\/wp-json\/wp\/v2\/posts\/6047\/revisions"}],"predecessor-version":[{"id":6132,"href":"https:\/\/blog.biketravel.net\/de\/wp-json\/wp\/v2\/posts\/6047\/revisions\/6132"}],"wp:featuredmedia":[{"embeddable":true,"href":"https:\/\/blog.biketravel.net\/de\/wp-json\/wp\/v2\/media\/6112"}],"wp:attachment":[{"href":"https:\/\/blog.biketravel.net\/de\/wp-json\/wp\/v2\/media?parent=6047"}],"wp:term":[{"taxonomy":"category","embeddable":true,"href":"https:\/\/blog.biketravel.net\/de\/wp-json\/wp\/v2\/categories?post=6047"},{"taxonomy":"post_tag","embeddable":true,"href":"https:\/\/blog.biketravel.net\/de\/wp-json\/wp\/v2\/tags?post=6047"}],"curies":[{"name":"wp","href":"https:\/\/api.w.org\/{rel}","templated":true}]}}