{"id":6181,"date":"2016-05-18T23:51:29","date_gmt":"2016-05-18T22:51:29","guid":{"rendered":"https:\/\/blog.biketravel.net\/?p=6181"},"modified":"2016-05-18T23:51:29","modified_gmt":"2016-05-18T22:51:29","slug":"cycling-salar-de-uyuni-unbelievable-big-white","status":"publish","type":"post","link":"https:\/\/blog.biketravel.net\/de\/bike-around-the-world\/cycling-salar-de-uyuni-unbelievable-big-white\/","title":{"rendered":"Salar de Uyuni: Unglaublich gross und weiss"},"content":{"rendered":"<p>In der Zwischenzeit sind wir schon ziemlich viel weiter gereist, aber die Blogeintr\u00e4ge haben es noch nicht bis dahin geschafft. Hier kommt deshalb mal der n\u00e4chste.<\/p>\n<p>Wie im letzten Artikel geschrieben, haben wir die Lagunenroute an der Laguna Colarada abgebrochen und sind mit einem Jeep nach Uyuni gefahren. Was wir damit aber noch nicht gesehen hatten, war der grosse Salar de Uyuni. Das mussten wir noch nachholen.<\/p>\n<p>Wir erholten uns ein paar Tage in Uyuni und machten uns dann wieder auf den Weg. Der erste Tag war kurz. Er f\u00fchrte uns \u00fcber die fast neue Strasse nach Colchani. Dieser Ort liegt direkt am Rand des Salars. Durch ihn f\u00fchrt auch die Bahnlinie von Uyuni nach Oruro. Wobei auch diese Bahnlinie und ihr Bahnhof eher wie eine Geisterstrecke aussehen. Aber sie ist tats\u00e4chlich noch in Betrieb (wir haben die Z\u00fcge geh\u00f6rt!).<\/p>\n<p><a href=\"https:\/\/i0.wp.com\/blog.biketravel.net\/wp-content\/uploads\/2016\/05\/IMG_20160430_170808.jpg?ssl=1\"><img data-recalc-dims=\"1\" loading=\"lazy\" decoding=\"async\" data-attachment-id=\"6174\" data-permalink=\"https:\/\/blog.biketravel.net\/de\/bike-around-the-world\/cycling-salar-de-uyuni-unbelievable-big-white\/attachment\/img_20160430_170808\/\" data-orig-file=\"https:\/\/i0.wp.com\/blog.biketravel.net\/wp-content\/uploads\/2016\/05\/IMG_20160430_170808.jpg?fit=1600%2C1067&amp;ssl=1\" data-orig-size=\"1600,1067\" data-comments-opened=\"1\" data-image-meta=\"{&quot;aperture&quot;:&quot;2.8&quot;,&quot;credit&quot;:&quot;&quot;,&quot;camera&quot;:&quot;FP1&quot;,&quot;caption&quot;:&quot;&quot;,&quot;created_timestamp&quot;:&quot;1462036089&quot;,&quot;copyright&quot;:&quot;&quot;,&quot;focal_length&quot;:&quot;3.5&quot;,&quot;iso&quot;:&quot;119&quot;,&quot;shutter_speed&quot;:&quot;0.00052631578947368&quot;,&quot;title&quot;:&quot;&quot;,&quot;orientation&quot;:&quot;0&quot;}\" data-image-title=\"Bahnhof in Colchani\" data-image-description=\"\" data-image-caption=\"\" data-large-file=\"https:\/\/i0.wp.com\/blog.biketravel.net\/wp-content\/uploads\/2016\/05\/IMG_20160430_170808.jpg?fit=1024%2C683&amp;ssl=1\" class=\"aligncenter size-large wp-image-6174\" src=\"https:\/\/i0.wp.com\/blog.biketravel.net\/wp-content\/uploads\/2016\/05\/IMG_20160430_170808.jpg?resize=640%2C427&#038;ssl=1\" alt=\"Bahnhof in Colchani\" width=\"640\" height=\"427\" srcset=\"https:\/\/i0.wp.com\/blog.biketravel.net\/wp-content\/uploads\/2016\/05\/IMG_20160430_170808.jpg?resize=1024%2C683&amp;ssl=1 1024w, https:\/\/i0.wp.com\/blog.biketravel.net\/wp-content\/uploads\/2016\/05\/IMG_20160430_170808.jpg?resize=300%2C200&amp;ssl=1 300w, https:\/\/i0.wp.com\/blog.biketravel.net\/wp-content\/uploads\/2016\/05\/IMG_20160430_170808.jpg?resize=768%2C512&amp;ssl=1 768w, https:\/\/i0.wp.com\/blog.biketravel.net\/wp-content\/uploads\/2016\/05\/IMG_20160430_170808.jpg?w=1600&amp;ssl=1 1600w\" sizes=\"auto, (max-width: 640px) 100vw, 640px\" \/><\/a>Wir \u00fcbernachteten im lokalen Salzhotel (zu 1\/10 des Preises des bekannten luxuri\u00f6sen Salzhotels).<\/p>\n<p>Am n\u00e4chsten Tag ging es dann hinaus auf die riesige, weisse Fl\u00e4che. Die Navigation auf dem Salar ist nicht ganz einfach, da es keine fixen Strassen gibt und wir unser Endziel (die Isla Incahuasi) am Anfang wegen der Erdkr\u00fcmmung nicht sahen. Aber GPS half auch da. Und so fuhren wir den ganzen Tag \u00fcber die weisse Fl\u00e4che und mussten dabei sehr aufpassen, dass uns die Sonne nicht verbrannte.<\/p>\n<p><a href=\"https:\/\/i0.wp.com\/blog.biketravel.net\/wp-content\/uploads\/2016\/05\/MG_9539.jpg?ssl=1\"><img data-recalc-dims=\"1\" loading=\"lazy\" decoding=\"async\" data-attachment-id=\"6184\" data-permalink=\"https:\/\/blog.biketravel.net\/de\/bike-around-the-world\/cycling-salar-de-uyuni-unbelievable-big-white\/attachment\/_mg_9539\/\" data-orig-file=\"https:\/\/i0.wp.com\/blog.biketravel.net\/wp-content\/uploads\/2016\/05\/MG_9539.jpg?fit=1600%2C1067&amp;ssl=1\" data-orig-size=\"1600,1067\" data-comments-opened=\"1\" data-image-meta=\"{&quot;aperture&quot;:&quot;8&quot;,&quot;credit&quot;:&quot;STEFAN.KUETTEL@BIKETRAVEL.NET&quot;,&quot;camera&quot;:&quot;Canon EOS 6D&quot;,&quot;caption&quot;:&quot;&quot;,&quot;created_timestamp&quot;:&quot;1462111454&quot;,&quot;copyright&quot;:&quot;STEFAN.KUETTEL@BIKETRAVEL.NET&quot;,&quot;focal_length&quot;:&quot;26&quot;,&quot;iso&quot;:&quot;100&quot;,&quot;shutter_speed&quot;:&quot;0.002&quot;,&quot;title&quot;:&quot;&quot;,&quot;orientation&quot;:&quot;0&quot;}\" data-image-title=\"Susanna auf dem Salar Uyuni\" data-image-description=\"\" data-image-caption=\"\" data-large-file=\"https:\/\/i0.wp.com\/blog.biketravel.net\/wp-content\/uploads\/2016\/05\/MG_9539.jpg?fit=1024%2C683&amp;ssl=1\" class=\"aligncenter size-large wp-image-6184\" src=\"https:\/\/i0.wp.com\/blog.biketravel.net\/wp-content\/uploads\/2016\/05\/MG_9539.jpg?resize=640%2C427&#038;ssl=1\" alt=\"Susanna auf dem Salar Uyuni\" width=\"640\" height=\"427\" srcset=\"https:\/\/i0.wp.com\/blog.biketravel.net\/wp-content\/uploads\/2016\/05\/MG_9539.jpg?resize=1024%2C683&amp;ssl=1 1024w, https:\/\/i0.wp.com\/blog.biketravel.net\/wp-content\/uploads\/2016\/05\/MG_9539.jpg?resize=300%2C200&amp;ssl=1 300w, https:\/\/i0.wp.com\/blog.biketravel.net\/wp-content\/uploads\/2016\/05\/MG_9539.jpg?resize=768%2C512&amp;ssl=1 768w, https:\/\/i0.wp.com\/blog.biketravel.net\/wp-content\/uploads\/2016\/05\/MG_9539.jpg?w=1600&amp;ssl=1 1600w\" sizes=\"auto, (max-width: 640px) 100vw, 640px\" \/><\/a>Es blieb aber genug Zeit f\u00fcr Pausen<\/p>\n<p><a href=\"https:\/\/i0.wp.com\/blog.biketravel.net\/wp-content\/uploads\/2016\/05\/M7_3308.jpg?ssl=1\"><img data-recalc-dims=\"1\" loading=\"lazy\" decoding=\"async\" data-attachment-id=\"6168\" data-permalink=\"https:\/\/blog.biketravel.net\/de\/bike-around-the-world\/cycling-salar-de-uyuni-unbelievable-big-white\/attachment\/_m7_3308\/\" data-orig-file=\"https:\/\/i0.wp.com\/blog.biketravel.net\/wp-content\/uploads\/2016\/05\/M7_3308.jpg?fit=1600%2C1067&amp;ssl=1\" data-orig-size=\"1600,1067\" data-comments-opened=\"1\" data-image-meta=\"{&quot;aperture&quot;:&quot;11&quot;,&quot;credit&quot;:&quot;stefan.kuettel@biketravel.net&quot;,&quot;camera&quot;:&quot;Canon EOS 7D&quot;,&quot;caption&quot;:&quot;&quot;,&quot;created_timestamp&quot;:&quot;1462198411&quot;,&quot;copyright&quot;:&quot;&quot;,&quot;focal_length&quot;:&quot;24&quot;,&quot;iso&quot;:&quot;100&quot;,&quot;shutter_speed&quot;:&quot;0.00125&quot;,&quot;title&quot;:&quot;&quot;,&quot;orientation&quot;:&quot;0&quot;}\" data-image-title=\"Pause auf dem Salar Uyuni\" data-image-description=\"\" data-image-caption=\"\" data-large-file=\"https:\/\/i0.wp.com\/blog.biketravel.net\/wp-content\/uploads\/2016\/05\/M7_3308.jpg?fit=1024%2C683&amp;ssl=1\" class=\"aligncenter size-large wp-image-6168\" src=\"https:\/\/i0.wp.com\/blog.biketravel.net\/wp-content\/uploads\/2016\/05\/M7_3308.jpg?resize=640%2C427&#038;ssl=1\" alt=\"Pause auf dem Salar Uyuni\" width=\"640\" height=\"427\" srcset=\"https:\/\/i0.wp.com\/blog.biketravel.net\/wp-content\/uploads\/2016\/05\/M7_3308.jpg?resize=1024%2C683&amp;ssl=1 1024w, https:\/\/i0.wp.com\/blog.biketravel.net\/wp-content\/uploads\/2016\/05\/M7_3308.jpg?resize=300%2C200&amp;ssl=1 300w, https:\/\/i0.wp.com\/blog.biketravel.net\/wp-content\/uploads\/2016\/05\/M7_3308.jpg?resize=768%2C512&amp;ssl=1 768w, https:\/\/i0.wp.com\/blog.biketravel.net\/wp-content\/uploads\/2016\/05\/M7_3308.jpg?w=1600&amp;ssl=1 1600w\" sizes=\"auto, (max-width: 640px) 100vw, 640px\" \/><\/a>und Spielereien.<\/p>\n<p><a href=\"https:\/\/i0.wp.com\/blog.biketravel.net\/wp-content\/uploads\/2016\/05\/M7_3251.jpg?ssl=1\"><img data-recalc-dims=\"1\" loading=\"lazy\" decoding=\"async\" data-attachment-id=\"6165\" data-permalink=\"https:\/\/blog.biketravel.net\/de\/bike-around-the-world\/cycling-salar-de-uyuni-unbelievable-big-white\/attachment\/_m7_3251\/\" data-orig-file=\"https:\/\/i0.wp.com\/blog.biketravel.net\/wp-content\/uploads\/2016\/05\/M7_3251.jpg?fit=1600%2C1067&amp;ssl=1\" data-orig-size=\"1600,1067\" data-comments-opened=\"1\" data-image-meta=\"{&quot;aperture&quot;:&quot;9&quot;,&quot;credit&quot;:&quot;stefan.kuettel@biketravel.net&quot;,&quot;camera&quot;:&quot;Canon EOS 7D&quot;,&quot;caption&quot;:&quot;&quot;,&quot;created_timestamp&quot;:&quot;1462109203&quot;,&quot;copyright&quot;:&quot;&quot;,&quot;focal_length&quot;:&quot;24&quot;,&quot;iso&quot;:&quot;100&quot;,&quot;shutter_speed&quot;:&quot;0.000625&quot;,&quot;title&quot;:&quot;&quot;,&quot;orientation&quot;:&quot;0&quot;}\" data-image-title=\"Salar Uyuni\" data-image-description=\"\" data-image-caption=\"\" data-large-file=\"https:\/\/i0.wp.com\/blog.biketravel.net\/wp-content\/uploads\/2016\/05\/M7_3251.jpg?fit=1024%2C683&amp;ssl=1\" class=\"aligncenter size-large wp-image-6165\" src=\"https:\/\/i0.wp.com\/blog.biketravel.net\/wp-content\/uploads\/2016\/05\/M7_3251.jpg?resize=640%2C427&#038;ssl=1\" alt=\"Salar Uyuni\" width=\"640\" height=\"427\" srcset=\"https:\/\/i0.wp.com\/blog.biketravel.net\/wp-content\/uploads\/2016\/05\/M7_3251.jpg?resize=1024%2C683&amp;ssl=1 1024w, https:\/\/i0.wp.com\/blog.biketravel.net\/wp-content\/uploads\/2016\/05\/M7_3251.jpg?resize=300%2C200&amp;ssl=1 300w, https:\/\/i0.wp.com\/blog.biketravel.net\/wp-content\/uploads\/2016\/05\/M7_3251.jpg?resize=768%2C512&amp;ssl=1 768w, https:\/\/i0.wp.com\/blog.biketravel.net\/wp-content\/uploads\/2016\/05\/M7_3251.jpg?w=1600&amp;ssl=1 1600w\" sizes=\"auto, (max-width: 640px) 100vw, 640px\" \/><\/a>Gegen Abend erreichten wir schliesslich die Insel Isla Incahuasi, welche Mitten im Salar liegt. Wir waren nicht ganz alleine&#8230;<\/p>\n<p><a href=\"https:\/\/i0.wp.com\/blog.biketravel.net\/wp-content\/uploads\/2016\/05\/MG_9556.jpg?ssl=1\"><img data-recalc-dims=\"1\" loading=\"lazy\" decoding=\"async\" data-attachment-id=\"6186\" data-permalink=\"https:\/\/blog.biketravel.net\/de\/bike-around-the-world\/cycling-salar-de-uyuni-unbelievable-big-white\/attachment\/_mg_9556\/\" data-orig-file=\"https:\/\/i0.wp.com\/blog.biketravel.net\/wp-content\/uploads\/2016\/05\/MG_9556.jpg?fit=1600%2C1067&amp;ssl=1\" data-orig-size=\"1600,1067\" data-comments-opened=\"1\" data-image-meta=\"{&quot;aperture&quot;:&quot;8&quot;,&quot;credit&quot;:&quot;STEFAN.KUETTEL@BIKETRAVEL.NET&quot;,&quot;camera&quot;:&quot;Canon EOS 6D&quot;,&quot;caption&quot;:&quot;&quot;,&quot;created_timestamp&quot;:&quot;1462120451&quot;,&quot;copyright&quot;:&quot;STEFAN.KUETTEL@BIKETRAVEL.NET&quot;,&quot;focal_length&quot;:&quot;34&quot;,&quot;iso&quot;:&quot;100&quot;,&quot;shutter_speed&quot;:&quot;0.005&quot;,&quot;title&quot;:&quot;&quot;,&quot;orientation&quot;:&quot;0&quot;}\" data-image-title=\"Isla Incahuasi\" data-image-description=\"\" data-image-caption=\"\" data-large-file=\"https:\/\/i0.wp.com\/blog.biketravel.net\/wp-content\/uploads\/2016\/05\/MG_9556.jpg?fit=1024%2C683&amp;ssl=1\" class=\"aligncenter size-large wp-image-6186\" src=\"https:\/\/i0.wp.com\/blog.biketravel.net\/wp-content\/uploads\/2016\/05\/MG_9556.jpg?resize=640%2C427&#038;ssl=1\" alt=\"Isla Incahuasi\" width=\"640\" height=\"427\" srcset=\"https:\/\/i0.wp.com\/blog.biketravel.net\/wp-content\/uploads\/2016\/05\/MG_9556.jpg?resize=1024%2C683&amp;ssl=1 1024w, https:\/\/i0.wp.com\/blog.biketravel.net\/wp-content\/uploads\/2016\/05\/MG_9556.jpg?resize=300%2C200&amp;ssl=1 300w, https:\/\/i0.wp.com\/blog.biketravel.net\/wp-content\/uploads\/2016\/05\/MG_9556.jpg?resize=768%2C512&amp;ssl=1 768w, https:\/\/i0.wp.com\/blog.biketravel.net\/wp-content\/uploads\/2016\/05\/MG_9556.jpg?w=1600&amp;ssl=1 1600w\" sizes=\"auto, (max-width: 640px) 100vw, 640px\" \/><\/a>Wobei: andere Velofahrer hatte es keine. Die Velofahrer haben ein Privileg auf dieser Insel: Sie k\u00f6nnen (gegen eine kleine Geb\u00fchr) in einem Raum \u00fcbernachten. Andere Unterk\u00fcnfte gibt es keine.<\/p>\n<p>Und so genossen wir die letzten Sonnenstrahlen auf dieser von unz\u00e4hligen Kakteen bewachsenen Insel<\/p>\n<p><a href=\"https:\/\/i0.wp.com\/blog.biketravel.net\/wp-content\/uploads\/2016\/05\/M7_3291.jpg?ssl=1\"><img data-recalc-dims=\"1\" loading=\"lazy\" decoding=\"async\" data-attachment-id=\"6166\" data-permalink=\"https:\/\/blog.biketravel.net\/de\/bike-around-the-world\/cycling-salar-de-uyuni-unbelievable-big-white\/attachment\/_m7_3291\/\" data-orig-file=\"https:\/\/i0.wp.com\/blog.biketravel.net\/wp-content\/uploads\/2016\/05\/M7_3291.jpg?fit=1600%2C1067&amp;ssl=1\" data-orig-size=\"1600,1067\" data-comments-opened=\"1\" data-image-meta=\"{&quot;aperture&quot;:&quot;4.5&quot;,&quot;credit&quot;:&quot;stefan.kuettel@biketravel.net&quot;,&quot;camera&quot;:&quot;Canon EOS 7D&quot;,&quot;caption&quot;:&quot;&quot;,&quot;created_timestamp&quot;:&quot;1462124602&quot;,&quot;copyright&quot;:&quot;&quot;,&quot;focal_length&quot;:&quot;28&quot;,&quot;iso&quot;:&quot;100&quot;,&quot;shutter_speed&quot;:&quot;0.0015625&quot;,&quot;title&quot;:&quot;&quot;,&quot;orientation&quot;:&quot;0&quot;}\" data-image-title=\"Isla Incahuasi\" data-image-description=\"\" data-image-caption=\"\" data-large-file=\"https:\/\/i0.wp.com\/blog.biketravel.net\/wp-content\/uploads\/2016\/05\/M7_3291.jpg?fit=1024%2C683&amp;ssl=1\" class=\"aligncenter size-large wp-image-6166\" src=\"https:\/\/i0.wp.com\/blog.biketravel.net\/wp-content\/uploads\/2016\/05\/M7_3291.jpg?resize=640%2C427&#038;ssl=1\" alt=\"Isla Incahuasi\" width=\"640\" height=\"427\" srcset=\"https:\/\/i0.wp.com\/blog.biketravel.net\/wp-content\/uploads\/2016\/05\/M7_3291.jpg?resize=1024%2C683&amp;ssl=1 1024w, https:\/\/i0.wp.com\/blog.biketravel.net\/wp-content\/uploads\/2016\/05\/M7_3291.jpg?resize=300%2C200&amp;ssl=1 300w, https:\/\/i0.wp.com\/blog.biketravel.net\/wp-content\/uploads\/2016\/05\/M7_3291.jpg?resize=768%2C512&amp;ssl=1 768w, https:\/\/i0.wp.com\/blog.biketravel.net\/wp-content\/uploads\/2016\/05\/M7_3291.jpg?w=1600&amp;ssl=1 1600w\" sizes=\"auto, (max-width: 640px) 100vw, 640px\" \/><\/a>und machten es uns dann in unserem Zimmer gem\u00fctlich,<\/p>\n<p><a href=\"https:\/\/i0.wp.com\/blog.biketravel.net\/wp-content\/uploads\/2016\/05\/MG_9588.jpg?ssl=1\"><img data-recalc-dims=\"1\" loading=\"lazy\" decoding=\"async\" data-attachment-id=\"6187\" data-permalink=\"https:\/\/blog.biketravel.net\/de\/bike-around-the-world\/cycling-salar-de-uyuni-unbelievable-big-white\/attachment\/_mg_9588\/\" data-orig-file=\"https:\/\/i0.wp.com\/blog.biketravel.net\/wp-content\/uploads\/2016\/05\/MG_9588.jpg?fit=1600%2C1067&amp;ssl=1\" data-orig-size=\"1600,1067\" data-comments-opened=\"1\" data-image-meta=\"{&quot;aperture&quot;:&quot;2.8&quot;,&quot;credit&quot;:&quot;STEFAN.KUETTEL@BIKETRAVEL.NET&quot;,&quot;camera&quot;:&quot;Canon EOS 6D&quot;,&quot;caption&quot;:&quot;&quot;,&quot;created_timestamp&quot;:&quot;1462136897&quot;,&quot;copyright&quot;:&quot;STEFAN.KUETTEL@BIKETRAVEL.NET&quot;,&quot;focal_length&quot;:&quot;16&quot;,&quot;iso&quot;:&quot;800&quot;,&quot;shutter_speed&quot;:&quot;0.25&quot;,&quot;title&quot;:&quot;&quot;,&quot;orientation&quot;:&quot;0&quot;}\" data-image-title=\"Velofahrerzimmer auf der Isla Incahuasi\" data-image-description=\"\" data-image-caption=\"\" data-large-file=\"https:\/\/i0.wp.com\/blog.biketravel.net\/wp-content\/uploads\/2016\/05\/MG_9588.jpg?fit=1024%2C683&amp;ssl=1\" class=\"aligncenter size-large wp-image-6187\" src=\"https:\/\/i0.wp.com\/blog.biketravel.net\/wp-content\/uploads\/2016\/05\/MG_9588.jpg?resize=640%2C427&#038;ssl=1\" alt=\"Velofahrerzimmer auf der Isla Incahuasi\" width=\"640\" height=\"427\" srcset=\"https:\/\/i0.wp.com\/blog.biketravel.net\/wp-content\/uploads\/2016\/05\/MG_9588.jpg?resize=1024%2C683&amp;ssl=1 1024w, https:\/\/i0.wp.com\/blog.biketravel.net\/wp-content\/uploads\/2016\/05\/MG_9588.jpg?resize=300%2C200&amp;ssl=1 300w, https:\/\/i0.wp.com\/blog.biketravel.net\/wp-content\/uploads\/2016\/05\/MG_9588.jpg?resize=768%2C512&amp;ssl=1 768w, https:\/\/i0.wp.com\/blog.biketravel.net\/wp-content\/uploads\/2016\/05\/MG_9588.jpg?w=1600&amp;ssl=1 1600w\" sizes=\"auto, (max-width: 640px) 100vw, 640px\" \/><\/a>w\u00e4hrend sich \u00fcber der Insel der Sternenhimmel zeigte.<\/p>\n<p><a href=\"https:\/\/i0.wp.com\/blog.biketravel.net\/wp-content\/uploads\/2016\/05\/MG_9591.jpg?ssl=1\"><img data-recalc-dims=\"1\" loading=\"lazy\" decoding=\"async\" data-attachment-id=\"6188\" data-permalink=\"https:\/\/blog.biketravel.net\/de\/bike-around-the-world\/cycling-salar-de-uyuni-unbelievable-big-white\/attachment\/_mg_9591\/\" data-orig-file=\"https:\/\/i0.wp.com\/blog.biketravel.net\/wp-content\/uploads\/2016\/05\/MG_9591.jpg?fit=1600%2C1067&amp;ssl=1\" data-orig-size=\"1600,1067\" data-comments-opened=\"1\" data-image-meta=\"{&quot;aperture&quot;:&quot;2.8&quot;,&quot;credit&quot;:&quot;STEFAN.KUETTEL@BIKETRAVEL.NET&quot;,&quot;camera&quot;:&quot;Canon EOS 6D&quot;,&quot;caption&quot;:&quot;&quot;,&quot;created_timestamp&quot;:&quot;1462137491&quot;,&quot;copyright&quot;:&quot;STEFAN.KUETTEL@BIKETRAVEL.NET&quot;,&quot;focal_length&quot;:&quot;16&quot;,&quot;iso&quot;:&quot;2000&quot;,&quot;shutter_speed&quot;:&quot;15&quot;,&quot;title&quot;:&quot;&quot;,&quot;orientation&quot;:&quot;0&quot;}\" data-image-title=\"Isla Incahuasi\" data-image-description=\"\" data-image-caption=\"\" data-large-file=\"https:\/\/i0.wp.com\/blog.biketravel.net\/wp-content\/uploads\/2016\/05\/MG_9591.jpg?fit=1024%2C683&amp;ssl=1\" class=\"aligncenter size-large wp-image-6188\" src=\"https:\/\/i0.wp.com\/blog.biketravel.net\/wp-content\/uploads\/2016\/05\/MG_9591.jpg?resize=640%2C427&#038;ssl=1\" alt=\"Isla Incahuasi\" width=\"640\" height=\"427\" srcset=\"https:\/\/i0.wp.com\/blog.biketravel.net\/wp-content\/uploads\/2016\/05\/MG_9591.jpg?resize=1024%2C683&amp;ssl=1 1024w, https:\/\/i0.wp.com\/blog.biketravel.net\/wp-content\/uploads\/2016\/05\/MG_9591.jpg?resize=300%2C200&amp;ssl=1 300w, https:\/\/i0.wp.com\/blog.biketravel.net\/wp-content\/uploads\/2016\/05\/MG_9591.jpg?resize=768%2C512&amp;ssl=1 768w, https:\/\/i0.wp.com\/blog.biketravel.net\/wp-content\/uploads\/2016\/05\/MG_9591.jpg?w=1600&amp;ssl=1 1600w\" sizes=\"auto, (max-width: 640px) 100vw, 640px\" \/><\/a>Nach einer einigermassen erholsamen Nacht ging es dann wieder die gleiche Strecke zur\u00fcck.<\/p>\n<p>Unterwegs trafen wir noch Elena und Sergio aus Spanien.<\/p>\n<p><a href=\"https:\/\/i0.wp.com\/blog.biketravel.net\/wp-content\/uploads\/2016\/05\/M7_3299.jpg?ssl=1\"><img data-recalc-dims=\"1\" loading=\"lazy\" decoding=\"async\" data-attachment-id=\"6167\" data-permalink=\"https:\/\/blog.biketravel.net\/de\/bike-around-the-world\/cycling-salar-de-uyuni-unbelievable-big-white\/attachment\/_m7_3299\/\" data-orig-file=\"https:\/\/i0.wp.com\/blog.biketravel.net\/wp-content\/uploads\/2016\/05\/M7_3299.jpg?fit=1600%2C1067&amp;ssl=1\" data-orig-size=\"1600,1067\" data-comments-opened=\"1\" data-image-meta=\"{&quot;aperture&quot;:&quot;13&quot;,&quot;credit&quot;:&quot;stefan.kuettel@biketravel.net&quot;,&quot;camera&quot;:&quot;Canon EOS 7D&quot;,&quot;caption&quot;:&quot;&quot;,&quot;created_timestamp&quot;:&quot;1462192179&quot;,&quot;copyright&quot;:&quot;&quot;,&quot;focal_length&quot;:&quot;75&quot;,&quot;iso&quot;:&quot;100&quot;,&quot;shutter_speed&quot;:&quot;0.00125&quot;,&quot;title&quot;:&quot;&quot;,&quot;orientation&quot;:&quot;0&quot;}\" data-image-title=\"Elena und Sergio\" data-image-description=\"\" data-image-caption=\"\" data-large-file=\"https:\/\/i0.wp.com\/blog.biketravel.net\/wp-content\/uploads\/2016\/05\/M7_3299.jpg?fit=1024%2C683&amp;ssl=1\" class=\"aligncenter size-large wp-image-6167\" src=\"https:\/\/i0.wp.com\/blog.biketravel.net\/wp-content\/uploads\/2016\/05\/M7_3299.jpg?resize=640%2C427&#038;ssl=1\" alt=\"Elena und Sergio\" width=\"640\" height=\"427\" srcset=\"https:\/\/i0.wp.com\/blog.biketravel.net\/wp-content\/uploads\/2016\/05\/M7_3299.jpg?resize=1024%2C683&amp;ssl=1 1024w, https:\/\/i0.wp.com\/blog.biketravel.net\/wp-content\/uploads\/2016\/05\/M7_3299.jpg?resize=300%2C200&amp;ssl=1 300w, https:\/\/i0.wp.com\/blog.biketravel.net\/wp-content\/uploads\/2016\/05\/M7_3299.jpg?resize=768%2C512&amp;ssl=1 768w, https:\/\/i0.wp.com\/blog.biketravel.net\/wp-content\/uploads\/2016\/05\/M7_3299.jpg?w=1600&amp;ssl=1 1600w\" sizes=\"auto, (max-width: 640px) 100vw, 640px\" \/><\/a>Wie sie h\u00e4tten wir den Salar auch weiter Richtung Norden queren und dann noch einen weiteren Salar anh\u00e4ngen k\u00f6nnen. Wir merkten aber, dass uns einerseits langsam die Zeit etwas davon lief und andererseits hatten uns die \u00fcber 100km \u00fcber den Salar gereicht. Schlussendlich sieht es immer etwa gleich aus: Weiss. Ein Erlebnis war es aber schon :-).<\/p>\n<p>Zur\u00fcck in Uyuni besuchten wir noch die lokale Sehensw\u00fcrdigkeit: Den Zugfriedhof (cementerio del tren):<\/p>\n<p><a href=\"https:\/\/i0.wp.com\/blog.biketravel.net\/wp-content\/uploads\/2016\/05\/MG_0448.jpg?ssl=1\"><img data-recalc-dims=\"1\" loading=\"lazy\" decoding=\"async\" data-attachment-id=\"6180\" data-permalink=\"https:\/\/blog.biketravel.net\/de\/bike-around-the-world\/cycling-salar-de-uyuni-unbelievable-big-white\/attachment\/_mg_0448\/\" data-orig-file=\"https:\/\/i0.wp.com\/blog.biketravel.net\/wp-content\/uploads\/2016\/05\/MG_0448.jpg?fit=1600%2C1067&amp;ssl=1\" data-orig-size=\"1600,1067\" data-comments-opened=\"1\" data-image-meta=\"{&quot;aperture&quot;:&quot;8&quot;,&quot;credit&quot;:&quot;STEFAN.KUETTEL@BIKETRAVEL.NET&quot;,&quot;camera&quot;:&quot;Canon EOS 6D&quot;,&quot;caption&quot;:&quot;&quot;,&quot;created_timestamp&quot;:&quot;1462365598&quot;,&quot;copyright&quot;:&quot;STEFAN.KUETTEL@BIKETRAVEL.NET&quot;,&quot;focal_length&quot;:&quot;35&quot;,&quot;iso&quot;:&quot;100&quot;,&quot;shutter_speed&quot;:&quot;0.01&quot;,&quot;title&quot;:&quot;&quot;,&quot;orientation&quot;:&quot;0&quot;}\" data-image-title=\"Cementerio del tren Uyuni\" data-image-description=\"\" data-image-caption=\"\" data-large-file=\"https:\/\/i0.wp.com\/blog.biketravel.net\/wp-content\/uploads\/2016\/05\/MG_0448.jpg?fit=1024%2C683&amp;ssl=1\" class=\"aligncenter size-large wp-image-6180\" src=\"https:\/\/i0.wp.com\/blog.biketravel.net\/wp-content\/uploads\/2016\/05\/MG_0448.jpg?resize=640%2C427&#038;ssl=1\" alt=\"Cementerio del tren Uyuni\" width=\"640\" height=\"427\" srcset=\"https:\/\/i0.wp.com\/blog.biketravel.net\/wp-content\/uploads\/2016\/05\/MG_0448.jpg?resize=1024%2C683&amp;ssl=1 1024w, https:\/\/i0.wp.com\/blog.biketravel.net\/wp-content\/uploads\/2016\/05\/MG_0448.jpg?resize=300%2C200&amp;ssl=1 300w, https:\/\/i0.wp.com\/blog.biketravel.net\/wp-content\/uploads\/2016\/05\/MG_0448.jpg?resize=768%2C512&amp;ssl=1 768w, https:\/\/i0.wp.com\/blog.biketravel.net\/wp-content\/uploads\/2016\/05\/MG_0448.jpg?w=1600&amp;ssl=1 1600w\" sizes=\"auto, (max-width: 640px) 100vw, 640px\" \/><\/a>Am selben Abend ging es dann mit dem Bus nach La Paz. Busfahren ist in S\u00fcdamerika und speziell in Bolivien immer eine spezielle Angelegenheit. Aber mehr dar\u00fcber im n\u00e4chsten Beitrag.<\/p>\n<p>Vielen Dank f\u00fcr&#8217;s Lesen und kommentieren und liebe Gr\u00fcsse,<\/p>\n<p>Stefan und Susanna<\/p>","protected":false},"excerpt":{"rendered":"<p>In der Zwischenzeit sind wir schon ziemlich viel weiter gereist, aber die Blogeintr\u00e4ge haben es noch nicht bis dahin geschafft. Hier kommt deshalb mal der n\u00e4chste. Wie im letzten Artikel geschrieben, haben wir die Lagunenroute an der Laguna Colarada abgebrochen und sind mit einem Jeep nach Uyuni gefahren. Was wir damit aber noch nicht gesehen [&hellip;]<\/p>\n","protected":false},"author":1346,"featured_media":6184,"comment_status":"open","ping_status":"open","sticky":false,"template":"","format":"standard","meta":{"jetpack_post_was_ever_published":false,"_jetpack_newsletter_access":"","_jetpack_dont_email_post_to_subs":false,"_jetpack_newsletter_tier_id":0,"_jetpack_memberships_contains_paywalled_content":false,"_jetpack_memberships_contains_paid_content":false,"footnotes":""},"categories":[12,459,434],"tags":[468,469,467,466,465],"class_list":{"0":"post-6181","1":"post","2":"type-post","3":"status-publish","4":"format-standard","5":"has-post-thumbnail","7":"category-bike-around-the-world","8":"category-bolivia-2016","9":"category-south-america-2016","10":"tag-bolivien","11":"tag-colchani","12":"tag-isla-incahuasi","13":"tag-salar-de-uyuni","14":"tag-uyuni","15":"czr-hentry"},"yoast_head":"<!-- This site is optimized with the Yoast SEO plugin v27.5 - https:\/\/yoast.com\/product\/yoast-seo-wordpress\/ -->\n<title>Salar de Uyuni: Unglaublich gross und weiss - biketravel.net<\/title>\n<meta name=\"description\" content=\"Cycling the Salar de Uyuni from Colchani to Isla Incahuasi and back. Mit dem Fahrrad \u00fcber den Salar de Uyuni von Colchani zur Isla Incahuasi und zur\u00fcck.\" \/>\n<meta name=\"robots\" content=\"index, follow, max-snippet:-1, max-image-preview:large, max-video-preview:-1\" \/>\n<link rel=\"canonical\" href=\"https:\/\/blog.biketravel.net\/de\/bike-around-the-world\/cycling-salar-de-uyuni-unbelievable-big-white\/\" \/>\n<meta name=\"twitter:label1\" content=\"Verfasst von\" \/>\n\t<meta name=\"twitter:data1\" content=\"Stefan\" \/>\n\t<meta name=\"twitter:label2\" content=\"Gesch\u00e4tzte Lesezeit\" \/>\n\t<meta name=\"twitter:data2\" content=\"2\u00a0Minuten\" \/>\n<script type=\"application\/ld+json\" class=\"yoast-schema-graph\">{\"@context\":\"https:\\\/\\\/schema.org\",\"@graph\":[{\"@type\":\"Article\",\"@id\":\"https:\\\/\\\/blog.biketravel.net\\\/de\\\/bike-around-the-world\\\/cycling-salar-de-uyuni-unbelievable-big-white\\\/#article\",\"isPartOf\":{\"@id\":\"https:\\\/\\\/blog.biketravel.net\\\/de\\\/bike-around-the-world\\\/cycling-salar-de-uyuni-unbelievable-big-white\\\/\"},\"author\":{\"name\":\"Stefan\",\"@id\":\"https:\\\/\\\/blog.biketravel.net\\\/de\\\/#\\\/schema\\\/person\\\/04a500e1a95d1b28af82cbf6aadf1654\"},\"headline\":\"Salar de Uyuni: Unglaublich gross und weiss\",\"datePublished\":\"2016-05-18T22:51:29+00:00\",\"mainEntityOfPage\":{\"@id\":\"https:\\\/\\\/blog.biketravel.net\\\/de\\\/bike-around-the-world\\\/cycling-salar-de-uyuni-unbelievable-big-white\\\/\"},\"wordCount\":507,\"commentCount\":5,\"image\":{\"@id\":\"https:\\\/\\\/blog.biketravel.net\\\/de\\\/bike-around-the-world\\\/cycling-salar-de-uyuni-unbelievable-big-white\\\/#primaryimage\"},\"thumbnailUrl\":\"https:\\\/\\\/i0.wp.com\\\/blog.biketravel.net\\\/wp-content\\\/uploads\\\/2016\\\/05\\\/MG_9539.jpg?fit=1600%2C1067&ssl=1\",\"keywords\":[\"Bolivien\",\"Colchani\",\"Isla Incahuasi\",\"Salar de Uyuni\",\"Uyuni\"],\"articleSection\":[\"Weltreise mit Fahrrad\",\"Bolivia 2016\",\"South America 2016\"],\"inLanguage\":\"de\",\"potentialAction\":[{\"@type\":\"CommentAction\",\"name\":\"Comment\",\"target\":[\"https:\\\/\\\/blog.biketravel.net\\\/de\\\/bike-around-the-world\\\/cycling-salar-de-uyuni-unbelievable-big-white\\\/#respond\"]}]},{\"@type\":\"WebPage\",\"@id\":\"https:\\\/\\\/blog.biketravel.net\\\/de\\\/bike-around-the-world\\\/cycling-salar-de-uyuni-unbelievable-big-white\\\/\",\"url\":\"https:\\\/\\\/blog.biketravel.net\\\/de\\\/bike-around-the-world\\\/cycling-salar-de-uyuni-unbelievable-big-white\\\/\",\"name\":\"Salar de Uyuni: Unglaublich gross und weiss - biketravel.net\",\"isPartOf\":{\"@id\":\"https:\\\/\\\/blog.biketravel.net\\\/de\\\/#website\"},\"primaryImageOfPage\":{\"@id\":\"https:\\\/\\\/blog.biketravel.net\\\/de\\\/bike-around-the-world\\\/cycling-salar-de-uyuni-unbelievable-big-white\\\/#primaryimage\"},\"image\":{\"@id\":\"https:\\\/\\\/blog.biketravel.net\\\/de\\\/bike-around-the-world\\\/cycling-salar-de-uyuni-unbelievable-big-white\\\/#primaryimage\"},\"thumbnailUrl\":\"https:\\\/\\\/i0.wp.com\\\/blog.biketravel.net\\\/wp-content\\\/uploads\\\/2016\\\/05\\\/MG_9539.jpg?fit=1600%2C1067&ssl=1\",\"datePublished\":\"2016-05-18T22:51:29+00:00\",\"author\":{\"@id\":\"https:\\\/\\\/blog.biketravel.net\\\/de\\\/#\\\/schema\\\/person\\\/04a500e1a95d1b28af82cbf6aadf1654\"},\"description\":\"Cycling the Salar de Uyuni from Colchani to Isla Incahuasi and back. Mit dem Fahrrad \u00fcber den Salar de Uyuni von Colchani zur Isla Incahuasi und zur\u00fcck.\",\"breadcrumb\":{\"@id\":\"https:\\\/\\\/blog.biketravel.net\\\/de\\\/bike-around-the-world\\\/cycling-salar-de-uyuni-unbelievable-big-white\\\/#breadcrumb\"},\"inLanguage\":\"de\",\"potentialAction\":[{\"@type\":\"ReadAction\",\"target\":[\"https:\\\/\\\/blog.biketravel.net\\\/de\\\/bike-around-the-world\\\/cycling-salar-de-uyuni-unbelievable-big-white\\\/\"]}]},{\"@type\":\"ImageObject\",\"inLanguage\":\"de\",\"@id\":\"https:\\\/\\\/blog.biketravel.net\\\/de\\\/bike-around-the-world\\\/cycling-salar-de-uyuni-unbelievable-big-white\\\/#primaryimage\",\"url\":\"https:\\\/\\\/i0.wp.com\\\/blog.biketravel.net\\\/wp-content\\\/uploads\\\/2016\\\/05\\\/MG_9539.jpg?fit=1600%2C1067&ssl=1\",\"contentUrl\":\"https:\\\/\\\/i0.wp.com\\\/blog.biketravel.net\\\/wp-content\\\/uploads\\\/2016\\\/05\\\/MG_9539.jpg?fit=1600%2C1067&ssl=1\",\"width\":1600,\"height\":1067,\"caption\":\"Susanna auf dem Salar Uyuni\"},{\"@type\":\"BreadcrumbList\",\"@id\":\"https:\\\/\\\/blog.biketravel.net\\\/de\\\/bike-around-the-world\\\/cycling-salar-de-uyuni-unbelievable-big-white\\\/#breadcrumb\",\"itemListElement\":[{\"@type\":\"ListItem\",\"position\":1,\"name\":\"Home\",\"item\":\"https:\\\/\\\/blog.biketravel.net\\\/de\\\/\"},{\"@type\":\"ListItem\",\"position\":2,\"name\":\"Salar de Uyuni: Unbelievable big and white\"}]},{\"@type\":\"WebSite\",\"@id\":\"https:\\\/\\\/blog.biketravel.net\\\/de\\\/#website\",\"url\":\"https:\\\/\\\/blog.biketravel.net\\\/de\\\/\",\"name\":\"Cycle the world - biketravel.net\",\"description\":\"A road full of adventures...\",\"potentialAction\":[{\"@type\":\"SearchAction\",\"target\":{\"@type\":\"EntryPoint\",\"urlTemplate\":\"https:\\\/\\\/blog.biketravel.net\\\/de\\\/?s={search_term_string}\"},\"query-input\":{\"@type\":\"PropertyValueSpecification\",\"valueRequired\":true,\"valueName\":\"search_term_string\"}}],\"inLanguage\":\"de\"},{\"@type\":\"Person\",\"@id\":\"https:\\\/\\\/blog.biketravel.net\\\/de\\\/#\\\/schema\\\/person\\\/04a500e1a95d1b28af82cbf6aadf1654\",\"name\":\"Stefan\",\"image\":{\"@type\":\"ImageObject\",\"inLanguage\":\"de\",\"@id\":\"https:\\\/\\\/secure.gravatar.com\\\/avatar\\\/ff0febd8768ebeba062b9d94931931cf09fad09f19ddd71ddaad9b8bd2166262?s=96&d=wavatar&r=g\",\"url\":\"https:\\\/\\\/secure.gravatar.com\\\/avatar\\\/ff0febd8768ebeba062b9d94931931cf09fad09f19ddd71ddaad9b8bd2166262?s=96&d=wavatar&r=g\",\"contentUrl\":\"https:\\\/\\\/secure.gravatar.com\\\/avatar\\\/ff0febd8768ebeba062b9d94931931cf09fad09f19ddd71ddaad9b8bd2166262?s=96&d=wavatar&r=g\",\"caption\":\"Stefan\"},\"description\":\"I'm a telecommunication engineer by profession and like to discover the world by bike. I think, that it is the perfect speed to move but still be in touch with the world and the people which live there. And I'm very happy, that my wife Susanna is joining me now on those adventures. If you are interested in other journeys we did so far, please also check my website www.biketravel.net. Stefan, Switzerland\",\"sameAs\":[\"http:\\\/\\\/www.biketravel.net\",\"https:\\\/\\\/x.com\\\/biketravelnet\"],\"url\":\"https:\\\/\\\/blog.biketravel.net\\\/de\\\/author\\\/admin\\\/\"}]}<\/script>\n<!-- \/ Yoast SEO plugin. -->","yoast_head_json":{"title":"Salar de Uyuni: Unglaublich gross und weiss - biketravel.net","description":"Cycling the Salar de Uyuni from Colchani to Isla Incahuasi and back. Mit dem Fahrrad \u00fcber den Salar de Uyuni von Colchani zur Isla Incahuasi und zur\u00fcck.","robots":{"index":"index","follow":"follow","max-snippet":"max-snippet:-1","max-image-preview":"max-image-preview:large","max-video-preview":"max-video-preview:-1"},"canonical":"https:\/\/blog.biketravel.net\/de\/bike-around-the-world\/cycling-salar-de-uyuni-unbelievable-big-white\/","twitter_misc":{"Verfasst von":"Stefan","Gesch\u00e4tzte Lesezeit":"2\u00a0Minuten"},"schema":{"@context":"https:\/\/schema.org","@graph":[{"@type":"Article","@id":"https:\/\/blog.biketravel.net\/de\/bike-around-the-world\/cycling-salar-de-uyuni-unbelievable-big-white\/#article","isPartOf":{"@id":"https:\/\/blog.biketravel.net\/de\/bike-around-the-world\/cycling-salar-de-uyuni-unbelievable-big-white\/"},"author":{"name":"Stefan","@id":"https:\/\/blog.biketravel.net\/de\/#\/schema\/person\/04a500e1a95d1b28af82cbf6aadf1654"},"headline":"Salar de Uyuni: Unglaublich gross und weiss","datePublished":"2016-05-18T22:51:29+00:00","mainEntityOfPage":{"@id":"https:\/\/blog.biketravel.net\/de\/bike-around-the-world\/cycling-salar-de-uyuni-unbelievable-big-white\/"},"wordCount":507,"commentCount":5,"image":{"@id":"https:\/\/blog.biketravel.net\/de\/bike-around-the-world\/cycling-salar-de-uyuni-unbelievable-big-white\/#primaryimage"},"thumbnailUrl":"https:\/\/i0.wp.com\/blog.biketravel.net\/wp-content\/uploads\/2016\/05\/MG_9539.jpg?fit=1600%2C1067&ssl=1","keywords":["Bolivien","Colchani","Isla Incahuasi","Salar de Uyuni","Uyuni"],"articleSection":["Weltreise mit Fahrrad","Bolivia 2016","South America 2016"],"inLanguage":"de","potentialAction":[{"@type":"CommentAction","name":"Comment","target":["https:\/\/blog.biketravel.net\/de\/bike-around-the-world\/cycling-salar-de-uyuni-unbelievable-big-white\/#respond"]}]},{"@type":"WebPage","@id":"https:\/\/blog.biketravel.net\/de\/bike-around-the-world\/cycling-salar-de-uyuni-unbelievable-big-white\/","url":"https:\/\/blog.biketravel.net\/de\/bike-around-the-world\/cycling-salar-de-uyuni-unbelievable-big-white\/","name":"Salar de Uyuni: Unglaublich gross und weiss - biketravel.net","isPartOf":{"@id":"https:\/\/blog.biketravel.net\/de\/#website"},"primaryImageOfPage":{"@id":"https:\/\/blog.biketravel.net\/de\/bike-around-the-world\/cycling-salar-de-uyuni-unbelievable-big-white\/#primaryimage"},"image":{"@id":"https:\/\/blog.biketravel.net\/de\/bike-around-the-world\/cycling-salar-de-uyuni-unbelievable-big-white\/#primaryimage"},"thumbnailUrl":"https:\/\/i0.wp.com\/blog.biketravel.net\/wp-content\/uploads\/2016\/05\/MG_9539.jpg?fit=1600%2C1067&ssl=1","datePublished":"2016-05-18T22:51:29+00:00","author":{"@id":"https:\/\/blog.biketravel.net\/de\/#\/schema\/person\/04a500e1a95d1b28af82cbf6aadf1654"},"description":"Cycling the Salar de Uyuni from Colchani to Isla Incahuasi and back. Mit dem Fahrrad \u00fcber den Salar de Uyuni von Colchani zur Isla Incahuasi und zur\u00fcck.","breadcrumb":{"@id":"https:\/\/blog.biketravel.net\/de\/bike-around-the-world\/cycling-salar-de-uyuni-unbelievable-big-white\/#breadcrumb"},"inLanguage":"de","potentialAction":[{"@type":"ReadAction","target":["https:\/\/blog.biketravel.net\/de\/bike-around-the-world\/cycling-salar-de-uyuni-unbelievable-big-white\/"]}]},{"@type":"ImageObject","inLanguage":"de","@id":"https:\/\/blog.biketravel.net\/de\/bike-around-the-world\/cycling-salar-de-uyuni-unbelievable-big-white\/#primaryimage","url":"https:\/\/i0.wp.com\/blog.biketravel.net\/wp-content\/uploads\/2016\/05\/MG_9539.jpg?fit=1600%2C1067&ssl=1","contentUrl":"https:\/\/i0.wp.com\/blog.biketravel.net\/wp-content\/uploads\/2016\/05\/MG_9539.jpg?fit=1600%2C1067&ssl=1","width":1600,"height":1067,"caption":"Susanna auf dem Salar Uyuni"},{"@type":"BreadcrumbList","@id":"https:\/\/blog.biketravel.net\/de\/bike-around-the-world\/cycling-salar-de-uyuni-unbelievable-big-white\/#breadcrumb","itemListElement":[{"@type":"ListItem","position":1,"name":"Home","item":"https:\/\/blog.biketravel.net\/de\/"},{"@type":"ListItem","position":2,"name":"Salar de Uyuni: Unbelievable big and white"}]},{"@type":"WebSite","@id":"https:\/\/blog.biketravel.net\/de\/#website","url":"https:\/\/blog.biketravel.net\/de\/","name":"Cycle the world - biketravel.net","description":"A road full of adventures...","potentialAction":[{"@type":"SearchAction","target":{"@type":"EntryPoint","urlTemplate":"https:\/\/blog.biketravel.net\/de\/?s={search_term_string}"},"query-input":{"@type":"PropertyValueSpecification","valueRequired":true,"valueName":"search_term_string"}}],"inLanguage":"de"},{"@type":"Person","@id":"https:\/\/blog.biketravel.net\/de\/#\/schema\/person\/04a500e1a95d1b28af82cbf6aadf1654","name":"Stefan","image":{"@type":"ImageObject","inLanguage":"de","@id":"https:\/\/secure.gravatar.com\/avatar\/ff0febd8768ebeba062b9d94931931cf09fad09f19ddd71ddaad9b8bd2166262?s=96&d=wavatar&r=g","url":"https:\/\/secure.gravatar.com\/avatar\/ff0febd8768ebeba062b9d94931931cf09fad09f19ddd71ddaad9b8bd2166262?s=96&d=wavatar&r=g","contentUrl":"https:\/\/secure.gravatar.com\/avatar\/ff0febd8768ebeba062b9d94931931cf09fad09f19ddd71ddaad9b8bd2166262?s=96&d=wavatar&r=g","caption":"Stefan"},"description":"I'm a telecommunication engineer by profession and like to discover the world by bike. I think, that it is the perfect speed to move but still be in touch with the world and the people which live there. And I'm very happy, that my wife Susanna is joining me now on those adventures. If you are interested in other journeys we did so far, please also check my website www.biketravel.net. Stefan, Switzerland","sameAs":["http:\/\/www.biketravel.net","https:\/\/x.com\/biketravelnet"],"url":"https:\/\/blog.biketravel.net\/de\/author\/admin\/"}]}},"jetpack_featured_media_url":"https:\/\/i0.wp.com\/blog.biketravel.net\/wp-content\/uploads\/2016\/05\/MG_9539.jpg?fit=1600%2C1067&ssl=1","jetpack_shortlink":"https:\/\/wp.me\/pcO9X7-1BH","jetpack_sharing_enabled":true,"_links":{"self":[{"href":"https:\/\/blog.biketravel.net\/de\/wp-json\/wp\/v2\/posts\/6181","targetHints":{"allow":["GET"]}}],"collection":[{"href":"https:\/\/blog.biketravel.net\/de\/wp-json\/wp\/v2\/posts"}],"about":[{"href":"https:\/\/blog.biketravel.net\/de\/wp-json\/wp\/v2\/types\/post"}],"author":[{"embeddable":true,"href":"https:\/\/blog.biketravel.net\/de\/wp-json\/wp\/v2\/users\/1346"}],"replies":[{"embeddable":true,"href":"https:\/\/blog.biketravel.net\/de\/wp-json\/wp\/v2\/comments?post=6181"}],"version-history":[{"count":6,"href":"https:\/\/blog.biketravel.net\/de\/wp-json\/wp\/v2\/posts\/6181\/revisions"}],"predecessor-version":[{"id":6192,"href":"https:\/\/blog.biketravel.net\/de\/wp-json\/wp\/v2\/posts\/6181\/revisions\/6192"}],"wp:featuredmedia":[{"embeddable":true,"href":"https:\/\/blog.biketravel.net\/de\/wp-json\/wp\/v2\/media\/6184"}],"wp:attachment":[{"href":"https:\/\/blog.biketravel.net\/de\/wp-json\/wp\/v2\/media?parent=6181"}],"wp:term":[{"taxonomy":"category","embeddable":true,"href":"https:\/\/blog.biketravel.net\/de\/wp-json\/wp\/v2\/categories?post=6181"},{"taxonomy":"post_tag","embeddable":true,"href":"https:\/\/blog.biketravel.net\/de\/wp-json\/wp\/v2\/tags?post=6181"}],"curies":[{"name":"wp","href":"https:\/\/api.w.org\/{rel}","templated":true}]}}