{"id":99,"date":"2009-12-02T18:45:30","date_gmt":"2009-12-02T16:45:30","guid":{"rendered":"https:\/\/blog.biketravel.net\/?p=99"},"modified":"2009-12-02T21:19:04","modified_gmt":"2009-12-02T19:19:04","slug":"es-kommt-anderst-als-man-denkt","status":"publish","type":"post","link":"https:\/\/blog.biketravel.net\/de\/santiago-to-ushuaia-by-bike\/es-kommt-anderst-als-man-denkt\/","title":{"rendered":"&#8230;kommt es anderst als man denkt."},"content":{"rendered":"<p>Eigentlich h\u00e4tte ich es wissen m\u00fcssen. Aber der Reihe nach.<br \/>\nHeute w\u00e4re ja geplant gewesen mit dem Zug von Santiago nach Chillan zu fahren. Ich bin deshalb zeitig aufgestanden, habe mein Zeugs fertig gepackt, mit einer Brasilianerin gefr\u00fchst\u00fcckt und habe mich dann auf den Weg gemacht. Und dies extra eine halbe Stunde fr\u00fcher als der Zug abfahren sollte. Nur hat mir dies leider nichts gen\u00fctzt, da mir am Bahnhof erkl\u00e4rt wurde, dass heute wegen einem Streik keine Z\u00fcge fahren. Aha.<br \/>\nIch blieb erstaunlich gelassen, auch als mich das chilenische Fernsehen noch nach meiner Meinung zu dieser Tatsache befragte. Viel zu erz\u00e4hlen gab es da ja nicht und sich zu \u00e4rgern h\u00e4tte auch nicht viel gebracht.<br \/>\nMein Problem war, dass ich nicht wirklich einen Plan B hatte. Ich \u00fcberlegte lange, ob ich einfach nach S\u00fcden fahren sollte. Da ich aber keine Lust hatte mich in das Verkehrsgetummel zu werfen und auch keine Ahnung hatte, wie es mit Unterk\u00fcnfte aussieht, beschloss ich wieder in die Jugi zur\u00fcck zu gehen und danach ein Ticket f\u00fcr den Bus zu kaufen.<br \/>\nDeshalb n\u00e4chster Versuch am Donnerstag Morgen. Diesmal mit dem Ziel Temuco. Ab dort sollte ich nicht mehr abh\u00e4ngig von irgendwelchen Z\u00fcgen und Bussen sein&#8230;<br \/>\nViele Gr\u00fcsse (zum hoffentlich letzten Male f\u00fcr ein paar Monate) aus Santiago,<br \/>\nStefan<\/p>","protected":false},"excerpt":{"rendered":"<p>Eigentlich h\u00e4tte ich es wissen m\u00fcssen. Aber der Reihe nach. Heute w\u00e4re ja geplant gewesen mit dem Zug von Santiago nach Chillan zu fahren. Ich bin deshalb zeitig aufgestanden, habe mein Zeugs fertig gepackt, mit einer Brasilianerin gefr\u00fchst\u00fcckt und habe mich dann auf den Weg gemacht. Und dies extra eine halbe Stunde fr\u00fcher als der [&hellip;]<\/p>\n","protected":false},"author":1346,"featured_media":0,"comment_status":"open","ping_status":"open","sticky":false,"template":"","format":"standard","meta":{"jetpack_post_was_ever_published":false,"_jetpack_newsletter_access":"","_jetpack_dont_email_post_to_subs":false,"_jetpack_newsletter_tier_id":0,"_jetpack_memberships_contains_paywalled_content":false,"_jetpack_memberships_contains_paid_content":false,"footnotes":""},"categories":[6],"tags":[],"class_list":{"0":"post-99","1":"post","2":"type-post","3":"status-publish","4":"format-standard","6":"category-santiago-to-ushuaia-by-bike","7":"czr-hentry"},"yoast_head":"<!-- This site is optimized with the Yoast SEO plugin v27.5 - https:\/\/yoast.com\/product\/yoast-seo-wordpress\/ -->\n<title>...kommt es anderst als man denkt. - biketravel.net<\/title>\n<meta name=\"robots\" content=\"index, follow, max-snippet:-1, max-image-preview:large, max-video-preview:-1\" \/>\n<link rel=\"canonical\" href=\"https:\/\/blog.biketravel.net\/de\/santiago-to-ushuaia-by-bike\/es-kommt-anderst-als-man-denkt\/\" \/>\n<meta name=\"twitter:label1\" content=\"Verfasst von\" \/>\n\t<meta name=\"twitter:data1\" content=\"Stefan\" \/>\n\t<meta name=\"twitter:label2\" content=\"Gesch\u00e4tzte Lesezeit\" \/>\n\t<meta name=\"twitter:data2\" content=\"2\u00a0Minuten\" \/>\n<script type=\"application\/ld+json\" class=\"yoast-schema-graph\">{\"@context\":\"https:\\\/\\\/schema.org\",\"@graph\":[{\"@type\":\"Article\",\"@id\":\"https:\\\/\\\/blog.biketravel.net\\\/de\\\/santiago-to-ushuaia-by-bike\\\/es-kommt-anderst-als-man-denkt\\\/#article\",\"isPartOf\":{\"@id\":\"https:\\\/\\\/blog.biketravel.net\\\/de\\\/santiago-to-ushuaia-by-bike\\\/es-kommt-anderst-als-man-denkt\\\/\"},\"author\":{\"name\":\"Stefan\",\"@id\":\"https:\\\/\\\/blog.biketravel.net\\\/de\\\/#\\\/schema\\\/person\\\/04a500e1a95d1b28af82cbf6aadf1654\"},\"headline\":\"&#8230;kommt es anderst als man denkt.\",\"datePublished\":\"2009-12-02T16:45:30+00:00\",\"dateModified\":\"2009-12-02T19:19:04+00:00\",\"mainEntityOfPage\":{\"@id\":\"https:\\\/\\\/blog.biketravel.net\\\/de\\\/santiago-to-ushuaia-by-bike\\\/es-kommt-anderst-als-man-denkt\\\/\"},\"wordCount\":431,\"commentCount\":0,\"articleSection\":[\"Santiago-Ushuaia per Fahrrad\"],\"inLanguage\":\"de\",\"potentialAction\":[{\"@type\":\"CommentAction\",\"name\":\"Comment\",\"target\":[\"https:\\\/\\\/blog.biketravel.net\\\/de\\\/santiago-to-ushuaia-by-bike\\\/es-kommt-anderst-als-man-denkt\\\/#respond\"]}]},{\"@type\":\"WebPage\",\"@id\":\"https:\\\/\\\/blog.biketravel.net\\\/de\\\/santiago-to-ushuaia-by-bike\\\/es-kommt-anderst-als-man-denkt\\\/\",\"url\":\"https:\\\/\\\/blog.biketravel.net\\\/de\\\/santiago-to-ushuaia-by-bike\\\/es-kommt-anderst-als-man-denkt\\\/\",\"name\":\"...kommt es anderst als man denkt. - biketravel.net\",\"isPartOf\":{\"@id\":\"https:\\\/\\\/blog.biketravel.net\\\/de\\\/#website\"},\"datePublished\":\"2009-12-02T16:45:30+00:00\",\"dateModified\":\"2009-12-02T19:19:04+00:00\",\"author\":{\"@id\":\"https:\\\/\\\/blog.biketravel.net\\\/de\\\/#\\\/schema\\\/person\\\/04a500e1a95d1b28af82cbf6aadf1654\"},\"breadcrumb\":{\"@id\":\"https:\\\/\\\/blog.biketravel.net\\\/de\\\/santiago-to-ushuaia-by-bike\\\/es-kommt-anderst-als-man-denkt\\\/#breadcrumb\"},\"inLanguage\":\"de\",\"potentialAction\":[{\"@type\":\"ReadAction\",\"target\":[\"https:\\\/\\\/blog.biketravel.net\\\/de\\\/santiago-to-ushuaia-by-bike\\\/es-kommt-anderst-als-man-denkt\\\/\"]}]},{\"@type\":\"BreadcrumbList\",\"@id\":\"https:\\\/\\\/blog.biketravel.net\\\/de\\\/santiago-to-ushuaia-by-bike\\\/es-kommt-anderst-als-man-denkt\\\/#breadcrumb\",\"itemListElement\":[{\"@type\":\"ListItem\",\"position\":1,\"name\":\"Home\",\"item\":\"https:\\\/\\\/blog.biketravel.net\\\/de\\\/\"},{\"@type\":\"ListItem\",\"position\":2,\"name\":\"&#8230;kommt es anderst als man denkt.\"}]},{\"@type\":\"WebSite\",\"@id\":\"https:\\\/\\\/blog.biketravel.net\\\/de\\\/#website\",\"url\":\"https:\\\/\\\/blog.biketravel.net\\\/de\\\/\",\"name\":\"Cycle the world - biketravel.net\",\"description\":\"A road full of adventures...\",\"potentialAction\":[{\"@type\":\"SearchAction\",\"target\":{\"@type\":\"EntryPoint\",\"urlTemplate\":\"https:\\\/\\\/blog.biketravel.net\\\/de\\\/?s={search_term_string}\"},\"query-input\":{\"@type\":\"PropertyValueSpecification\",\"valueRequired\":true,\"valueName\":\"search_term_string\"}}],\"inLanguage\":\"de\"},{\"@type\":\"Person\",\"@id\":\"https:\\\/\\\/blog.biketravel.net\\\/de\\\/#\\\/schema\\\/person\\\/04a500e1a95d1b28af82cbf6aadf1654\",\"name\":\"Stefan\",\"image\":{\"@type\":\"ImageObject\",\"inLanguage\":\"de\",\"@id\":\"https:\\\/\\\/secure.gravatar.com\\\/avatar\\\/ff0febd8768ebeba062b9d94931931cf09fad09f19ddd71ddaad9b8bd2166262?s=96&d=wavatar&r=g\",\"url\":\"https:\\\/\\\/secure.gravatar.com\\\/avatar\\\/ff0febd8768ebeba062b9d94931931cf09fad09f19ddd71ddaad9b8bd2166262?s=96&d=wavatar&r=g\",\"contentUrl\":\"https:\\\/\\\/secure.gravatar.com\\\/avatar\\\/ff0febd8768ebeba062b9d94931931cf09fad09f19ddd71ddaad9b8bd2166262?s=96&d=wavatar&r=g\",\"caption\":\"Stefan\"},\"description\":\"I'm a telecommunication engineer by profession and like to discover the world by bike. I think, that it is the perfect speed to move but still be in touch with the world and the people which live there. And I'm very happy, that my wife Susanna is joining me now on those adventures. If you are interested in other journeys we did so far, please also check my website www.biketravel.net. Stefan, Switzerland\",\"sameAs\":[\"http:\\\/\\\/www.biketravel.net\",\"https:\\\/\\\/x.com\\\/biketravelnet\"],\"url\":\"https:\\\/\\\/blog.biketravel.net\\\/de\\\/author\\\/admin\\\/\"}]}<\/script>\n<!-- \/ Yoast SEO plugin. -->","yoast_head_json":{"title":"...kommt es anderst als man denkt. - biketravel.net","robots":{"index":"index","follow":"follow","max-snippet":"max-snippet:-1","max-image-preview":"max-image-preview:large","max-video-preview":"max-video-preview:-1"},"canonical":"https:\/\/blog.biketravel.net\/de\/santiago-to-ushuaia-by-bike\/es-kommt-anderst-als-man-denkt\/","twitter_misc":{"Verfasst von":"Stefan","Gesch\u00e4tzte Lesezeit":"2\u00a0Minuten"},"schema":{"@context":"https:\/\/schema.org","@graph":[{"@type":"Article","@id":"https:\/\/blog.biketravel.net\/de\/santiago-to-ushuaia-by-bike\/es-kommt-anderst-als-man-denkt\/#article","isPartOf":{"@id":"https:\/\/blog.biketravel.net\/de\/santiago-to-ushuaia-by-bike\/es-kommt-anderst-als-man-denkt\/"},"author":{"name":"Stefan","@id":"https:\/\/blog.biketravel.net\/de\/#\/schema\/person\/04a500e1a95d1b28af82cbf6aadf1654"},"headline":"&#8230;kommt es anderst als man denkt.","datePublished":"2009-12-02T16:45:30+00:00","dateModified":"2009-12-02T19:19:04+00:00","mainEntityOfPage":{"@id":"https:\/\/blog.biketravel.net\/de\/santiago-to-ushuaia-by-bike\/es-kommt-anderst-als-man-denkt\/"},"wordCount":431,"commentCount":0,"articleSection":["Santiago-Ushuaia per Fahrrad"],"inLanguage":"de","potentialAction":[{"@type":"CommentAction","name":"Comment","target":["https:\/\/blog.biketravel.net\/de\/santiago-to-ushuaia-by-bike\/es-kommt-anderst-als-man-denkt\/#respond"]}]},{"@type":"WebPage","@id":"https:\/\/blog.biketravel.net\/de\/santiago-to-ushuaia-by-bike\/es-kommt-anderst-als-man-denkt\/","url":"https:\/\/blog.biketravel.net\/de\/santiago-to-ushuaia-by-bike\/es-kommt-anderst-als-man-denkt\/","name":"...kommt es anderst als man denkt. - biketravel.net","isPartOf":{"@id":"https:\/\/blog.biketravel.net\/de\/#website"},"datePublished":"2009-12-02T16:45:30+00:00","dateModified":"2009-12-02T19:19:04+00:00","author":{"@id":"https:\/\/blog.biketravel.net\/de\/#\/schema\/person\/04a500e1a95d1b28af82cbf6aadf1654"},"breadcrumb":{"@id":"https:\/\/blog.biketravel.net\/de\/santiago-to-ushuaia-by-bike\/es-kommt-anderst-als-man-denkt\/#breadcrumb"},"inLanguage":"de","potentialAction":[{"@type":"ReadAction","target":["https:\/\/blog.biketravel.net\/de\/santiago-to-ushuaia-by-bike\/es-kommt-anderst-als-man-denkt\/"]}]},{"@type":"BreadcrumbList","@id":"https:\/\/blog.biketravel.net\/de\/santiago-to-ushuaia-by-bike\/es-kommt-anderst-als-man-denkt\/#breadcrumb","itemListElement":[{"@type":"ListItem","position":1,"name":"Home","item":"https:\/\/blog.biketravel.net\/de\/"},{"@type":"ListItem","position":2,"name":"&#8230;kommt es anderst als man denkt."}]},{"@type":"WebSite","@id":"https:\/\/blog.biketravel.net\/de\/#website","url":"https:\/\/blog.biketravel.net\/de\/","name":"Cycle the world - biketravel.net","description":"A road full of adventures...","potentialAction":[{"@type":"SearchAction","target":{"@type":"EntryPoint","urlTemplate":"https:\/\/blog.biketravel.net\/de\/?s={search_term_string}"},"query-input":{"@type":"PropertyValueSpecification","valueRequired":true,"valueName":"search_term_string"}}],"inLanguage":"de"},{"@type":"Person","@id":"https:\/\/blog.biketravel.net\/de\/#\/schema\/person\/04a500e1a95d1b28af82cbf6aadf1654","name":"Stefan","image":{"@type":"ImageObject","inLanguage":"de","@id":"https:\/\/secure.gravatar.com\/avatar\/ff0febd8768ebeba062b9d94931931cf09fad09f19ddd71ddaad9b8bd2166262?s=96&d=wavatar&r=g","url":"https:\/\/secure.gravatar.com\/avatar\/ff0febd8768ebeba062b9d94931931cf09fad09f19ddd71ddaad9b8bd2166262?s=96&d=wavatar&r=g","contentUrl":"https:\/\/secure.gravatar.com\/avatar\/ff0febd8768ebeba062b9d94931931cf09fad09f19ddd71ddaad9b8bd2166262?s=96&d=wavatar&r=g","caption":"Stefan"},"description":"I'm a telecommunication engineer by profession and like to discover the world by bike. I think, that it is the perfect speed to move but still be in touch with the world and the people which live there. And I'm very happy, that my wife Susanna is joining me now on those adventures. If you are interested in other journeys we did so far, please also check my website www.biketravel.net. Stefan, Switzerland","sameAs":["http:\/\/www.biketravel.net","https:\/\/x.com\/biketravelnet"],"url":"https:\/\/blog.biketravel.net\/de\/author\/admin\/"}]}},"jetpack_featured_media_url":"","jetpack_shortlink":"https:\/\/wp.me\/pcO9X7-1B","jetpack_sharing_enabled":true,"_links":{"self":[{"href":"https:\/\/blog.biketravel.net\/de\/wp-json\/wp\/v2\/posts\/99","targetHints":{"allow":["GET"]}}],"collection":[{"href":"https:\/\/blog.biketravel.net\/de\/wp-json\/wp\/v2\/posts"}],"about":[{"href":"https:\/\/blog.biketravel.net\/de\/wp-json\/wp\/v2\/types\/post"}],"author":[{"embeddable":true,"href":"https:\/\/blog.biketravel.net\/de\/wp-json\/wp\/v2\/users\/1346"}],"replies":[{"embeddable":true,"href":"https:\/\/blog.biketravel.net\/de\/wp-json\/wp\/v2\/comments?post=99"}],"version-history":[{"count":0,"href":"https:\/\/blog.biketravel.net\/de\/wp-json\/wp\/v2\/posts\/99\/revisions"}],"wp:attachment":[{"href":"https:\/\/blog.biketravel.net\/de\/wp-json\/wp\/v2\/media?parent=99"}],"wp:term":[{"taxonomy":"category","embeddable":true,"href":"https:\/\/blog.biketravel.net\/de\/wp-json\/wp\/v2\/categories?post=99"},{"taxonomy":"post_tag","embeddable":true,"href":"https:\/\/blog.biketravel.net\/de\/wp-json\/wp\/v2\/tags?post=99"}],"curies":[{"name":"wp","href":"https:\/\/api.w.org\/{rel}","templated":true}]}}